{"id":7690,"date":"2021-11-25T17:20:37","date_gmt":"2021-11-25T23:20:37","guid":{"rendered":"https:\/\/revistapotencialhumano.com.mx\/publicaciones\/?p=7690"},"modified":"2021-11-25T17:20:47","modified_gmt":"2021-11-25T23:20:47","slug":"fomentar-un-entorno-de-ti-a-la-medida-del-futuro-laboral-con-inside-azure-para-ti","status":"publish","type":"post","link":"https:\/\/revistapotencialhumano.com.mx\/publicaciones\/fomentar-un-entorno-de-ti-a-la-medida-del-futuro-laboral-con-inside-azure-para-ti\/","title":{"rendered":"Fomentar un entorno de TI a la medida del futuro laboral con Inside Azure para TI"},"content":{"rendered":"\n<p><strong><strong>Microsoft<\/strong><\/strong><\/p>\n\n\n\n<figure class=\"wp-block-image size-large\"><img loading=\"lazy\" decoding=\"async\" width=\"1200\" height=\"630\" src=\"https:\/\/revistapotencialhumano.com.mx\/publicaciones\/wp-content\/uploads\/2021\/11\/Microsoft-fomentar-un-entorno_1.jpg\" alt=\"\" class=\"wp-image-7691\" srcset=\"https:\/\/revistapotencialhumano.com.mx\/publicaciones\/wp-content\/uploads\/2021\/11\/Microsoft-fomentar-un-entorno_1.jpg 1200w, https:\/\/revistapotencialhumano.com.mx\/publicaciones\/wp-content\/uploads\/2021\/11\/Microsoft-fomentar-un-entorno_1-610x320.jpg 610w\" sizes=\"(max-width: 1200px) 100vw, 1200px\" \/><\/figure>\n\n\n\n<p><strong>Ciudad de M\u00e9xico, noviembre de 2021.\u2013<\/strong><strong>&nbsp;<\/strong>Microsoft anunci\u00f3&nbsp;<a href=\"https:\/\/azure.microsoft.com\/en-us\/blog\/enhance-your-cloud-skills-and-accelerate-digital-transformation-with-inside-azure-for-it\/\">Inside Azure para TI<\/a>, una plataforma t\u00e9cnica en l\u00ednea dise\u00f1ada para apoyar a los profesionales de la nube a transformar las operaciones de TI con datos, recomendaciones y mejores pr\u00e1cticas de Azure. Esta iniciativa parte de la alta demanda e inter\u00e9s de los usuarios de&nbsp;<a href=\"https:\/\/azure.microsoft.com\/en-us\/overview\/what-is-azure\/iaas\/it-resources\/?wt.mc_id=IAFITc\">Inside Azure para TI<\/a>&nbsp;como un espacio para conectarse y colaborar desde virtualmente cualquier lugar. Con este programa los especialistas podr\u00e1n participar de&nbsp;<a href=\"https:\/\/techcommunity.microsoft.com\/t5\/azure-infrastructure\/inside-azure-for-it-ask-the-product-experts-live-save-the-date\/ba-p\/2461257\">sesiones mensuales en vivo con expertos de producto<\/a>&nbsp;u obtener conocimientos de la nueva serie de videos encabezada por el equipo ejecutivo de Azure.&nbsp;<\/p>\n\n\n\n<p>Actualmente las habilidades y roles relacionados con el sector de TI cobran cada vez mayor relevancia y complejidad, especialmente frente al reto de habilitar entornos y modelos de trabajo h\u00edbrido \u2014ya sea con empleados locales o alrededor del mundo. Esto ha implicado una mayor adopci\u00f3n de la nube y a un ritmo acelerado, al tiempo que se busca optimizar el trabajo con equipos internos y desarrolladores para garantizar la seguridad, disponibilidad y consistencia administrativa de los datos.<\/p>\n\n\n\n<p>De acuerdo con un&nbsp;<a href=\"https:\/\/get.oreilly.com\/ind_the-cloud-in-2021-adoption-continues.html\">estudio de O\u2019Reily<\/a><a href=\"applewebdata:\/\/35573B2B-BD2B-4DB0-966B-3F933FF4CDB3#_ftn1\"><sup>[1]<\/sup><\/a>, 88% de las compa\u00f1\u00edas a nivel mundial cuentan con tecnolog\u00edas de nube dentro de su negocio o han desplegado un plan de adopci\u00f3n alrededor de estos servicios. De estas, 47% est\u00e1n desarrollando un proceso de migraci\u00f3n, mientras que 30% se consideran nativas digitales. Ante este panorama, los especialistas en tecnolog\u00edas de nube se han convertido en un perfil de alta demanda, al grado que las&nbsp;<a href=\"https:\/\/business.linkedin.com\/es-mx\/talent-solutions\/resources\/talent-acquisition\/jobs-on-the-rise-cont-fact\">vacantes en el sector tecnol\u00f3gico en M\u00e9xico se incrementaron un 57% durante el 2020<\/a><a href=\"applewebdata:\/\/35573B2B-BD2B-4DB0-966B-3F933FF4CDB3#_ftn2\"><sup>[2]<\/sup><\/a>.<\/p>\n\n\n\n<p>Tomando en cuenta que las&nbsp;<a href=\"https:\/\/empleosti.com.mx\/mercado-laboral-ti-reporte\">capacitaciones y certificaciones figuran como las prestaciones m\u00e1s valoradas por los profesionales de TI<\/a><a href=\"applewebdata:\/\/35573B2B-BD2B-4DB0-966B-3F933FF4CDB3#_ftn3\"><sup>[3]<\/sup><\/a>, los recursos t\u00e9cnicos que despliega Microsoft a trav\u00e9s de la plataforma Inside Azure para TI se convierten en activos clave para un perfil especializado cr\u00edtico para los negocios modernos. De este modo, algunas de las recomendaciones clave para establecer entornos de trabajo h\u00edbrido de forma eficiente, segura y escalable, independientemente del tama\u00f1o o tipo de empresa, son:<\/p>\n\n\n\n<ul><li><strong>Conectar a los equipos de trabajo con Microsoft 365 y Azure.&nbsp;<\/strong>Se estima que&nbsp;<a href=\"https:\/\/www.microsoft.com\/en-us\/worklab\/work-trend-index\/hybrid-work\">66% de los l\u00edderes empresariales est\u00e1n considerando redise\u00f1ar los espacios de oficina para el trabajo h\u00edbrido<\/a><a href=\"applewebdata:\/\/35573B2B-BD2B-4DB0-966B-3F933FF4CDB3#_ftn4\"><sup>[4]<\/sup><\/a>, por lo que la gesti\u00f3n de permisos, accesos y flujo de informaci\u00f3n requerir\u00e1 mayor transparencia y flexibilidad operativa. Para lograr esto, el departamento de TI necesita realizar una estrategia cr\u00edtica que&nbsp;<a href=\"https:\/\/aka.ms\/Episode2-pt1\">permita a los usuarios trabajar de forma segura desde pr\u00e1cticamente cualquier lugar y dispositivo<\/a>. M\u00e1s que garantizar la inducci\u00f3n de los empleados nuevos al sistema, es necesario construir resiliencia y agilidad con herramientas que empoderen a las personas.<\/li><li><strong>Gestionar entornos de TI h\u00edbridos y distribuidos a escala.&nbsp;<\/strong>En el \u00faltimo a\u00f1o&nbsp;<a href=\"https:\/\/www.goodrebels.com\/es\/rebelthinking\/whitepapers\/ii-estudio-de-transformacion-digital-en-mexico\/\">81% de las empresas mexicanas ha puesto en marcha proyectos de transformaci\u00f3n digital<\/a><a href=\"applewebdata:\/\/35573B2B-BD2B-4DB0-966B-3F933FF4CDB3#_ftn5\"><sup>[5]<\/sup><\/a>, por lo que la gobernanza de datos, pol\u00edticas e infraestructura resulta m\u00e1s importante que nunca.&nbsp;<a href=\"https:\/\/aka.ms\/Episode2-pt2\">Modernizar procesos de negocio y sistemas legados a la nube<\/a>&nbsp;puede ayudar a optimizar la forma en que operan las organizaciones, haciendo m\u00e1s sencillo el control, monitoreo y protecci\u00f3n de los recursos, sin importar su ubicaci\u00f3n f\u00edsica y haciendo los procesos m\u00e1s sencillos e intuitivos.<\/li><li><strong>Emplear DevOps para construir aplicaciones nativas en la nube.&nbsp;<\/strong>Innovar de adentro hacia afuera debe ser una prioridad para los negocios, se pronostica que el segmento de aplicaciones empresariales en la nube mantendr\u00e1 una curva positiva en los pr\u00f3ximos a\u00f1os, con c\u00e1lculos que se\u00f1alan la construcci\u00f3n de&nbsp;<a href=\"https:\/\/www.idc.com\/getdoc.jsp?containerId=prUS45613519\">m\u00e1s de 500 millones de nuevas aplicaciones entre 2019 y 2023<\/a><a href=\"applewebdata:\/\/35573B2B-BD2B-4DB0-966B-3F933FF4CDB3#_ftn6\"><sup>[6]<\/sup><\/a>. Es por esto que,&nbsp;<a href=\"https:\/\/aka.ms\/Episode2-pt3\">generar buenas pr\u00e1cticas e incentivar la colaboraci\u00f3n con los equipos de desarrollo para desplegar aplicaciones nativas en la nube<\/a>&nbsp;puede ser un elemento fundamental para impulsar la transformaci\u00f3n digital.&nbsp;<\/li><\/ul>\n\n\n\n<p>Atendiendo estas preocupaciones, la plataforma de Microsoft Azure ofrece estos webinars espec\u00edficos que ayuden a los profesionales de TI a adaptarse de forma amigable y fluida a los retos del trabajo h\u00edbrido. Puedes conocer m\u00e1s profundamente los recursos y habilidades para la nube que ofrece Microsoft a los profesionales de sistemas en&nbsp;<a href=\"https:\/\/azure.microsoft.com\/en-us\/overview\/what-is-azure\/iaas\/it-resources\/?wt.mc_id=IAFITc\">Inside Azure para TI<\/a>.<\/p>\n\n\n\n<hr class=\"wp-block-separator\"\/>\n","protected":false},"excerpt":{"rendered":"<p>Actualmente las habilidades y roles relacionados con el sector de TI cobran cada vez mayor relevancia y complejidad, especialmente frente al reto de habilitar entornos y modelos de trabajo h\u00edbrido&#8230;<\/p>\n","protected":false},"author":6,"featured_media":7692,"comment_status":"closed","ping_status":"closed","sticky":false,"template":"","format":"standard","meta":{"_et_pb_use_builder":"off","_et_pb_old_content":"","_et_gb_content_width":"","footnotes":""},"categories":[132,704],"tags":[260,463,341,245,261,711],"yoast_head":"<!-- This site is optimized with the Yoast SEO plugin v22.1 - https:\/\/yoast.com\/wordpress\/plugins\/seo\/ -->\n<title>Fomentar un entorno de TI a la medida del futuro laboral con Inside Azure para TI - Revista Potencial Humano<\/title>\n<meta name=\"description\" content=\"Actualmente las habilidades y roles relacionados con el sector de TI cobran cada vez mayor relevancia y complejidad, especialmente frente al reto de habilitar entornos y modelos de trabajo h\u00edbrido...\" \/>\n<meta name=\"robots\" content=\"index, follow, max-snippet:-1, max-image-preview:large, max-video-preview:-1\" \/>\n<link rel=\"canonical\" href=\"https:\/\/revistapotencialhumano.com.mx\/publicaciones\/fomentar-un-entorno-de-ti-a-la-medida-del-futuro-laboral-con-inside-azure-para-ti\/\" \/>\n<meta property=\"og:locale\" content=\"es_ES\" \/>\n<meta property=\"og:type\" content=\"article\" \/>\n<meta property=\"og:title\" content=\"Fomentar un entorno de TI a la medida del futuro laboral con Inside Azure para TI\" \/>\n<meta property=\"og:description\" content=\"Actualmente las habilidades y roles relacionados con el sector de TI cobran cada vez mayor relevancia y complejidad, especialmente frente al reto de habilitar entornos y modelos de trabajo h\u00edbrido...\" \/>\n<meta property=\"og:url\" content=\"https:\/\/revistapotencialhumano.com.mx\/publicaciones\/fomentar-un-entorno-de-ti-a-la-medida-del-futuro-laboral-con-inside-azure-para-ti\/\" \/>\n<meta property=\"og:site_name\" content=\"Revista Potencial Humano\" \/>\n<meta property=\"article:publisher\" content=\"https:\/\/www.facebook.com\/RPotencialHumano\" \/>\n<meta property=\"article:published_time\" content=\"2021-11-25T23:20:37+00:00\" \/>\n<meta property=\"article:modified_time\" content=\"2021-11-25T23:20:47+00:00\" \/>\n<meta property=\"og:image\" content=\"https:\/\/revistapotencialhumano.com.mx\/publicaciones\/wp-content\/uploads\/2021\/11\/Microsoft-fomentar-un-entorno_1.jpg\" \/>\n\t<meta property=\"og:image:width\" content=\"1200\" \/>\n\t<meta property=\"og:image:height\" content=\"630\" \/>\n\t<meta property=\"og:image:type\" content=\"image\/jpeg\" \/>\n<meta name=\"author\" content=\"C\u00e9sar Guillermo Ju\u00e1rez Aldana\" \/>\n<meta name=\"twitter:card\" content=\"summary_large_image\" \/>\n<meta name=\"twitter:label1\" content=\"Written by\" \/>\n\t<meta name=\"twitter:data1\" content=\"C\u00e9sar Guillermo Ju\u00e1rez Aldana\" \/>\n\t<meta name=\"twitter:label2\" content=\"Est. reading time\" \/>\n\t<meta name=\"twitter:data2\" content=\"4 minutos\" \/>\n<script type=\"application\/ld+json\" class=\"yoast-schema-graph\">{\"@context\":\"https:\/\/schema.org\",\"@graph\":[{\"@type\":\"Article\",\"@id\":\"https:\/\/revistapotencialhumano.com.mx\/publicaciones\/fomentar-un-entorno-de-ti-a-la-medida-del-futuro-laboral-con-inside-azure-para-ti\/#article\",\"isPartOf\":{\"@id\":\"https:\/\/revistapotencialhumano.com.mx\/publicaciones\/fomentar-un-entorno-de-ti-a-la-medida-del-futuro-laboral-con-inside-azure-para-ti\/\"},\"author\":{\"name\":\"C\u00e9sar Guillermo Ju\u00e1rez Aldana\",\"@id\":\"https:\/\/revistapotencialhumano.com.mx\/publicaciones\/#\/schema\/person\/8854d64a87ad95f7ae27a8c3c9252d90\"},\"headline\":\"Fomentar un entorno de TI a la medida del futuro laboral con Inside Azure para TI\",\"datePublished\":\"2021-11-25T23:20:37+00:00\",\"dateModified\":\"2021-11-25T23:20:47+00:00\",\"mainEntityOfPage\":{\"@id\":\"https:\/\/revistapotencialhumano.com.mx\/publicaciones\/fomentar-un-entorno-de-ti-a-la-medida-del-futuro-laboral-con-inside-azure-para-ti\/\"},\"wordCount\":755,\"publisher\":{\"@id\":\"https:\/\/revistapotencialhumano.com.mx\/publicaciones\/#organization\"},\"keywords\":[\"empresas\",\"informaci\u00f3n\",\"microsoft\",\"seguridad\",\"tecnolog\u00eda\",\"TI\"],\"articleSection\":[\"Noticias\",\"Noviembre - Diciembre - 2021\"],\"inLanguage\":\"es\"},{\"@type\":\"WebPage\",\"@id\":\"https:\/\/revistapotencialhumano.com.mx\/publicaciones\/fomentar-un-entorno-de-ti-a-la-medida-del-futuro-laboral-con-inside-azure-para-ti\/\",\"url\":\"https:\/\/revistapotencialhumano.com.mx\/publicaciones\/fomentar-un-entorno-de-ti-a-la-medida-del-futuro-laboral-con-inside-azure-para-ti\/\",\"name\":\"Fomentar un entorno de TI a la medida del futuro laboral con Inside Azure para TI - Revista Potencial Humano\",\"isPartOf\":{\"@id\":\"https:\/\/revistapotencialhumano.com.mx\/publicaciones\/#website\"},\"datePublished\":\"2021-11-25T23:20:37+00:00\",\"dateModified\":\"2021-11-25T23:20:47+00:00\",\"description\":\"Actualmente las habilidades y roles relacionados con el sector de TI cobran cada vez mayor relevancia y complejidad, especialmente frente al reto de habilitar entornos y modelos de trabajo h\u00edbrido...\",\"breadcrumb\":{\"@id\":\"https:\/\/revistapotencialhumano.com.mx\/publicaciones\/fomentar-un-entorno-de-ti-a-la-medida-del-futuro-laboral-con-inside-azure-para-ti\/#breadcrumb\"},\"inLanguage\":\"es\",\"potentialAction\":[{\"@type\":\"ReadAction\",\"target\":[\"https:\/\/revistapotencialhumano.com.mx\/publicaciones\/fomentar-un-entorno-de-ti-a-la-medida-del-futuro-laboral-con-inside-azure-para-ti\/\"]}]},{\"@type\":\"BreadcrumbList\",\"@id\":\"https:\/\/revistapotencialhumano.com.mx\/publicaciones\/fomentar-un-entorno-de-ti-a-la-medida-del-futuro-laboral-con-inside-azure-para-ti\/#breadcrumb\",\"itemListElement\":[{\"@type\":\"ListItem\",\"position\":1,\"name\":\"Home\",\"item\":\"https:\/\/revistapotencialhumano.com.mx\/publicaciones\/\"},{\"@type\":\"ListItem\",\"position\":2,\"name\":\"Fomentar un entorno de TI a la medida del futuro laboral con Inside Azure para TI\"}]},{\"@type\":\"WebSite\",\"@id\":\"https:\/\/revistapotencialhumano.com.mx\/publicaciones\/#website\",\"url\":\"https:\/\/revistapotencialhumano.com.mx\/publicaciones\/\",\"name\":\"Revista Potencial Humano\",\"description\":\"Revista Potencial Humano, publicaciones, podcast\",\"publisher\":{\"@id\":\"https:\/\/revistapotencialhumano.com.mx\/publicaciones\/#organization\"},\"potentialAction\":[{\"@type\":\"SearchAction\",\"target\":{\"@type\":\"EntryPoint\",\"urlTemplate\":\"https:\/\/revistapotencialhumano.com.mx\/publicaciones\/?s={search_term_string}\"},\"query-input\":\"required name=search_term_string\"}],\"inLanguage\":\"es\"},{\"@type\":\"Organization\",\"@id\":\"https:\/\/revistapotencialhumano.com.mx\/publicaciones\/#organization\",\"name\":\"Revista Potencial Humano\",\"url\":\"https:\/\/revistapotencialhumano.com.mx\/publicaciones\/\",\"logo\":{\"@type\":\"ImageObject\",\"inLanguage\":\"es\",\"@id\":\"https:\/\/revistapotencialhumano.com.mx\/publicaciones\/#\/schema\/logo\/image\/\",\"url\":\"https:\/\/revistapotencialhumano.com.mx\/publicaciones\/wp-content\/uploads\/2019\/05\/icon-potencial-humano.png\",\"contentUrl\":\"https:\/\/revistapotencialhumano.com.mx\/publicaciones\/wp-content\/uploads\/2019\/05\/icon-potencial-humano.png\",\"width\":512,\"height\":512,\"caption\":\"Revista Potencial Humano\"},\"image\":{\"@id\":\"https:\/\/revistapotencialhumano.com.mx\/publicaciones\/#\/schema\/logo\/image\/\"},\"sameAs\":[\"https:\/\/www.facebook.com\/RPotencialHumano\",\"https:\/\/www.instagram.com\/rpotencialhumano\/\"]},{\"@type\":\"Person\",\"@id\":\"https:\/\/revistapotencialhumano.com.mx\/publicaciones\/#\/schema\/person\/8854d64a87ad95f7ae27a8c3c9252d90\",\"name\":\"C\u00e9sar Guillermo Ju\u00e1rez Aldana\",\"image\":{\"@type\":\"ImageObject\",\"inLanguage\":\"es\",\"@id\":\"https:\/\/revistapotencialhumano.com.mx\/publicaciones\/#\/schema\/person\/image\/\",\"url\":\"https:\/\/secure.gravatar.com\/avatar\/3f3511524a092905471636d35d45f7e2?s=96&d=retro&r=g\",\"contentUrl\":\"https:\/\/secure.gravatar.com\/avatar\/3f3511524a092905471636d35d45f7e2?s=96&d=retro&r=g\",\"caption\":\"C\u00e9sar Guillermo Ju\u00e1rez Aldana\"}}]}<\/script>\n<!-- \/ Yoast SEO plugin. -->","yoast_head_json":{"title":"Fomentar un entorno de TI a la medida del futuro laboral con Inside Azure para TI - Revista Potencial Humano","description":"Actualmente las habilidades y roles relacionados con el sector de TI cobran cada vez mayor relevancia y complejidad, especialmente frente al reto de habilitar entornos y modelos de trabajo h\u00edbrido...","robots":{"index":"index","follow":"follow","max-snippet":"max-snippet:-1","max-image-preview":"max-image-preview:large","max-video-preview":"max-video-preview:-1"},"canonical":"https:\/\/revistapotencialhumano.com.mx\/publicaciones\/fomentar-un-entorno-de-ti-a-la-medida-del-futuro-laboral-con-inside-azure-para-ti\/","og_locale":"es_ES","og_type":"article","og_title":"Fomentar un entorno de TI a la medida del futuro laboral con Inside Azure para TI","og_description":"Actualmente las habilidades y roles relacionados con el sector de TI cobran cada vez mayor relevancia y complejidad, especialmente frente al reto de habilitar entornos y modelos de trabajo h\u00edbrido...","og_url":"https:\/\/revistapotencialhumano.com.mx\/publicaciones\/fomentar-un-entorno-de-ti-a-la-medida-del-futuro-laboral-con-inside-azure-para-ti\/","og_site_name":"Revista Potencial Humano","article_publisher":"https:\/\/www.facebook.com\/RPotencialHumano","article_published_time":"2021-11-25T23:20:37+00:00","article_modified_time":"2021-11-25T23:20:47+00:00","og_image":[{"width":1200,"height":630,"url":"https:\/\/revistapotencialhumano.com.mx\/publicaciones\/wp-content\/uploads\/2021\/11\/Microsoft-fomentar-un-entorno_1.jpg","type":"image\/jpeg"}],"author":"C\u00e9sar Guillermo Ju\u00e1rez Aldana","twitter_card":"summary_large_image","twitter_misc":{"Written by":"C\u00e9sar Guillermo Ju\u00e1rez Aldana","Est. reading time":"4 minutos"},"schema":{"@context":"https:\/\/schema.org","@graph":[{"@type":"Article","@id":"https:\/\/revistapotencialhumano.com.mx\/publicaciones\/fomentar-un-entorno-de-ti-a-la-medida-del-futuro-laboral-con-inside-azure-para-ti\/#article","isPartOf":{"@id":"https:\/\/revistapotencialhumano.com.mx\/publicaciones\/fomentar-un-entorno-de-ti-a-la-medida-del-futuro-laboral-con-inside-azure-para-ti\/"},"author":{"name":"C\u00e9sar Guillermo Ju\u00e1rez Aldana","@id":"https:\/\/revistapotencialhumano.com.mx\/publicaciones\/#\/schema\/person\/8854d64a87ad95f7ae27a8c3c9252d90"},"headline":"Fomentar un entorno de TI a la medida del futuro laboral con Inside Azure para TI","datePublished":"2021-11-25T23:20:37+00:00","dateModified":"2021-11-25T23:20:47+00:00","mainEntityOfPage":{"@id":"https:\/\/revistapotencialhumano.com.mx\/publicaciones\/fomentar-un-entorno-de-ti-a-la-medida-del-futuro-laboral-con-inside-azure-para-ti\/"},"wordCount":755,"publisher":{"@id":"https:\/\/revistapotencialhumano.com.mx\/publicaciones\/#organization"},"keywords":["empresas","informaci\u00f3n","microsoft","seguridad","tecnolog\u00eda","TI"],"articleSection":["Noticias","Noviembre - Diciembre - 2021"],"inLanguage":"es"},{"@type":"WebPage","@id":"https:\/\/revistapotencialhumano.com.mx\/publicaciones\/fomentar-un-entorno-de-ti-a-la-medida-del-futuro-laboral-con-inside-azure-para-ti\/","url":"https:\/\/revistapotencialhumano.com.mx\/publicaciones\/fomentar-un-entorno-de-ti-a-la-medida-del-futuro-laboral-con-inside-azure-para-ti\/","name":"Fomentar un entorno de TI a la medida del futuro laboral con Inside Azure para TI - Revista Potencial Humano","isPartOf":{"@id":"https:\/\/revistapotencialhumano.com.mx\/publicaciones\/#website"},"datePublished":"2021-11-25T23:20:37+00:00","dateModified":"2021-11-25T23:20:47+00:00","description":"Actualmente las habilidades y roles relacionados con el sector de TI cobran cada vez mayor relevancia y complejidad, especialmente frente al reto de habilitar entornos y modelos de trabajo h\u00edbrido...","breadcrumb":{"@id":"https:\/\/revistapotencialhumano.com.mx\/publicaciones\/fomentar-un-entorno-de-ti-a-la-medida-del-futuro-laboral-con-inside-azure-para-ti\/#breadcrumb"},"inLanguage":"es","potentialAction":[{"@type":"ReadAction","target":["https:\/\/revistapotencialhumano.com.mx\/publicaciones\/fomentar-un-entorno-de-ti-a-la-medida-del-futuro-laboral-con-inside-azure-para-ti\/"]}]},{"@type":"BreadcrumbList","@id":"https:\/\/revistapotencialhumano.com.mx\/publicaciones\/fomentar-un-entorno-de-ti-a-la-medida-del-futuro-laboral-con-inside-azure-para-ti\/#breadcrumb","itemListElement":[{"@type":"ListItem","position":1,"name":"Home","item":"https:\/\/revistapotencialhumano.com.mx\/publicaciones\/"},{"@type":"ListItem","position":2,"name":"Fomentar un entorno de TI a la medida del futuro laboral con Inside Azure para TI"}]},{"@type":"WebSite","@id":"https:\/\/revistapotencialhumano.com.mx\/publicaciones\/#website","url":"https:\/\/revistapotencialhumano.com.mx\/publicaciones\/","name":"Revista Potencial Humano","description":"Revista Potencial Humano, publicaciones, podcast","publisher":{"@id":"https:\/\/revistapotencialhumano.com.mx\/publicaciones\/#organization"},"potentialAction":[{"@type":"SearchAction","target":{"@type":"EntryPoint","urlTemplate":"https:\/\/revistapotencialhumano.com.mx\/publicaciones\/?s={search_term_string}"},"query-input":"required name=search_term_string"}],"inLanguage":"es"},{"@type":"Organization","@id":"https:\/\/revistapotencialhumano.com.mx\/publicaciones\/#organization","name":"Revista Potencial Humano","url":"https:\/\/revistapotencialhumano.com.mx\/publicaciones\/","logo":{"@type":"ImageObject","inLanguage":"es","@id":"https:\/\/revistapotencialhumano.com.mx\/publicaciones\/#\/schema\/logo\/image\/","url":"https:\/\/revistapotencialhumano.com.mx\/publicaciones\/wp-content\/uploads\/2019\/05\/icon-potencial-humano.png","contentUrl":"https:\/\/revistapotencialhumano.com.mx\/publicaciones\/wp-content\/uploads\/2019\/05\/icon-potencial-humano.png","width":512,"height":512,"caption":"Revista Potencial Humano"},"image":{"@id":"https:\/\/revistapotencialhumano.com.mx\/publicaciones\/#\/schema\/logo\/image\/"},"sameAs":["https:\/\/www.facebook.com\/RPotencialHumano","https:\/\/www.instagram.com\/rpotencialhumano\/"]},{"@type":"Person","@id":"https:\/\/revistapotencialhumano.com.mx\/publicaciones\/#\/schema\/person\/8854d64a87ad95f7ae27a8c3c9252d90","name":"C\u00e9sar Guillermo Ju\u00e1rez Aldana","image":{"@type":"ImageObject","inLanguage":"es","@id":"https:\/\/revistapotencialhumano.com.mx\/publicaciones\/#\/schema\/person\/image\/","url":"https:\/\/secure.gravatar.com\/avatar\/3f3511524a092905471636d35d45f7e2?s=96&d=retro&r=g","contentUrl":"https:\/\/secure.gravatar.com\/avatar\/3f3511524a092905471636d35d45f7e2?s=96&d=retro&r=g","caption":"C\u00e9sar Guillermo Ju\u00e1rez Aldana"}}]}},"_links":{"self":[{"href":"https:\/\/revistapotencialhumano.com.mx\/publicaciones\/wp-json\/wp\/v2\/posts\/7690"}],"collection":[{"href":"https:\/\/revistapotencialhumano.com.mx\/publicaciones\/wp-json\/wp\/v2\/posts"}],"about":[{"href":"https:\/\/revistapotencialhumano.com.mx\/publicaciones\/wp-json\/wp\/v2\/types\/post"}],"author":[{"embeddable":true,"href":"https:\/\/revistapotencialhumano.com.mx\/publicaciones\/wp-json\/wp\/v2\/users\/6"}],"replies":[{"embeddable":true,"href":"https:\/\/revistapotencialhumano.com.mx\/publicaciones\/wp-json\/wp\/v2\/comments?post=7690"}],"version-history":[{"count":1,"href":"https:\/\/revistapotencialhumano.com.mx\/publicaciones\/wp-json\/wp\/v2\/posts\/7690\/revisions"}],"predecessor-version":[{"id":7693,"href":"https:\/\/revistapotencialhumano.com.mx\/publicaciones\/wp-json\/wp\/v2\/posts\/7690\/revisions\/7693"}],"wp:featuredmedia":[{"embeddable":true,"href":"https:\/\/revistapotencialhumano.com.mx\/publicaciones\/wp-json\/wp\/v2\/media\/7692"}],"wp:attachment":[{"href":"https:\/\/revistapotencialhumano.com.mx\/publicaciones\/wp-json\/wp\/v2\/media?parent=7690"}],"wp:term":[{"taxonomy":"category","embeddable":true,"href":"https:\/\/revistapotencialhumano.com.mx\/publicaciones\/wp-json\/wp\/v2\/categories?post=7690"},{"taxonomy":"post_tag","embeddable":true,"href":"https:\/\/revistapotencialhumano.com.mx\/publicaciones\/wp-json\/wp\/v2\/tags?post=7690"}],"curies":[{"name":"wp","href":"https:\/\/api.w.org\/{rel}","templated":true}]}}