{"id":7717,"date":"2021-12-20T10:36:35","date_gmt":"2021-12-20T16:36:35","guid":{"rendered":"https:\/\/revistapotencialhumano.com.mx\/publicaciones\/?p=7717"},"modified":"2021-12-20T10:36:36","modified_gmt":"2021-12-20T16:36:36","slug":"huawei-sube-su-apuesta-por-el-computo-empresarial-en-alianza-con-amd","status":"publish","type":"post","link":"https:\/\/revistapotencialhumano.com.mx\/publicaciones\/huawei-sube-su-apuesta-por-el-computo-empresarial-en-alianza-con-amd\/","title":{"rendered":"Huawei sube su apuesta por el c\u00f3mputo empresarial en alianza con AMD"},"content":{"rendered":"\n<p><strong>Ciudad de M\u00e9xico, diciembre de 2021.-&nbsp;<\/strong>Huawei y AMD dieron a conocer su visi\u00f3n para empoderar a la fuerza laboral del futuro mediante tecnolog\u00eda, desarrollando productos especialmente dise\u00f1ados para afrontar los retos del segmento empresarial, ayudando a personas y negocios a adaptarse a un entorno de evoluci\u00f3n digital acelerada, brind\u00e1ndoles equipos m\u00e1s robustos en t\u00e9rminos de durabilidad, performance, ciberseguridad y conectividad.<\/p>\n\n\n\n<p>Bajo el respaldo de la divisi\u00f3n Huawei Consumer Business Group, dispositivos como la computadora de escritorio MateStation B515 con tecnolog\u00eda AMD Ryzen ofrecen equipos especializados con capacidades tecnol\u00f3gicas avanzadas que optimizan la experiencia desde la configuraci\u00f3n hasta el uso diario, dando a las organizaciones soluciones y equipo end-point de alta calidad.<\/p>\n\n\n\n<p>\u201cEstamos muy entusiasmados con el lanzamiento de nuestra nueva l\u00ednea de productos 100% pensados para el entorno corporativo. Como Huawei, hemos ofrecido excelentes soluciones a las empresas a trav\u00e9s de nuestros equipos de consumo, sin embargo, es momento de hacerlo con productos especiales y m\u00e1s robustos para satisfacer las necesidades de la coyuntura actual\u201d, se\u00f1al\u00f3 Javier Pi\u00f1a Sojo, Director Comercial B2B de Huawei CBG.&nbsp;<\/p>\n\n\n\n<p>Si bien el cat\u00e1logo comercial de productos de Huawei para el segmento empresarial despliega una amplia variedad de productos, desde pantallas para salas de videoconferencia, routers e impresoras, la oferta de PCs resulta fundamental para atender los retos del trabajo h\u00edbrido, proponiendo en sus tecnolog\u00edas una capa adicional de personalizaci\u00f3n y caracter\u00edsticas que habilitan labores de administraci\u00f3n remota por parte de los departamentos de sistemas.\u00a0<\/p>\n\n\n\n<figure class=\"wp-block-image size-large\"><img loading=\"lazy\" decoding=\"async\" width=\"1200\" height=\"630\" src=\"https:\/\/revistapotencialhumano.com.mx\/publicaciones\/wp-content\/uploads\/2021\/12\/Huawei_2.jpg\" alt=\"\" class=\"wp-image-7718\" srcset=\"https:\/\/revistapotencialhumano.com.mx\/publicaciones\/wp-content\/uploads\/2021\/12\/Huawei_2.jpg 1200w, https:\/\/revistapotencialhumano.com.mx\/publicaciones\/wp-content\/uploads\/2021\/12\/Huawei_2-610x320.jpg 610w\" sizes=\"(max-width: 1200px) 100vw, 1200px\" \/><\/figure>\n\n\n\n<p>\u201cEl mundo del trabajo se ha transformado de forma dr\u00e1stica en los \u00faltimos a\u00f1os y la tecnolog\u00eda ha sido una pieza clave para construir un nuevo paradigma de productividad. Hoy somos testigos y participes de una revoluci\u00f3n laboral: nuevas generaciones se incorporan al mercado, se consolidan nuevos modelos de trabajo y los mismos negocios comienzan a reinventar su operaci\u00f3n con la adopci\u00f3n de soluciones digitales; es ah\u00ed donde el c\u00f3mputo empresarial tiene mayor impacto, y nos emociona emprender este viaje de innovaci\u00f3n, de sistemas pioneros para el trabajo del futuro, de la mano con Huawei\u201d, expres\u00f3 Hiram Monroy, Director de Commercial Sales para AMD en M\u00e9xico, Centroam\u00e9rica y el Caribe.<\/p>\n\n\n\n<p>Aline\u00e1ndose con las principales tendencias de cara a la transici\u00f3n de trabajo remoto a modelos h\u00edbridos, la computadora de escritorio Huawei MateStation B515 brinda el rendimiento y estabilidad que necesitan los profesionales, impulsado por el poder de su Procesador AMD Ryzen 5 4600G. Habilitado para el flujo multitarea, este equipo cuenta tambi\u00e9n con funciones multipantalla que incentivan la colaboraci\u00f3n de forma intuitiva y \u00e1gil.&nbsp;<\/p>\n\n\n\n<p>\u201cHuawei siempre se ha caracterizado por crear productos innovadores y de gran calidad. Fieles a esto, no solo estamos lanzando una gama empresarial de alto desempe\u00f1o con el sello de calidad de Huawei, tambi\u00e9n estamos ofreciendo el mejor servicio y atenci\u00f3n permanente a nuestros clientes corporativos\u201d, apunt\u00f3 Sojo.<\/p>\n\n\n\n<p>La computadora de escritorio Huawei MateStation B515 ya se encuentra disponible en el mercado mexicano, con un esquema de comercializaci\u00f3n en sinergia con el ecosistema de canales, distribuidores y partners, promoviendo un valor agregado de servicios pre y post venta.&nbsp;<\/p>\n\n\n\n<p><strong>HUAWEI MateStation B515<\/strong><\/p>\n\n\n\n<ul><li>Procesador AMD Ryzen 5 4600G con 6 n\u00facleos y 12 hilos de ejecuci\u00f3n, con Radeon\u2122 Graphics, para un excelente rendimiento.<\/li><li>8MB memoria cach\u00e9 L3 + 3MB L2<\/li><li>Tecnolog\u00eda de fabricaci\u00f3n de 7 nan\u00f3metros l\u00edder en la industria<\/li><li>TDP: 65W<\/li><li>Listo para SO: Windows 11 y Windows 10 de 64 bits<\/li><li>Cuerpo compacto, ideal para espacios reducidos.&nbsp;<\/li><li>Huawei Share, Colaboraci\u00f3n Multi-Pantalla, para un trabajo e\ufb01ciente.&nbsp;<\/li><\/ul>\n\n\n\n<p>Para mayor informaci\u00f3n visita:&nbsp;<\/p>\n\n\n\n<p><a href=\"https:\/\/huawei.com\/mx\/\">https:\/\/huawei.com\/mx\/<\/a>&nbsp;y&nbsp;<a href=\"https:\/\/nam12.safelinks.protection.outlook.com\/?url=https%3A%2F%2Fwww.amd.com%2Fes%2Fproducts%2Fapu%2Famd-ryzen-5-4600g&amp;data=04%7C01%7CViridiana.Monroy%40edelman.com%7C6b043012ed354513c1af08d9be5f09d8%7Cb824bfb3918e43c2bb1cdcc1ba40a82b%7C0%7C0%7C637750137678163801%7CUnknown%7CTWFpbGZsb3d8eyJWIjoiMC4wLjAwMDAiLCJQIjoiV2luMzIiLCJBTiI6Ik1haWwiLCJXVCI6Mn0%3D%7C3000&amp;sdata=C7K2K4CTtRZB61%2FIRj49ltqCDbBPV2nWR3a4ts5I%2FLQ%3D&amp;reserved=0\">https:\/\/www.amd.com\/es\/products\/apu\/amd-ryzen-5-4600g<\/a><\/p>\n","protected":false},"excerpt":{"rendered":"<p>Estamos muy entusiasmados con el lanzamiento de nuestra nueva l\u00ednea de productos 100% pensados para el entorno corporativo.<\/p>\n","protected":false},"author":6,"featured_media":7719,"comment_status":"closed","ping_status":"closed","sticky":false,"template":"","format":"standard","meta":{"_et_pb_use_builder":"off","_et_pb_old_content":"","_et_gb_content_width":"","footnotes":""},"categories":[132,704],"tags":[557,727,725,726,261],"yoast_head":"<!-- This site is optimized with the Yoast SEO plugin v22.1 - https:\/\/yoast.com\/wordpress\/plugins\/seo\/ -->\n<title>Huawei sube su apuesta por el c\u00f3mputo empresarial en alianza con AMD - Revista Potencial Humano<\/title>\n<meta name=\"description\" content=\"Estamos muy entusiasmados con el lanzamiento de nuestra nueva l\u00ednea de productos 100% pensados para el entorno corporativo.\" \/>\n<meta name=\"robots\" content=\"index, follow, max-snippet:-1, max-image-preview:large, max-video-preview:-1\" \/>\n<link rel=\"canonical\" href=\"https:\/\/revistapotencialhumano.com.mx\/publicaciones\/huawei-sube-su-apuesta-por-el-computo-empresarial-en-alianza-con-amd\/\" \/>\n<meta property=\"og:locale\" content=\"es_ES\" \/>\n<meta property=\"og:type\" content=\"article\" \/>\n<meta property=\"og:title\" content=\"Huawei sube su apuesta por el c\u00f3mputo empresarial en alianza con AMD\" \/>\n<meta property=\"og:description\" content=\"Estamos muy entusiasmados con el lanzamiento de nuestra nueva l\u00ednea de productos 100% pensados para el entorno corporativo.\" \/>\n<meta property=\"og:url\" content=\"https:\/\/revistapotencialhumano.com.mx\/publicaciones\/huawei-sube-su-apuesta-por-el-computo-empresarial-en-alianza-con-amd\/\" \/>\n<meta property=\"og:site_name\" content=\"Revista Potencial Humano\" \/>\n<meta property=\"article:publisher\" content=\"https:\/\/www.facebook.com\/RPotencialHumano\" \/>\n<meta property=\"article:published_time\" content=\"2021-12-20T16:36:35+00:00\" \/>\n<meta property=\"article:modified_time\" content=\"2021-12-20T16:36:36+00:00\" \/>\n<meta property=\"og:image\" content=\"https:\/\/revistapotencialhumano.com.mx\/publicaciones\/wp-content\/uploads\/2021\/12\/Huawei_2.jpg\" \/>\n\t<meta property=\"og:image:width\" content=\"1200\" \/>\n\t<meta property=\"og:image:height\" content=\"630\" \/>\n\t<meta property=\"og:image:type\" content=\"image\/jpeg\" \/>\n<meta name=\"author\" content=\"C\u00e9sar Guillermo Ju\u00e1rez Aldana\" \/>\n<meta name=\"twitter:card\" content=\"summary_large_image\" \/>\n<meta name=\"twitter:label1\" content=\"Written by\" \/>\n\t<meta name=\"twitter:data1\" content=\"C\u00e9sar Guillermo Ju\u00e1rez Aldana\" \/>\n\t<meta name=\"twitter:label2\" content=\"Est. reading time\" \/>\n\t<meta name=\"twitter:data2\" content=\"3 minutos\" \/>\n<script type=\"application\/ld+json\" class=\"yoast-schema-graph\">{\"@context\":\"https:\/\/schema.org\",\"@graph\":[{\"@type\":\"Article\",\"@id\":\"https:\/\/revistapotencialhumano.com.mx\/publicaciones\/huawei-sube-su-apuesta-por-el-computo-empresarial-en-alianza-con-amd\/#article\",\"isPartOf\":{\"@id\":\"https:\/\/revistapotencialhumano.com.mx\/publicaciones\/huawei-sube-su-apuesta-por-el-computo-empresarial-en-alianza-con-amd\/\"},\"author\":{\"name\":\"C\u00e9sar Guillermo Ju\u00e1rez Aldana\",\"@id\":\"https:\/\/revistapotencialhumano.com.mx\/publicaciones\/#\/schema\/person\/8854d64a87ad95f7ae27a8c3c9252d90\"},\"headline\":\"Huawei sube su apuesta por el c\u00f3mputo empresarial en alianza con AMD\",\"datePublished\":\"2021-12-20T16:36:35+00:00\",\"dateModified\":\"2021-12-20T16:36:36+00:00\",\"mainEntityOfPage\":{\"@id\":\"https:\/\/revistapotencialhumano.com.mx\/publicaciones\/huawei-sube-su-apuesta-por-el-computo-empresarial-en-alianza-con-amd\/\"},\"wordCount\":653,\"publisher\":{\"@id\":\"https:\/\/revistapotencialhumano.com.mx\/publicaciones\/#organization\"},\"keywords\":[\"ciberceguridad\",\"conectividad\",\"Huawei\",\"mundo laboral\",\"tecnolog\u00eda\"],\"articleSection\":[\"Noticias\",\"Noviembre - Diciembre - 2021\"],\"inLanguage\":\"es\"},{\"@type\":\"WebPage\",\"@id\":\"https:\/\/revistapotencialhumano.com.mx\/publicaciones\/huawei-sube-su-apuesta-por-el-computo-empresarial-en-alianza-con-amd\/\",\"url\":\"https:\/\/revistapotencialhumano.com.mx\/publicaciones\/huawei-sube-su-apuesta-por-el-computo-empresarial-en-alianza-con-amd\/\",\"name\":\"Huawei sube su apuesta por el c\u00f3mputo empresarial en alianza con AMD - Revista Potencial Humano\",\"isPartOf\":{\"@id\":\"https:\/\/revistapotencialhumano.com.mx\/publicaciones\/#website\"},\"datePublished\":\"2021-12-20T16:36:35+00:00\",\"dateModified\":\"2021-12-20T16:36:36+00:00\",\"description\":\"Estamos muy entusiasmados con el lanzamiento de nuestra nueva l\u00ednea de productos 100% pensados para el entorno corporativo.\",\"breadcrumb\":{\"@id\":\"https:\/\/revistapotencialhumano.com.mx\/publicaciones\/huawei-sube-su-apuesta-por-el-computo-empresarial-en-alianza-con-amd\/#breadcrumb\"},\"inLanguage\":\"es\",\"potentialAction\":[{\"@type\":\"ReadAction\",\"target\":[\"https:\/\/revistapotencialhumano.com.mx\/publicaciones\/huawei-sube-su-apuesta-por-el-computo-empresarial-en-alianza-con-amd\/\"]}]},{\"@type\":\"BreadcrumbList\",\"@id\":\"https:\/\/revistapotencialhumano.com.mx\/publicaciones\/huawei-sube-su-apuesta-por-el-computo-empresarial-en-alianza-con-amd\/#breadcrumb\",\"itemListElement\":[{\"@type\":\"ListItem\",\"position\":1,\"name\":\"Home\",\"item\":\"https:\/\/revistapotencialhumano.com.mx\/publicaciones\/\"},{\"@type\":\"ListItem\",\"position\":2,\"name\":\"Huawei sube su apuesta por el c\u00f3mputo empresarial en alianza con AMD\"}]},{\"@type\":\"WebSite\",\"@id\":\"https:\/\/revistapotencialhumano.com.mx\/publicaciones\/#website\",\"url\":\"https:\/\/revistapotencialhumano.com.mx\/publicaciones\/\",\"name\":\"Revista Potencial Humano\",\"description\":\"Revista Potencial Humano, publicaciones, podcast\",\"publisher\":{\"@id\":\"https:\/\/revistapotencialhumano.com.mx\/publicaciones\/#organization\"},\"potentialAction\":[{\"@type\":\"SearchAction\",\"target\":{\"@type\":\"EntryPoint\",\"urlTemplate\":\"https:\/\/revistapotencialhumano.com.mx\/publicaciones\/?s={search_term_string}\"},\"query-input\":\"required name=search_term_string\"}],\"inLanguage\":\"es\"},{\"@type\":\"Organization\",\"@id\":\"https:\/\/revistapotencialhumano.com.mx\/publicaciones\/#organization\",\"name\":\"Revista Potencial Humano\",\"url\":\"https:\/\/revistapotencialhumano.com.mx\/publicaciones\/\",\"logo\":{\"@type\":\"ImageObject\",\"inLanguage\":\"es\",\"@id\":\"https:\/\/revistapotencialhumano.com.mx\/publicaciones\/#\/schema\/logo\/image\/\",\"url\":\"https:\/\/revistapotencialhumano.com.mx\/publicaciones\/wp-content\/uploads\/2019\/05\/icon-potencial-humano.png\",\"contentUrl\":\"https:\/\/revistapotencialhumano.com.mx\/publicaciones\/wp-content\/uploads\/2019\/05\/icon-potencial-humano.png\",\"width\":512,\"height\":512,\"caption\":\"Revista Potencial Humano\"},\"image\":{\"@id\":\"https:\/\/revistapotencialhumano.com.mx\/publicaciones\/#\/schema\/logo\/image\/\"},\"sameAs\":[\"https:\/\/www.facebook.com\/RPotencialHumano\",\"https:\/\/www.instagram.com\/rpotencialhumano\/\"]},{\"@type\":\"Person\",\"@id\":\"https:\/\/revistapotencialhumano.com.mx\/publicaciones\/#\/schema\/person\/8854d64a87ad95f7ae27a8c3c9252d90\",\"name\":\"C\u00e9sar Guillermo Ju\u00e1rez Aldana\",\"image\":{\"@type\":\"ImageObject\",\"inLanguage\":\"es\",\"@id\":\"https:\/\/revistapotencialhumano.com.mx\/publicaciones\/#\/schema\/person\/image\/\",\"url\":\"https:\/\/secure.gravatar.com\/avatar\/3f3511524a092905471636d35d45f7e2?s=96&d=retro&r=g\",\"contentUrl\":\"https:\/\/secure.gravatar.com\/avatar\/3f3511524a092905471636d35d45f7e2?s=96&d=retro&r=g\",\"caption\":\"C\u00e9sar Guillermo Ju\u00e1rez Aldana\"}}]}<\/script>\n<!-- \/ Yoast SEO plugin. -->","yoast_head_json":{"title":"Huawei sube su apuesta por el c\u00f3mputo empresarial en alianza con AMD - Revista Potencial Humano","description":"Estamos muy entusiasmados con el lanzamiento de nuestra nueva l\u00ednea de productos 100% pensados para el entorno corporativo.","robots":{"index":"index","follow":"follow","max-snippet":"max-snippet:-1","max-image-preview":"max-image-preview:large","max-video-preview":"max-video-preview:-1"},"canonical":"https:\/\/revistapotencialhumano.com.mx\/publicaciones\/huawei-sube-su-apuesta-por-el-computo-empresarial-en-alianza-con-amd\/","og_locale":"es_ES","og_type":"article","og_title":"Huawei sube su apuesta por el c\u00f3mputo empresarial en alianza con AMD","og_description":"Estamos muy entusiasmados con el lanzamiento de nuestra nueva l\u00ednea de productos 100% pensados para el entorno corporativo.","og_url":"https:\/\/revistapotencialhumano.com.mx\/publicaciones\/huawei-sube-su-apuesta-por-el-computo-empresarial-en-alianza-con-amd\/","og_site_name":"Revista Potencial Humano","article_publisher":"https:\/\/www.facebook.com\/RPotencialHumano","article_published_time":"2021-12-20T16:36:35+00:00","article_modified_time":"2021-12-20T16:36:36+00:00","og_image":[{"width":1200,"height":630,"url":"https:\/\/revistapotencialhumano.com.mx\/publicaciones\/wp-content\/uploads\/2021\/12\/Huawei_2.jpg","type":"image\/jpeg"}],"author":"C\u00e9sar Guillermo Ju\u00e1rez Aldana","twitter_card":"summary_large_image","twitter_misc":{"Written by":"C\u00e9sar Guillermo Ju\u00e1rez Aldana","Est. reading time":"3 minutos"},"schema":{"@context":"https:\/\/schema.org","@graph":[{"@type":"Article","@id":"https:\/\/revistapotencialhumano.com.mx\/publicaciones\/huawei-sube-su-apuesta-por-el-computo-empresarial-en-alianza-con-amd\/#article","isPartOf":{"@id":"https:\/\/revistapotencialhumano.com.mx\/publicaciones\/huawei-sube-su-apuesta-por-el-computo-empresarial-en-alianza-con-amd\/"},"author":{"name":"C\u00e9sar Guillermo Ju\u00e1rez Aldana","@id":"https:\/\/revistapotencialhumano.com.mx\/publicaciones\/#\/schema\/person\/8854d64a87ad95f7ae27a8c3c9252d90"},"headline":"Huawei sube su apuesta por el c\u00f3mputo empresarial en alianza con AMD","datePublished":"2021-12-20T16:36:35+00:00","dateModified":"2021-12-20T16:36:36+00:00","mainEntityOfPage":{"@id":"https:\/\/revistapotencialhumano.com.mx\/publicaciones\/huawei-sube-su-apuesta-por-el-computo-empresarial-en-alianza-con-amd\/"},"wordCount":653,"publisher":{"@id":"https:\/\/revistapotencialhumano.com.mx\/publicaciones\/#organization"},"keywords":["ciberceguridad","conectividad","Huawei","mundo laboral","tecnolog\u00eda"],"articleSection":["Noticias","Noviembre - Diciembre - 2021"],"inLanguage":"es"},{"@type":"WebPage","@id":"https:\/\/revistapotencialhumano.com.mx\/publicaciones\/huawei-sube-su-apuesta-por-el-computo-empresarial-en-alianza-con-amd\/","url":"https:\/\/revistapotencialhumano.com.mx\/publicaciones\/huawei-sube-su-apuesta-por-el-computo-empresarial-en-alianza-con-amd\/","name":"Huawei sube su apuesta por el c\u00f3mputo empresarial en alianza con AMD - Revista Potencial Humano","isPartOf":{"@id":"https:\/\/revistapotencialhumano.com.mx\/publicaciones\/#website"},"datePublished":"2021-12-20T16:36:35+00:00","dateModified":"2021-12-20T16:36:36+00:00","description":"Estamos muy entusiasmados con el lanzamiento de nuestra nueva l\u00ednea de productos 100% pensados para el entorno corporativo.","breadcrumb":{"@id":"https:\/\/revistapotencialhumano.com.mx\/publicaciones\/huawei-sube-su-apuesta-por-el-computo-empresarial-en-alianza-con-amd\/#breadcrumb"},"inLanguage":"es","potentialAction":[{"@type":"ReadAction","target":["https:\/\/revistapotencialhumano.com.mx\/publicaciones\/huawei-sube-su-apuesta-por-el-computo-empresarial-en-alianza-con-amd\/"]}]},{"@type":"BreadcrumbList","@id":"https:\/\/revistapotencialhumano.com.mx\/publicaciones\/huawei-sube-su-apuesta-por-el-computo-empresarial-en-alianza-con-amd\/#breadcrumb","itemListElement":[{"@type":"ListItem","position":1,"name":"Home","item":"https:\/\/revistapotencialhumano.com.mx\/publicaciones\/"},{"@type":"ListItem","position":2,"name":"Huawei sube su apuesta por el c\u00f3mputo empresarial en alianza con AMD"}]},{"@type":"WebSite","@id":"https:\/\/revistapotencialhumano.com.mx\/publicaciones\/#website","url":"https:\/\/revistapotencialhumano.com.mx\/publicaciones\/","name":"Revista Potencial Humano","description":"Revista Potencial Humano, publicaciones, podcast","publisher":{"@id":"https:\/\/revistapotencialhumano.com.mx\/publicaciones\/#organization"},"potentialAction":[{"@type":"SearchAction","target":{"@type":"EntryPoint","urlTemplate":"https:\/\/revistapotencialhumano.com.mx\/publicaciones\/?s={search_term_string}"},"query-input":"required name=search_term_string"}],"inLanguage":"es"},{"@type":"Organization","@id":"https:\/\/revistapotencialhumano.com.mx\/publicaciones\/#organization","name":"Revista Potencial Humano","url":"https:\/\/revistapotencialhumano.com.mx\/publicaciones\/","logo":{"@type":"ImageObject","inLanguage":"es","@id":"https:\/\/revistapotencialhumano.com.mx\/publicaciones\/#\/schema\/logo\/image\/","url":"https:\/\/revistapotencialhumano.com.mx\/publicaciones\/wp-content\/uploads\/2019\/05\/icon-potencial-humano.png","contentUrl":"https:\/\/revistapotencialhumano.com.mx\/publicaciones\/wp-content\/uploads\/2019\/05\/icon-potencial-humano.png","width":512,"height":512,"caption":"Revista Potencial Humano"},"image":{"@id":"https:\/\/revistapotencialhumano.com.mx\/publicaciones\/#\/schema\/logo\/image\/"},"sameAs":["https:\/\/www.facebook.com\/RPotencialHumano","https:\/\/www.instagram.com\/rpotencialhumano\/"]},{"@type":"Person","@id":"https:\/\/revistapotencialhumano.com.mx\/publicaciones\/#\/schema\/person\/8854d64a87ad95f7ae27a8c3c9252d90","name":"C\u00e9sar Guillermo Ju\u00e1rez Aldana","image":{"@type":"ImageObject","inLanguage":"es","@id":"https:\/\/revistapotencialhumano.com.mx\/publicaciones\/#\/schema\/person\/image\/","url":"https:\/\/secure.gravatar.com\/avatar\/3f3511524a092905471636d35d45f7e2?s=96&d=retro&r=g","contentUrl":"https:\/\/secure.gravatar.com\/avatar\/3f3511524a092905471636d35d45f7e2?s=96&d=retro&r=g","caption":"C\u00e9sar Guillermo Ju\u00e1rez Aldana"}}]}},"_links":{"self":[{"href":"https:\/\/revistapotencialhumano.com.mx\/publicaciones\/wp-json\/wp\/v2\/posts\/7717"}],"collection":[{"href":"https:\/\/revistapotencialhumano.com.mx\/publicaciones\/wp-json\/wp\/v2\/posts"}],"about":[{"href":"https:\/\/revistapotencialhumano.com.mx\/publicaciones\/wp-json\/wp\/v2\/types\/post"}],"author":[{"embeddable":true,"href":"https:\/\/revistapotencialhumano.com.mx\/publicaciones\/wp-json\/wp\/v2\/users\/6"}],"replies":[{"embeddable":true,"href":"https:\/\/revistapotencialhumano.com.mx\/publicaciones\/wp-json\/wp\/v2\/comments?post=7717"}],"version-history":[{"count":1,"href":"https:\/\/revistapotencialhumano.com.mx\/publicaciones\/wp-json\/wp\/v2\/posts\/7717\/revisions"}],"predecessor-version":[{"id":7720,"href":"https:\/\/revistapotencialhumano.com.mx\/publicaciones\/wp-json\/wp\/v2\/posts\/7717\/revisions\/7720"}],"wp:featuredmedia":[{"embeddable":true,"href":"https:\/\/revistapotencialhumano.com.mx\/publicaciones\/wp-json\/wp\/v2\/media\/7719"}],"wp:attachment":[{"href":"https:\/\/revistapotencialhumano.com.mx\/publicaciones\/wp-json\/wp\/v2\/media?parent=7717"}],"wp:term":[{"taxonomy":"category","embeddable":true,"href":"https:\/\/revistapotencialhumano.com.mx\/publicaciones\/wp-json\/wp\/v2\/categories?post=7717"},{"taxonomy":"post_tag","embeddable":true,"href":"https:\/\/revistapotencialhumano.com.mx\/publicaciones\/wp-json\/wp\/v2\/tags?post=7717"}],"curies":[{"name":"wp","href":"https:\/\/api.w.org\/{rel}","templated":true}]}}