{"id":7825,"date":"2022-03-04T17:08:37","date_gmt":"2022-03-04T23:08:37","guid":{"rendered":"https:\/\/revistapotencialhumano.com.mx\/publicaciones\/?p=7825"},"modified":"2022-03-04T17:08:39","modified_gmt":"2022-03-04T23:08:39","slug":"del-castillo-y-castro-se-compromete-formalmente-a-promover-la-inclusion-y-diversidad-con-onu-mujeres-y-abogadas-mx","status":"publish","type":"post","link":"https:\/\/revistapotencialhumano.com.mx\/publicaciones\/del-castillo-y-castro-se-compromete-formalmente-a-promover-la-inclusion-y-diversidad-con-onu-mujeres-y-abogadas-mx\/","title":{"rendered":"Del Castillo y Castro se compromete formalmente a promover la inclusi\u00f3n y diversidad, con ONU Mujeres y Abogadas MX"},"content":{"rendered":"\n<ul><li><em>Del Castillo y Castro, de la mano de Abogadas MX y ONU Mujeres, es protagonista en la creaci\u00f3n de Est\u00e1ndares M\u00ednimos de Inclusi\u00f3n y Diversidad dentro de los Despachos de abogados en M\u00e9xico.<\/em><\/li><li><em>Como parte del proyecto, del Castillo y Castro se adhiri\u00f3 formalmente a los \u201cPrincipios para el Empoderamiento de las Mujeres\u201d producidos y difundidos&nbsp;&nbsp;&nbsp;por ONU Mujeres.<\/em><\/li><li><em>70% del despacho est\u00e1 conformado por mujeres.&nbsp;<\/em><\/li><\/ul>\n\n\n\n<figure class=\"wp-block-image size-large\"><img loading=\"lazy\" decoding=\"async\" width=\"1200\" height=\"630\" src=\"https:\/\/revistapotencialhumano.com.mx\/publicaciones\/wp-content\/uploads\/2022\/03\/Del-Castillo-Castro_1.png\" alt=\"\" class=\"wp-image-7826\" srcset=\"https:\/\/revistapotencialhumano.com.mx\/publicaciones\/wp-content\/uploads\/2022\/03\/Del-Castillo-Castro_1.png 1200w, https:\/\/revistapotencialhumano.com.mx\/publicaciones\/wp-content\/uploads\/2022\/03\/Del-Castillo-Castro_1-610x320.png 610w\" sizes=\"(max-width: 1200px) 100vw, 1200px\" \/><\/figure>\n\n\n\n<p><strong>Ciudad de M\u00e9xico, marzo 2022.-<\/strong>&nbsp;Del Castillo y Castro, la firma de abogados m\u00e1s especializada de M\u00e9xico en reestructuras financieras y concursos mercantiles, se une a la alianza establecida entre Abogadas MX y ONU Mujeres para crear, junto con otras firmas de abogados, los Est\u00e1ndares M\u00ednimos de Inclusi\u00f3n y Diversidad dentro de los Despachos de Abogados en M\u00e9xico.<\/p>\n\n\n\n<p>Como parte del proyecto, del Castillo y Castro firm\u00f3 una declaraci\u00f3n de apoyo y adhesi\u00f3n a los \u00b4Principios para el Empoderamiento de las Mujeres\u00b4 (WEP\u00b4s por sus siglas en ingl\u00e9s) emitidos por ONU Mujeres y por el Pacto Global de Naciones Unidas. Durante el evento en la ciudad de M\u00e9xico, en el que se dieron cita representantes de ONU Mujeres, Abogadas MX y diversos despachos, Linda Garc\u00eda de Alba, l\u00edder de este proyecto en del Castillo y Castro, coment\u00f3 que \u201cla firma apoya la promoci\u00f3n de la igualdad entre hombres y mujeres, lo que se ve materializado en la creaci\u00f3n de los Est\u00e1ndares M\u00ednimos de Inclusi\u00f3n y Diversidad, tomando como base los \u00b4Principios para el Empoderamiento de las Mujeres\u00b4 (WEP\u00b4s por sus siglas en ingl\u00e9s) emitidos por ONU Mujeres, adapt\u00e1ndolos a la cultura&nbsp;<a>organizacional&nbsp;<\/a><a>de los despachos de abogados en M\u00e9xico<\/a>, estableciendo lo que ser\u00e1 una gu\u00eda pr\u00e1ctica con est\u00e1ndares m\u00ednimos de inclusi\u00f3n y diversidad\u201d.<\/p>\n\n\n\n<p>Esta iniciativa, ofrece un conjunto de reflexiones destinadas a ayudar al sector privado a centrarse en los elementos clave para la promoci\u00f3n de&nbsp;<a>la igualdad de g\u00e9nero en el lugar de trabajo, el mercado y en la comunidad.&nbsp;<\/a><\/p>\n\n\n\n<p>Del Castillo y Castro, junto con 37 firmas de abogados m\u00e1s, ponen en marcha una mejor forma de hacer las cosas, buscar mejores pr\u00e1cticas para brindar a\u00fan mayores oportunidades a colaboradoras. Es ah\u00ed donde entra el rol de las empresas de ver qu\u00e9 estructuras, qu\u00e9 procesos y qu\u00e9 pr\u00e1cticas se pueden gestionar para construir econom\u00edas fuertes, establecer sociedades m\u00e1s estables y justas, alcanzar los objetivos de desarrollo, sostenibilidad y derechos humanos acordados internacionalmente; mejorar la calidad de vida de las mujeres, de los hombres, de familias y de las comunidades; y promover las pr\u00e1cticas y objetivos empresariales.<\/p>\n\n\n\n<p>Las empresas que invierten en inclusi\u00f3n y diversidad, aumentan su credibilidad y obtienen una mayor rentabilidad. El Foro Econ\u00f3mico Mundial analiz\u00f3 153 pa\u00edses en su progreso hacia la paridad de g\u00e9nero, enfoc\u00e1ndose en cuatro temas principales: participaci\u00f3n econ\u00f3mica, logro educativo, salud y supervivencia y empoderamiento pol\u00edtico. El informe pronostica que tomar\u00e1 99,5 a\u00f1os lograr la igualdad de g\u00e9nero en todas partes.<\/p>\n\n\n\n<p>La firma de abogados, encabezada por Fernando del Castillo y Alfonso Castro, comenzar\u00e1 a trabajar en un proyecto espec\u00edfico que le permita establecer los est\u00e1ndares y pol\u00edticas requeridas para este programa y&nbsp;estar\u00e1 dividido en diferentes etapas. Se espera concluir con los compromisos para el cierre del tercer trimestre de este a\u00f1o y se realizar\u00e1n diagn\u00f3sticos, auditor\u00edas, talleres de capacitaci\u00f3n a colaboradores directos e indirectos y un proceso de desarrollo de pr\u00e1cticas, pol\u00edticas y procedimientos.&nbsp;<\/p>\n\n\n\n<p>Es importante mencionar que el 70% de la firma est\u00e1 compuesta por mujeres.<\/p>\n\n\n\n<p>Del Castillo y Castro, espera seguir con un crecimiento sostenido de doble d\u00edgito para este a\u00f1o. En 2021 cerraron con un crecimiento de m\u00e1s del 100% en ingresos, lo que la consolida como una de las firmas de mayor renombre y crecimiento en M\u00e9xico, adem\u00e1s de tener un firme compromiso con las mejores pr\u00e1cticas de gobernanza y responsabilidad social corporativa.<\/p>\n\n\n\n<hr class=\"wp-block-separator\"\/>\n\n\n\n<p><strong>Acerca de Del Castillo Castro<\/strong><\/p>\n\n\n\n<p><em>Del Castillo y Castro Abogados, un despacho conformado por m\u00e1s de 30 profesionales experimentados y sofisticados, con oficinas ubicadas en la Ciudad de M\u00e9xico y Monterrey. Se especializa en reestructuras, planes de reestructuraci\u00f3n (workouts), insolvencias, litigios civiles generales y arbitrajes, as\u00ed como en necesidades relacionadas con el acceso a fuentes de financiamiento y mercados de capital, tanto locales como internacionales en ambos casos. Como parte de su pasi\u00f3n por el arte, Del Castillo y Castro es aliado principal de la feria de arte Material y est\u00e1 incursionando en diferentes movimientos art\u00edsticos, lo que, junto con su calidez y principios, los diferencia enormemente del resto de la industria. Sus socios han sido reconocidos internacionalmente en sus diferentes especialidades y en conjunto, suman m\u00e1s de 50 a\u00f1os de experiencia comprobada. La firma, la obtenido diversos reconocimientos y clasificaci\u00f3n por su trabajo en numerosas publicaciones, incluyendo Chambers and Partners, The Legal 500, IFLR 1000, Global Restructuring Review y Who\u2019s Who Legal M\u00e9xico.<\/em><\/p>\n","protected":false},"excerpt":{"rendered":"<p>Se une a la alianza establecida entre Abogadas MX y ONU Mujeres para crear, junto con otras firmas de abogados, los Est\u00e1ndares M\u00ednimos de Inclusi\u00f3n y Diversidad dentro de los Despachos de Abogados en M\u00e9xico.<\/p>\n","protected":false},"author":6,"featured_media":7827,"comment_status":"closed","ping_status":"closed","sticky":false,"template":"","format":"standard","meta":{"_et_pb_use_builder":"off","_et_pb_old_content":"","_et_gb_content_width":"","footnotes":""},"categories":[743,132],"tags":[745,471,746],"yoast_head":"<!-- This site is optimized with the Yoast SEO plugin v22.1 - https:\/\/yoast.com\/wordpress\/plugins\/seo\/ -->\n<title>Del Castillo y Castro se compromete formalmente a promover la inclusi\u00f3n y diversidad, con ONU Mujeres y Abogadas MX - Revista Potencial Humano<\/title>\n<meta name=\"description\" content=\"Se une a la alianza establecida entre Abogadas MX y ONU Mujeres para crear, junto con otras firmas de abogados, los Est\u00e1ndares M\u00ednimos de Inclusi\u00f3n y Diversidad dentro de los Despachos de Abogados en M\u00e9xico.\" \/>\n<meta name=\"robots\" content=\"index, follow, max-snippet:-1, max-image-preview:large, max-video-preview:-1\" \/>\n<link rel=\"canonical\" href=\"https:\/\/revistapotencialhumano.com.mx\/publicaciones\/del-castillo-y-castro-se-compromete-formalmente-a-promover-la-inclusion-y-diversidad-con-onu-mujeres-y-abogadas-mx\/\" \/>\n<meta property=\"og:locale\" content=\"es_ES\" \/>\n<meta property=\"og:type\" content=\"article\" \/>\n<meta property=\"og:title\" content=\"DEL CASTILLO Y CASTRO SE COMPROMETE FORMALMENTE A PROMOVER LA INCLUSI\u00d3N Y DIVERSIDAD, CON ONU MUJERES Y ABOGADAS MX\" \/>\n<meta property=\"og:description\" content=\"Se une a la alianza establecida entre Abogadas MX y ONU Mujeres para crear, junto con otras firmas de abogados, los Est\u00e1ndares M\u00ednimos de Inclusi\u00f3n y Diversidad dentro de los Despachos de Abogados en M\u00e9xico.\" \/>\n<meta property=\"og:url\" content=\"https:\/\/revistapotencialhumano.com.mx\/publicaciones\/del-castillo-y-castro-se-compromete-formalmente-a-promover-la-inclusion-y-diversidad-con-onu-mujeres-y-abogadas-mx\/\" \/>\n<meta property=\"og:site_name\" content=\"Revista Potencial Humano\" \/>\n<meta property=\"article:publisher\" content=\"https:\/\/www.facebook.com\/RPotencialHumano\" \/>\n<meta property=\"article:published_time\" content=\"2022-03-04T23:08:37+00:00\" \/>\n<meta property=\"article:modified_time\" content=\"2022-03-04T23:08:39+00:00\" \/>\n<meta property=\"og:image\" content=\"https:\/\/revistapotencialhumano.com.mx\/publicaciones\/wp-content\/uploads\/2022\/03\/Del-Castillo-Castro_1.png\" \/>\n\t<meta property=\"og:image:width\" content=\"1200\" \/>\n\t<meta property=\"og:image:height\" content=\"630\" \/>\n\t<meta property=\"og:image:type\" content=\"image\/png\" \/>\n<meta name=\"author\" content=\"C\u00e9sar Guillermo Ju\u00e1rez Aldana\" \/>\n<meta name=\"twitter:card\" content=\"summary_large_image\" \/>\n<meta name=\"twitter:label1\" content=\"Written by\" \/>\n\t<meta name=\"twitter:data1\" content=\"C\u00e9sar Guillermo Ju\u00e1rez Aldana\" \/>\n\t<meta name=\"twitter:label2\" content=\"Est. reading time\" \/>\n\t<meta name=\"twitter:data2\" content=\"4 minutos\" \/>\n<script type=\"application\/ld+json\" class=\"yoast-schema-graph\">{\"@context\":\"https:\/\/schema.org\",\"@graph\":[{\"@type\":\"Article\",\"@id\":\"https:\/\/revistapotencialhumano.com.mx\/publicaciones\/del-castillo-y-castro-se-compromete-formalmente-a-promover-la-inclusion-y-diversidad-con-onu-mujeres-y-abogadas-mx\/#article\",\"isPartOf\":{\"@id\":\"https:\/\/revistapotencialhumano.com.mx\/publicaciones\/del-castillo-y-castro-se-compromete-formalmente-a-promover-la-inclusion-y-diversidad-con-onu-mujeres-y-abogadas-mx\/\"},\"author\":{\"name\":\"C\u00e9sar Guillermo Ju\u00e1rez Aldana\",\"@id\":\"https:\/\/revistapotencialhumano.com.mx\/publicaciones\/#\/schema\/person\/8854d64a87ad95f7ae27a8c3c9252d90\"},\"headline\":\"Del Castillo y Castro se compromete formalmente a promover la inclusi\u00f3n y diversidad, con ONU Mujeres y Abogadas MX\",\"datePublished\":\"2022-03-04T23:08:37+00:00\",\"dateModified\":\"2022-03-04T23:08:39+00:00\",\"mainEntityOfPage\":{\"@id\":\"https:\/\/revistapotencialhumano.com.mx\/publicaciones\/del-castillo-y-castro-se-compromete-formalmente-a-promover-la-inclusion-y-diversidad-con-onu-mujeres-y-abogadas-mx\/\"},\"wordCount\":885,\"publisher\":{\"@id\":\"https:\/\/revistapotencialhumano.com.mx\/publicaciones\/#organization\"},\"keywords\":[\"inclusi\u00f3n\",\"mujeres\",\"ONU\"],\"articleSection\":[\"Marzo - Abril 2022\",\"Noticias\"],\"inLanguage\":\"es\"},{\"@type\":\"WebPage\",\"@id\":\"https:\/\/revistapotencialhumano.com.mx\/publicaciones\/del-castillo-y-castro-se-compromete-formalmente-a-promover-la-inclusion-y-diversidad-con-onu-mujeres-y-abogadas-mx\/\",\"url\":\"https:\/\/revistapotencialhumano.com.mx\/publicaciones\/del-castillo-y-castro-se-compromete-formalmente-a-promover-la-inclusion-y-diversidad-con-onu-mujeres-y-abogadas-mx\/\",\"name\":\"Del Castillo y Castro se compromete formalmente a promover la inclusi\u00f3n y diversidad, con ONU Mujeres y Abogadas MX - Revista Potencial Humano\",\"isPartOf\":{\"@id\":\"https:\/\/revistapotencialhumano.com.mx\/publicaciones\/#website\"},\"datePublished\":\"2022-03-04T23:08:37+00:00\",\"dateModified\":\"2022-03-04T23:08:39+00:00\",\"description\":\"Se une a la alianza establecida entre Abogadas MX y ONU Mujeres para crear, junto con otras firmas de abogados, los Est\u00e1ndares M\u00ednimos de Inclusi\u00f3n y Diversidad dentro de los Despachos de Abogados en M\u00e9xico.\",\"breadcrumb\":{\"@id\":\"https:\/\/revistapotencialhumano.com.mx\/publicaciones\/del-castillo-y-castro-se-compromete-formalmente-a-promover-la-inclusion-y-diversidad-con-onu-mujeres-y-abogadas-mx\/#breadcrumb\"},\"inLanguage\":\"es\",\"potentialAction\":[{\"@type\":\"ReadAction\",\"target\":[\"https:\/\/revistapotencialhumano.com.mx\/publicaciones\/del-castillo-y-castro-se-compromete-formalmente-a-promover-la-inclusion-y-diversidad-con-onu-mujeres-y-abogadas-mx\/\"]}]},{\"@type\":\"BreadcrumbList\",\"@id\":\"https:\/\/revistapotencialhumano.com.mx\/publicaciones\/del-castillo-y-castro-se-compromete-formalmente-a-promover-la-inclusion-y-diversidad-con-onu-mujeres-y-abogadas-mx\/#breadcrumb\",\"itemListElement\":[{\"@type\":\"ListItem\",\"position\":1,\"name\":\"Home\",\"item\":\"https:\/\/revistapotencialhumano.com.mx\/publicaciones\/\"},{\"@type\":\"ListItem\",\"position\":2,\"name\":\"Del Castillo y Castro se compromete formalmente a promover la inclusi\u00f3n y diversidad, con ONU Mujeres y Abogadas MX\"}]},{\"@type\":\"WebSite\",\"@id\":\"https:\/\/revistapotencialhumano.com.mx\/publicaciones\/#website\",\"url\":\"https:\/\/revistapotencialhumano.com.mx\/publicaciones\/\",\"name\":\"Revista Potencial Humano\",\"description\":\"Revista Potencial Humano, publicaciones, podcast\",\"publisher\":{\"@id\":\"https:\/\/revistapotencialhumano.com.mx\/publicaciones\/#organization\"},\"potentialAction\":[{\"@type\":\"SearchAction\",\"target\":{\"@type\":\"EntryPoint\",\"urlTemplate\":\"https:\/\/revistapotencialhumano.com.mx\/publicaciones\/?s={search_term_string}\"},\"query-input\":\"required name=search_term_string\"}],\"inLanguage\":\"es\"},{\"@type\":\"Organization\",\"@id\":\"https:\/\/revistapotencialhumano.com.mx\/publicaciones\/#organization\",\"name\":\"Revista Potencial Humano\",\"url\":\"https:\/\/revistapotencialhumano.com.mx\/publicaciones\/\",\"logo\":{\"@type\":\"ImageObject\",\"inLanguage\":\"es\",\"@id\":\"https:\/\/revistapotencialhumano.com.mx\/publicaciones\/#\/schema\/logo\/image\/\",\"url\":\"https:\/\/revistapotencialhumano.com.mx\/publicaciones\/wp-content\/uploads\/2019\/05\/icon-potencial-humano.png\",\"contentUrl\":\"https:\/\/revistapotencialhumano.com.mx\/publicaciones\/wp-content\/uploads\/2019\/05\/icon-potencial-humano.png\",\"width\":512,\"height\":512,\"caption\":\"Revista Potencial Humano\"},\"image\":{\"@id\":\"https:\/\/revistapotencialhumano.com.mx\/publicaciones\/#\/schema\/logo\/image\/\"},\"sameAs\":[\"https:\/\/www.facebook.com\/RPotencialHumano\",\"https:\/\/www.instagram.com\/rpotencialhumano\/\"]},{\"@type\":\"Person\",\"@id\":\"https:\/\/revistapotencialhumano.com.mx\/publicaciones\/#\/schema\/person\/8854d64a87ad95f7ae27a8c3c9252d90\",\"name\":\"C\u00e9sar Guillermo Ju\u00e1rez Aldana\",\"image\":{\"@type\":\"ImageObject\",\"inLanguage\":\"es\",\"@id\":\"https:\/\/revistapotencialhumano.com.mx\/publicaciones\/#\/schema\/person\/image\/\",\"url\":\"https:\/\/secure.gravatar.com\/avatar\/3f3511524a092905471636d35d45f7e2?s=96&d=retro&r=g\",\"contentUrl\":\"https:\/\/secure.gravatar.com\/avatar\/3f3511524a092905471636d35d45f7e2?s=96&d=retro&r=g\",\"caption\":\"C\u00e9sar Guillermo Ju\u00e1rez Aldana\"}}]}<\/script>\n<!-- \/ Yoast SEO plugin. -->","yoast_head_json":{"title":"Del Castillo y Castro se compromete formalmente a promover la inclusi\u00f3n y diversidad, con ONU Mujeres y Abogadas MX - Revista Potencial Humano","description":"Se une a la alianza establecida entre Abogadas MX y ONU Mujeres para crear, junto con otras firmas de abogados, los Est\u00e1ndares M\u00ednimos de Inclusi\u00f3n y Diversidad dentro de los Despachos de Abogados en M\u00e9xico.","robots":{"index":"index","follow":"follow","max-snippet":"max-snippet:-1","max-image-preview":"max-image-preview:large","max-video-preview":"max-video-preview:-1"},"canonical":"https:\/\/revistapotencialhumano.com.mx\/publicaciones\/del-castillo-y-castro-se-compromete-formalmente-a-promover-la-inclusion-y-diversidad-con-onu-mujeres-y-abogadas-mx\/","og_locale":"es_ES","og_type":"article","og_title":"DEL CASTILLO Y CASTRO SE COMPROMETE FORMALMENTE A PROMOVER LA INCLUSI\u00d3N Y DIVERSIDAD, CON ONU MUJERES Y ABOGADAS MX","og_description":"Se une a la alianza establecida entre Abogadas MX y ONU Mujeres para crear, junto con otras firmas de abogados, los Est\u00e1ndares M\u00ednimos de Inclusi\u00f3n y Diversidad dentro de los Despachos de Abogados en M\u00e9xico.","og_url":"https:\/\/revistapotencialhumano.com.mx\/publicaciones\/del-castillo-y-castro-se-compromete-formalmente-a-promover-la-inclusion-y-diversidad-con-onu-mujeres-y-abogadas-mx\/","og_site_name":"Revista Potencial Humano","article_publisher":"https:\/\/www.facebook.com\/RPotencialHumano","article_published_time":"2022-03-04T23:08:37+00:00","article_modified_time":"2022-03-04T23:08:39+00:00","og_image":[{"width":1200,"height":630,"url":"https:\/\/revistapotencialhumano.com.mx\/publicaciones\/wp-content\/uploads\/2022\/03\/Del-Castillo-Castro_1.png","type":"image\/png"}],"author":"C\u00e9sar Guillermo Ju\u00e1rez Aldana","twitter_card":"summary_large_image","twitter_misc":{"Written by":"C\u00e9sar Guillermo Ju\u00e1rez Aldana","Est. reading time":"4 minutos"},"schema":{"@context":"https:\/\/schema.org","@graph":[{"@type":"Article","@id":"https:\/\/revistapotencialhumano.com.mx\/publicaciones\/del-castillo-y-castro-se-compromete-formalmente-a-promover-la-inclusion-y-diversidad-con-onu-mujeres-y-abogadas-mx\/#article","isPartOf":{"@id":"https:\/\/revistapotencialhumano.com.mx\/publicaciones\/del-castillo-y-castro-se-compromete-formalmente-a-promover-la-inclusion-y-diversidad-con-onu-mujeres-y-abogadas-mx\/"},"author":{"name":"C\u00e9sar Guillermo Ju\u00e1rez Aldana","@id":"https:\/\/revistapotencialhumano.com.mx\/publicaciones\/#\/schema\/person\/8854d64a87ad95f7ae27a8c3c9252d90"},"headline":"Del Castillo y Castro se compromete formalmente a promover la inclusi\u00f3n y diversidad, con ONU Mujeres y Abogadas MX","datePublished":"2022-03-04T23:08:37+00:00","dateModified":"2022-03-04T23:08:39+00:00","mainEntityOfPage":{"@id":"https:\/\/revistapotencialhumano.com.mx\/publicaciones\/del-castillo-y-castro-se-compromete-formalmente-a-promover-la-inclusion-y-diversidad-con-onu-mujeres-y-abogadas-mx\/"},"wordCount":885,"publisher":{"@id":"https:\/\/revistapotencialhumano.com.mx\/publicaciones\/#organization"},"keywords":["inclusi\u00f3n","mujeres","ONU"],"articleSection":["Marzo - Abril 2022","Noticias"],"inLanguage":"es"},{"@type":"WebPage","@id":"https:\/\/revistapotencialhumano.com.mx\/publicaciones\/del-castillo-y-castro-se-compromete-formalmente-a-promover-la-inclusion-y-diversidad-con-onu-mujeres-y-abogadas-mx\/","url":"https:\/\/revistapotencialhumano.com.mx\/publicaciones\/del-castillo-y-castro-se-compromete-formalmente-a-promover-la-inclusion-y-diversidad-con-onu-mujeres-y-abogadas-mx\/","name":"Del Castillo y Castro se compromete formalmente a promover la inclusi\u00f3n y diversidad, con ONU Mujeres y Abogadas MX - Revista Potencial Humano","isPartOf":{"@id":"https:\/\/revistapotencialhumano.com.mx\/publicaciones\/#website"},"datePublished":"2022-03-04T23:08:37+00:00","dateModified":"2022-03-04T23:08:39+00:00","description":"Se une a la alianza establecida entre Abogadas MX y ONU Mujeres para crear, junto con otras firmas de abogados, los Est\u00e1ndares M\u00ednimos de Inclusi\u00f3n y Diversidad dentro de los Despachos de Abogados en M\u00e9xico.","breadcrumb":{"@id":"https:\/\/revistapotencialhumano.com.mx\/publicaciones\/del-castillo-y-castro-se-compromete-formalmente-a-promover-la-inclusion-y-diversidad-con-onu-mujeres-y-abogadas-mx\/#breadcrumb"},"inLanguage":"es","potentialAction":[{"@type":"ReadAction","target":["https:\/\/revistapotencialhumano.com.mx\/publicaciones\/del-castillo-y-castro-se-compromete-formalmente-a-promover-la-inclusion-y-diversidad-con-onu-mujeres-y-abogadas-mx\/"]}]},{"@type":"BreadcrumbList","@id":"https:\/\/revistapotencialhumano.com.mx\/publicaciones\/del-castillo-y-castro-se-compromete-formalmente-a-promover-la-inclusion-y-diversidad-con-onu-mujeres-y-abogadas-mx\/#breadcrumb","itemListElement":[{"@type":"ListItem","position":1,"name":"Home","item":"https:\/\/revistapotencialhumano.com.mx\/publicaciones\/"},{"@type":"ListItem","position":2,"name":"Del Castillo y Castro se compromete formalmente a promover la inclusi\u00f3n y diversidad, con ONU Mujeres y Abogadas MX"}]},{"@type":"WebSite","@id":"https:\/\/revistapotencialhumano.com.mx\/publicaciones\/#website","url":"https:\/\/revistapotencialhumano.com.mx\/publicaciones\/","name":"Revista Potencial Humano","description":"Revista Potencial Humano, publicaciones, podcast","publisher":{"@id":"https:\/\/revistapotencialhumano.com.mx\/publicaciones\/#organization"},"potentialAction":[{"@type":"SearchAction","target":{"@type":"EntryPoint","urlTemplate":"https:\/\/revistapotencialhumano.com.mx\/publicaciones\/?s={search_term_string}"},"query-input":"required name=search_term_string"}],"inLanguage":"es"},{"@type":"Organization","@id":"https:\/\/revistapotencialhumano.com.mx\/publicaciones\/#organization","name":"Revista Potencial Humano","url":"https:\/\/revistapotencialhumano.com.mx\/publicaciones\/","logo":{"@type":"ImageObject","inLanguage":"es","@id":"https:\/\/revistapotencialhumano.com.mx\/publicaciones\/#\/schema\/logo\/image\/","url":"https:\/\/revistapotencialhumano.com.mx\/publicaciones\/wp-content\/uploads\/2019\/05\/icon-potencial-humano.png","contentUrl":"https:\/\/revistapotencialhumano.com.mx\/publicaciones\/wp-content\/uploads\/2019\/05\/icon-potencial-humano.png","width":512,"height":512,"caption":"Revista Potencial Humano"},"image":{"@id":"https:\/\/revistapotencialhumano.com.mx\/publicaciones\/#\/schema\/logo\/image\/"},"sameAs":["https:\/\/www.facebook.com\/RPotencialHumano","https:\/\/www.instagram.com\/rpotencialhumano\/"]},{"@type":"Person","@id":"https:\/\/revistapotencialhumano.com.mx\/publicaciones\/#\/schema\/person\/8854d64a87ad95f7ae27a8c3c9252d90","name":"C\u00e9sar Guillermo Ju\u00e1rez Aldana","image":{"@type":"ImageObject","inLanguage":"es","@id":"https:\/\/revistapotencialhumano.com.mx\/publicaciones\/#\/schema\/person\/image\/","url":"https:\/\/secure.gravatar.com\/avatar\/3f3511524a092905471636d35d45f7e2?s=96&d=retro&r=g","contentUrl":"https:\/\/secure.gravatar.com\/avatar\/3f3511524a092905471636d35d45f7e2?s=96&d=retro&r=g","caption":"C\u00e9sar Guillermo Ju\u00e1rez Aldana"}}]}},"_links":{"self":[{"href":"https:\/\/revistapotencialhumano.com.mx\/publicaciones\/wp-json\/wp\/v2\/posts\/7825"}],"collection":[{"href":"https:\/\/revistapotencialhumano.com.mx\/publicaciones\/wp-json\/wp\/v2\/posts"}],"about":[{"href":"https:\/\/revistapotencialhumano.com.mx\/publicaciones\/wp-json\/wp\/v2\/types\/post"}],"author":[{"embeddable":true,"href":"https:\/\/revistapotencialhumano.com.mx\/publicaciones\/wp-json\/wp\/v2\/users\/6"}],"replies":[{"embeddable":true,"href":"https:\/\/revistapotencialhumano.com.mx\/publicaciones\/wp-json\/wp\/v2\/comments?post=7825"}],"version-history":[{"count":1,"href":"https:\/\/revistapotencialhumano.com.mx\/publicaciones\/wp-json\/wp\/v2\/posts\/7825\/revisions"}],"predecessor-version":[{"id":7828,"href":"https:\/\/revistapotencialhumano.com.mx\/publicaciones\/wp-json\/wp\/v2\/posts\/7825\/revisions\/7828"}],"wp:featuredmedia":[{"embeddable":true,"href":"https:\/\/revistapotencialhumano.com.mx\/publicaciones\/wp-json\/wp\/v2\/media\/7827"}],"wp:attachment":[{"href":"https:\/\/revistapotencialhumano.com.mx\/publicaciones\/wp-json\/wp\/v2\/media?parent=7825"}],"wp:term":[{"taxonomy":"category","embeddable":true,"href":"https:\/\/revistapotencialhumano.com.mx\/publicaciones\/wp-json\/wp\/v2\/categories?post=7825"},{"taxonomy":"post_tag","embeddable":true,"href":"https:\/\/revistapotencialhumano.com.mx\/publicaciones\/wp-json\/wp\/v2\/tags?post=7825"}],"curies":[{"name":"wp","href":"https:\/\/api.w.org\/{rel}","templated":true}]}}