{"id":7845,"date":"2022-03-04T17:29:28","date_gmt":"2022-03-04T23:29:28","guid":{"rendered":"https:\/\/revistapotencialhumano.com.mx\/publicaciones\/?p=7845"},"modified":"2022-03-04T17:29:29","modified_gmt":"2022-03-04T23:29:29","slug":"wework-cierra-el-ano-triplicando-ventas-y-arranca-2022-con-la-apertura-de-nuevo-edificio-en-guadalajara","status":"publish","type":"post","link":"https:\/\/revistapotencialhumano.com.mx\/publicaciones\/wework-cierra-el-ano-triplicando-ventas-y-arranca-2022-con-la-apertura-de-nuevo-edificio-en-guadalajara\/","title":{"rendered":"WeWork cierra el a\u00f1o triplicando ventas y arranca 2022 con la apertura de nuevo edificio en Guadalajara"},"content":{"rendered":"\n<ul><li><em>El moderno complejo de WeWork Punto Sur cont\u00f3 con una inversi\u00f3n de 4.8 millones de d\u00f3lares para adaptar m\u00e1s de 800 centros de trabajo y responder a la creciente demanda de la regi\u00f3n por adoptar espacios flexibles&nbsp;<\/em><\/li><li><em>WeWork cerr\u00f3 el a\u00f1o 2021 con un aumento del 50% en sus ventas s\u00f3lo en Jalisco y amplia su presencia en el estado con la apertura de WeWork Punto Sur&nbsp;<\/em><\/li><li><em>Al cierre de 2021 WeWork report\u00f3 un repunte de resultados triplicando las ventas de nuevos escritorios y el tr\u00e1fico en sus edificios.<\/em><em><\/em><\/li><\/ul>\n\n\n\n<figure class=\"wp-block-image size-large\"><img loading=\"lazy\" decoding=\"async\" width=\"1200\" height=\"630\" src=\"https:\/\/revistapotencialhumano.com.mx\/publicaciones\/wp-content\/uploads\/2022\/03\/WeWork_1.png\" alt=\"\" class=\"wp-image-7846\" srcset=\"https:\/\/revistapotencialhumano.com.mx\/publicaciones\/wp-content\/uploads\/2022\/03\/WeWork_1.png 1200w, https:\/\/revistapotencialhumano.com.mx\/publicaciones\/wp-content\/uploads\/2022\/03\/WeWork_1-610x320.png 610w\" sizes=\"(max-width: 1200px) 100vw, 1200px\" \/><\/figure>\n\n\n\n<p><strong>Guadalajara, Jalisco, marzo 2022.-<\/strong>&nbsp;Con una inversi\u00f3n de 4.8 millones de d\u00f3lares destinados a la adaptaci\u00f3n de espacios, WeWork, l\u00edder global de espacios flexibles de trabajo, abri\u00f3 su cuarta sede en el estado de Jalisco:&nbsp;<strong>WeWork Punto Sur<\/strong>. El nuevo complejo de espacios flexibles llega a complementar la oferta de la compa\u00f1\u00eda en la regi\u00f3n, donde ya cuenta con tres ubicaciones WeWork Am\u00e9ricas, WeWork Midtown y WeWork The Landmark, siendo este \u00faltimo el tercer edificio de la empresa en registrar el mayor flujo de personas en 2021, solo detr\u00e1s de Reforma Latino y Varsovia, ambos con sede en la capital del pa\u00eds.<\/p>\n\n\n\n<p>A partir del mes de diciembre de 2021, WeWork Punto Sur, ubicado en el municipio de Tlajomulco de Z\u00fa\u00f1iga, en el innovador desarrollo inmobiliario que lleva el mismo nombre, y, a 40 minutos del centro del centro de Guadalajara, puso a disposici\u00f3n de profesionales y empresas de cualquier tama\u00f1o m\u00e1s de 8000 lugares de trabajo, distribuidos en dos pisos, para que puedan cumplir con la demanda propia de las nuevas formas de trabajo, en donde la flexibilidad, es el principal elemento que define los nuevos modelos laborales.<\/p>\n\n\n\n<p>\u00c1lvaro Villar, General Manager para WeWork M\u00e9xico, destac\u00f3 durante el corte de list\u00f3n: \u201cestamos muy emocionados de abrir este complejo en Jalisco en momentos tan relevantes para la econom\u00eda. Adem\u00e1s de reafirmar nuestro compromiso con el crecimiento del estado, estamos ampliando nuestra oferta en una regi\u00f3n clave para la recuperaci\u00f3n econ\u00f3mica del pa\u00eds, donde la demanda de espacios flexibles crece a ritmo constante y donde las nuevas formas de trabajar cobran m\u00e1s importancia cada d\u00eda\u201d.<\/p>\n\n\n\n<p>El crecimiento tecnol\u00f3gico, la atracci\u00f3n de talento y la capacidad de inversi\u00f3n sit\u00faan a Jalisco como un importante hub tecnol\u00f3gico, con amplio potencial para la consolidaci\u00f3n de empresas de todos los sectores. En este contexto, WeWork contin\u00faa apostando por el estado como un aliado para ampliar sus operaciones, a la vez que contribuye a la reactivaci\u00f3n econ\u00f3mica por medio de acciones y alianzas, como la concretada meses atr\u00e1s con la Secretar\u00eda de Desarrollo Econ\u00f3mico de Jalisco (SEDECO) para impulsar la atracci\u00f3n de inversiones y propiciar la competitividad de las compa\u00f1\u00edas locales.<\/p>\n\n\n\n<p>Durante el evento de inauguraci\u00f3n del edificio WeWork Punto Sur, el Presidente del Gobierno de Tlajomulco, Salvador Zamora Zamora se\u00f1al\u00f3: \u201ccreo firmemente que contar con espacios adecuados con todo tipo de amenidades para las empresas o trabajadores independientes, startups y desarrolladores tecnol\u00f3gicos es un elemento b\u00e1sico para una buena productividad. Es bueno saber que contamos, desde hoy, con este tipo de oportunidades para nuestro pa\u00eds, para Jalisco y ahora para Tlajomulco\u201d.&nbsp;<\/p>\n\n\n\n<p>La apuesta de WeWork por Jalisco y el pa\u00eds es s\u00f3lida, no solo inicia el a\u00f1o con una nueva apertura, sino que recientemente lanz\u00f3 su membres\u00eda&nbsp;<strong><em>WeWork All Access<\/em><\/strong>, un pasaporte a las m\u00e1s de 700 ubicaciones de WeWork en todo el mundo con la facilidad de reservar un espacio de trabajo desde un tel\u00e9fono m\u00f3vil.<\/p>\n\n\n\n<p>A medida que los \u00edndices de vacunaci\u00f3n avanzan, las empresas y colaboradores est\u00e1n retomando sus rutinas de forma gradual, esto incluye el regreso a sus espacios de trabajo. Despu\u00e9s de m\u00e1s de dos a\u00f1os trabajando desde casa, muchas empresas han iniciado su transici\u00f3n a modelos de trabajo h\u00edbrido favoreciendo el bienestar y la productividad. Los resultados de WeWork en el \u00faltimo a\u00f1o son testimonio de que esta tendencia contin\u00faa al alza.<\/p>\n\n\n\n<p>Priscila Nieves, directora del Centro de Operaciones de Excelencia de Vallen en M\u00e9xico &#8211; compa\u00f1\u00eda que ha encontrado en la empresa l\u00edder de espacios flexibles un aliado para la consolidaci\u00f3n de su negocio en el pa\u00eds &#8211; coment\u00f3: \u201cWeWork ha sido un verdadero socio para Vallen en la obtenci\u00f3n de espacio de oficina que satisfaga las necesidades de nuestros asociados. Nuestro equipo est\u00e1 motivado y disfruta de su lugar de trabajo, gracias al modelo h\u00edbrido flexible implementado, que nos permite mantener a nuestra gente segura y productiva\u201d.<\/p>\n\n\n\n<p><strong>WeWork Punto Sur<\/strong>&nbsp;se une a los 25 edificios que la compa\u00f1\u00eda tiene en el pa\u00eds para responder a la creciente demanda de espacios flexibles, que cada vez m\u00e1s empresas adoptan como parte fundamental de su estrategia para atraer y retener al mejor talento en el 2022. Adem\u00e1s, se destaca que para promover esta nueva sede, se activar\u00e1 un descuento del 50%&nbsp;en el contrato para nuevos miembros de<em>&nbsp;<\/em>WeWork Punto Sur<em>.<\/em><\/p>\n\n\n\n<p>\u201cEste es solo el inicio de lo que se viene para WeWork en los pr\u00f3ximos meses. Estamos muy emocionados por esta apertura, la primera despu\u00e9s de varios meses retadores. Nuestro objetivo es fortalecer nuestra posici\u00f3n como l\u00edderes del espacio flexible, enfocarnos en la rentabilidad, la eficiencia de nuestras operaciones y nuestro crecimiento, mientras apoyamos a las empresas en su vuelta al trabajo\u201d concluy\u00f3 Villar.&nbsp;<\/p>\n\n\n\n<hr class=\"wp-block-separator\"\/>\n\n\n\n<p><strong>Acerca de WeWork<\/strong><\/p>\n\n\n\n<p><em>WeWork es el l\u00edder mundial en espacios flexibles que brinda a las empresas de todos los tama\u00f1os el espacio, la comunidad y los servicios que necesitan para administrar y hacer crecer su negocio. Con m\u00e1s de 700 ubicaciones, en 151 ciudades y 38 pa\u00edses de todo el mundo, WeWork ofrece soluciones de espacio flexible a sus m\u00e1s de 500.000 miembros en todo el mundo.<\/em><\/p>\n","protected":false},"excerpt":{"rendered":"<p>La apuesta de WeWork por Jalisco y el pa\u00eds es s\u00f3lida, no solo inicia el a\u00f1o con una nueva apertura, sino que recientemente lanz\u00f3 su membres\u00eda WeWork All Access, un pasaporte a las m\u00e1s de 700 ubicaciones de WeWork en todo el mundo&#8230;<\/p>\n","protected":false},"author":6,"featured_media":7847,"comment_status":"closed","ping_status":"closed","sticky":false,"template":"","format":"standard","meta":{"_et_pb_use_builder":"off","_et_pb_old_content":"","_et_gb_content_width":"","footnotes":""},"categories":[743,132],"tags":[260,229,723],"yoast_head":"<!-- This site is optimized with the Yoast SEO plugin v22.1 - https:\/\/yoast.com\/wordpress\/plugins\/seo\/ -->\n<title>WeWork cierra el a\u00f1o triplicando ventas y arranca 2022 con la apertura de nuevo edificio en Guadalajara - Revista Potencial Humano<\/title>\n<meta name=\"description\" content=\"La apuesta de WeWork por Jalisco y el pa\u00eds es s\u00f3lida, no solo inicia el a\u00f1o con una nueva apertura, sino que recientemente lanz\u00f3 su membres\u00eda WeWork All Access, un pasaporte a las m\u00e1s de 700 ubicaciones de WeWork en todo el mundo...\" \/>\n<meta name=\"robots\" content=\"index, follow, max-snippet:-1, max-image-preview:large, max-video-preview:-1\" \/>\n<link rel=\"canonical\" href=\"https:\/\/revistapotencialhumano.com.mx\/publicaciones\/wework-cierra-el-ano-triplicando-ventas-y-arranca-2022-con-la-apertura-de-nuevo-edificio-en-guadalajara\/\" \/>\n<meta property=\"og:locale\" content=\"es_ES\" \/>\n<meta property=\"og:type\" content=\"article\" \/>\n<meta property=\"og:title\" content=\"WEWORK CIERRA EL A\u00d1O TRIPLICANDO VENTAS Y ARRANCA 2022 CON LA APERTURA DE NUEVO EDIFICIO EN GUADALAJARA\" \/>\n<meta property=\"og:description\" content=\"La apuesta de WeWork por Jalisco y el pa\u00eds es s\u00f3lida, no solo inicia el a\u00f1o con una nueva apertura, sino que recientemente lanz\u00f3 su membres\u00eda WeWork All Access, un pasaporte a las m\u00e1s de 700 ubicaciones de WeWork en todo el mundo...\" \/>\n<meta property=\"og:url\" content=\"https:\/\/revistapotencialhumano.com.mx\/publicaciones\/wework-cierra-el-ano-triplicando-ventas-y-arranca-2022-con-la-apertura-de-nuevo-edificio-en-guadalajara\/\" \/>\n<meta property=\"og:site_name\" content=\"Revista Potencial Humano\" \/>\n<meta property=\"article:publisher\" content=\"https:\/\/www.facebook.com\/RPotencialHumano\" \/>\n<meta property=\"article:published_time\" content=\"2022-03-04T23:29:28+00:00\" \/>\n<meta property=\"article:modified_time\" content=\"2022-03-04T23:29:29+00:00\" \/>\n<meta property=\"og:image\" content=\"https:\/\/revistapotencialhumano.com.mx\/publicaciones\/wp-content\/uploads\/2022\/03\/WeWork_1.png\" \/>\n\t<meta property=\"og:image:width\" content=\"1200\" \/>\n\t<meta property=\"og:image:height\" content=\"630\" \/>\n\t<meta property=\"og:image:type\" content=\"image\/png\" \/>\n<meta name=\"author\" content=\"C\u00e9sar Guillermo Ju\u00e1rez Aldana\" \/>\n<meta name=\"twitter:card\" content=\"summary_large_image\" \/>\n<meta name=\"twitter:label1\" content=\"Written by\" \/>\n\t<meta name=\"twitter:data1\" content=\"C\u00e9sar Guillermo Ju\u00e1rez Aldana\" \/>\n\t<meta name=\"twitter:label2\" content=\"Est. reading time\" \/>\n\t<meta name=\"twitter:data2\" content=\"5 minutos\" \/>\n<script type=\"application\/ld+json\" class=\"yoast-schema-graph\">{\"@context\":\"https:\/\/schema.org\",\"@graph\":[{\"@type\":\"Article\",\"@id\":\"https:\/\/revistapotencialhumano.com.mx\/publicaciones\/wework-cierra-el-ano-triplicando-ventas-y-arranca-2022-con-la-apertura-de-nuevo-edificio-en-guadalajara\/#article\",\"isPartOf\":{\"@id\":\"https:\/\/revistapotencialhumano.com.mx\/publicaciones\/wework-cierra-el-ano-triplicando-ventas-y-arranca-2022-con-la-apertura-de-nuevo-edificio-en-guadalajara\/\"},\"author\":{\"name\":\"C\u00e9sar Guillermo Ju\u00e1rez Aldana\",\"@id\":\"https:\/\/revistapotencialhumano.com.mx\/publicaciones\/#\/schema\/person\/8854d64a87ad95f7ae27a8c3c9252d90\"},\"headline\":\"WeWork cierra el a\u00f1o triplicando ventas y arranca 2022 con la apertura de nuevo edificio en Guadalajara\",\"datePublished\":\"2022-03-04T23:29:28+00:00\",\"dateModified\":\"2022-03-04T23:29:29+00:00\",\"mainEntityOfPage\":{\"@id\":\"https:\/\/revistapotencialhumano.com.mx\/publicaciones\/wework-cierra-el-ano-triplicando-ventas-y-arranca-2022-con-la-apertura-de-nuevo-edificio-en-guadalajara\/\"},\"wordCount\":1026,\"publisher\":{\"@id\":\"https:\/\/revistapotencialhumano.com.mx\/publicaciones\/#organization\"},\"keywords\":[\"empresas\",\"trabajo\",\"wework\"],\"articleSection\":[\"Marzo - Abril 2022\",\"Noticias\"],\"inLanguage\":\"es\"},{\"@type\":\"WebPage\",\"@id\":\"https:\/\/revistapotencialhumano.com.mx\/publicaciones\/wework-cierra-el-ano-triplicando-ventas-y-arranca-2022-con-la-apertura-de-nuevo-edificio-en-guadalajara\/\",\"url\":\"https:\/\/revistapotencialhumano.com.mx\/publicaciones\/wework-cierra-el-ano-triplicando-ventas-y-arranca-2022-con-la-apertura-de-nuevo-edificio-en-guadalajara\/\",\"name\":\"WeWork cierra el a\u00f1o triplicando ventas y arranca 2022 con la apertura de nuevo edificio en Guadalajara - Revista Potencial Humano\",\"isPartOf\":{\"@id\":\"https:\/\/revistapotencialhumano.com.mx\/publicaciones\/#website\"},\"datePublished\":\"2022-03-04T23:29:28+00:00\",\"dateModified\":\"2022-03-04T23:29:29+00:00\",\"description\":\"La apuesta de WeWork por Jalisco y el pa\u00eds es s\u00f3lida, no solo inicia el a\u00f1o con una nueva apertura, sino que recientemente lanz\u00f3 su membres\u00eda WeWork All Access, un pasaporte a las m\u00e1s de 700 ubicaciones de WeWork en todo el mundo...\",\"breadcrumb\":{\"@id\":\"https:\/\/revistapotencialhumano.com.mx\/publicaciones\/wework-cierra-el-ano-triplicando-ventas-y-arranca-2022-con-la-apertura-de-nuevo-edificio-en-guadalajara\/#breadcrumb\"},\"inLanguage\":\"es\",\"potentialAction\":[{\"@type\":\"ReadAction\",\"target\":[\"https:\/\/revistapotencialhumano.com.mx\/publicaciones\/wework-cierra-el-ano-triplicando-ventas-y-arranca-2022-con-la-apertura-de-nuevo-edificio-en-guadalajara\/\"]}]},{\"@type\":\"BreadcrumbList\",\"@id\":\"https:\/\/revistapotencialhumano.com.mx\/publicaciones\/wework-cierra-el-ano-triplicando-ventas-y-arranca-2022-con-la-apertura-de-nuevo-edificio-en-guadalajara\/#breadcrumb\",\"itemListElement\":[{\"@type\":\"ListItem\",\"position\":1,\"name\":\"Home\",\"item\":\"https:\/\/revistapotencialhumano.com.mx\/publicaciones\/\"},{\"@type\":\"ListItem\",\"position\":2,\"name\":\"WeWork cierra el a\u00f1o triplicando ventas y arranca 2022 con la apertura de nuevo edificio en Guadalajara\"}]},{\"@type\":\"WebSite\",\"@id\":\"https:\/\/revistapotencialhumano.com.mx\/publicaciones\/#website\",\"url\":\"https:\/\/revistapotencialhumano.com.mx\/publicaciones\/\",\"name\":\"Revista Potencial Humano\",\"description\":\"Revista Potencial Humano, publicaciones, podcast\",\"publisher\":{\"@id\":\"https:\/\/revistapotencialhumano.com.mx\/publicaciones\/#organization\"},\"potentialAction\":[{\"@type\":\"SearchAction\",\"target\":{\"@type\":\"EntryPoint\",\"urlTemplate\":\"https:\/\/revistapotencialhumano.com.mx\/publicaciones\/?s={search_term_string}\"},\"query-input\":\"required name=search_term_string\"}],\"inLanguage\":\"es\"},{\"@type\":\"Organization\",\"@id\":\"https:\/\/revistapotencialhumano.com.mx\/publicaciones\/#organization\",\"name\":\"Revista Potencial Humano\",\"url\":\"https:\/\/revistapotencialhumano.com.mx\/publicaciones\/\",\"logo\":{\"@type\":\"ImageObject\",\"inLanguage\":\"es\",\"@id\":\"https:\/\/revistapotencialhumano.com.mx\/publicaciones\/#\/schema\/logo\/image\/\",\"url\":\"https:\/\/revistapotencialhumano.com.mx\/publicaciones\/wp-content\/uploads\/2019\/05\/icon-potencial-humano.png\",\"contentUrl\":\"https:\/\/revistapotencialhumano.com.mx\/publicaciones\/wp-content\/uploads\/2019\/05\/icon-potencial-humano.png\",\"width\":512,\"height\":512,\"caption\":\"Revista Potencial Humano\"},\"image\":{\"@id\":\"https:\/\/revistapotencialhumano.com.mx\/publicaciones\/#\/schema\/logo\/image\/\"},\"sameAs\":[\"https:\/\/www.facebook.com\/RPotencialHumano\",\"https:\/\/www.instagram.com\/rpotencialhumano\/\"]},{\"@type\":\"Person\",\"@id\":\"https:\/\/revistapotencialhumano.com.mx\/publicaciones\/#\/schema\/person\/8854d64a87ad95f7ae27a8c3c9252d90\",\"name\":\"C\u00e9sar Guillermo Ju\u00e1rez Aldana\",\"image\":{\"@type\":\"ImageObject\",\"inLanguage\":\"es\",\"@id\":\"https:\/\/revistapotencialhumano.com.mx\/publicaciones\/#\/schema\/person\/image\/\",\"url\":\"https:\/\/secure.gravatar.com\/avatar\/3f3511524a092905471636d35d45f7e2?s=96&d=retro&r=g\",\"contentUrl\":\"https:\/\/secure.gravatar.com\/avatar\/3f3511524a092905471636d35d45f7e2?s=96&d=retro&r=g\",\"caption\":\"C\u00e9sar Guillermo Ju\u00e1rez Aldana\"}}]}<\/script>\n<!-- \/ Yoast SEO plugin. -->","yoast_head_json":{"title":"WeWork cierra el a\u00f1o triplicando ventas y arranca 2022 con la apertura de nuevo edificio en Guadalajara - Revista Potencial Humano","description":"La apuesta de WeWork por Jalisco y el pa\u00eds es s\u00f3lida, no solo inicia el a\u00f1o con una nueva apertura, sino que recientemente lanz\u00f3 su membres\u00eda WeWork All Access, un pasaporte a las m\u00e1s de 700 ubicaciones de WeWork en todo el mundo...","robots":{"index":"index","follow":"follow","max-snippet":"max-snippet:-1","max-image-preview":"max-image-preview:large","max-video-preview":"max-video-preview:-1"},"canonical":"https:\/\/revistapotencialhumano.com.mx\/publicaciones\/wework-cierra-el-ano-triplicando-ventas-y-arranca-2022-con-la-apertura-de-nuevo-edificio-en-guadalajara\/","og_locale":"es_ES","og_type":"article","og_title":"WEWORK CIERRA EL A\u00d1O TRIPLICANDO VENTAS Y ARRANCA 2022 CON LA APERTURA DE NUEVO EDIFICIO EN GUADALAJARA","og_description":"La apuesta de WeWork por Jalisco y el pa\u00eds es s\u00f3lida, no solo inicia el a\u00f1o con una nueva apertura, sino que recientemente lanz\u00f3 su membres\u00eda WeWork All Access, un pasaporte a las m\u00e1s de 700 ubicaciones de WeWork en todo el mundo...","og_url":"https:\/\/revistapotencialhumano.com.mx\/publicaciones\/wework-cierra-el-ano-triplicando-ventas-y-arranca-2022-con-la-apertura-de-nuevo-edificio-en-guadalajara\/","og_site_name":"Revista Potencial Humano","article_publisher":"https:\/\/www.facebook.com\/RPotencialHumano","article_published_time":"2022-03-04T23:29:28+00:00","article_modified_time":"2022-03-04T23:29:29+00:00","og_image":[{"width":1200,"height":630,"url":"https:\/\/revistapotencialhumano.com.mx\/publicaciones\/wp-content\/uploads\/2022\/03\/WeWork_1.png","type":"image\/png"}],"author":"C\u00e9sar Guillermo Ju\u00e1rez Aldana","twitter_card":"summary_large_image","twitter_misc":{"Written by":"C\u00e9sar Guillermo Ju\u00e1rez Aldana","Est. reading time":"5 minutos"},"schema":{"@context":"https:\/\/schema.org","@graph":[{"@type":"Article","@id":"https:\/\/revistapotencialhumano.com.mx\/publicaciones\/wework-cierra-el-ano-triplicando-ventas-y-arranca-2022-con-la-apertura-de-nuevo-edificio-en-guadalajara\/#article","isPartOf":{"@id":"https:\/\/revistapotencialhumano.com.mx\/publicaciones\/wework-cierra-el-ano-triplicando-ventas-y-arranca-2022-con-la-apertura-de-nuevo-edificio-en-guadalajara\/"},"author":{"name":"C\u00e9sar Guillermo Ju\u00e1rez Aldana","@id":"https:\/\/revistapotencialhumano.com.mx\/publicaciones\/#\/schema\/person\/8854d64a87ad95f7ae27a8c3c9252d90"},"headline":"WeWork cierra el a\u00f1o triplicando ventas y arranca 2022 con la apertura de nuevo edificio en Guadalajara","datePublished":"2022-03-04T23:29:28+00:00","dateModified":"2022-03-04T23:29:29+00:00","mainEntityOfPage":{"@id":"https:\/\/revistapotencialhumano.com.mx\/publicaciones\/wework-cierra-el-ano-triplicando-ventas-y-arranca-2022-con-la-apertura-de-nuevo-edificio-en-guadalajara\/"},"wordCount":1026,"publisher":{"@id":"https:\/\/revistapotencialhumano.com.mx\/publicaciones\/#organization"},"keywords":["empresas","trabajo","wework"],"articleSection":["Marzo - Abril 2022","Noticias"],"inLanguage":"es"},{"@type":"WebPage","@id":"https:\/\/revistapotencialhumano.com.mx\/publicaciones\/wework-cierra-el-ano-triplicando-ventas-y-arranca-2022-con-la-apertura-de-nuevo-edificio-en-guadalajara\/","url":"https:\/\/revistapotencialhumano.com.mx\/publicaciones\/wework-cierra-el-ano-triplicando-ventas-y-arranca-2022-con-la-apertura-de-nuevo-edificio-en-guadalajara\/","name":"WeWork cierra el a\u00f1o triplicando ventas y arranca 2022 con la apertura de nuevo edificio en Guadalajara - Revista Potencial Humano","isPartOf":{"@id":"https:\/\/revistapotencialhumano.com.mx\/publicaciones\/#website"},"datePublished":"2022-03-04T23:29:28+00:00","dateModified":"2022-03-04T23:29:29+00:00","description":"La apuesta de WeWork por Jalisco y el pa\u00eds es s\u00f3lida, no solo inicia el a\u00f1o con una nueva apertura, sino que recientemente lanz\u00f3 su membres\u00eda WeWork All Access, un pasaporte a las m\u00e1s de 700 ubicaciones de WeWork en todo el mundo...","breadcrumb":{"@id":"https:\/\/revistapotencialhumano.com.mx\/publicaciones\/wework-cierra-el-ano-triplicando-ventas-y-arranca-2022-con-la-apertura-de-nuevo-edificio-en-guadalajara\/#breadcrumb"},"inLanguage":"es","potentialAction":[{"@type":"ReadAction","target":["https:\/\/revistapotencialhumano.com.mx\/publicaciones\/wework-cierra-el-ano-triplicando-ventas-y-arranca-2022-con-la-apertura-de-nuevo-edificio-en-guadalajara\/"]}]},{"@type":"BreadcrumbList","@id":"https:\/\/revistapotencialhumano.com.mx\/publicaciones\/wework-cierra-el-ano-triplicando-ventas-y-arranca-2022-con-la-apertura-de-nuevo-edificio-en-guadalajara\/#breadcrumb","itemListElement":[{"@type":"ListItem","position":1,"name":"Home","item":"https:\/\/revistapotencialhumano.com.mx\/publicaciones\/"},{"@type":"ListItem","position":2,"name":"WeWork cierra el a\u00f1o triplicando ventas y arranca 2022 con la apertura de nuevo edificio en Guadalajara"}]},{"@type":"WebSite","@id":"https:\/\/revistapotencialhumano.com.mx\/publicaciones\/#website","url":"https:\/\/revistapotencialhumano.com.mx\/publicaciones\/","name":"Revista Potencial Humano","description":"Revista Potencial Humano, publicaciones, podcast","publisher":{"@id":"https:\/\/revistapotencialhumano.com.mx\/publicaciones\/#organization"},"potentialAction":[{"@type":"SearchAction","target":{"@type":"EntryPoint","urlTemplate":"https:\/\/revistapotencialhumano.com.mx\/publicaciones\/?s={search_term_string}"},"query-input":"required name=search_term_string"}],"inLanguage":"es"},{"@type":"Organization","@id":"https:\/\/revistapotencialhumano.com.mx\/publicaciones\/#organization","name":"Revista Potencial Humano","url":"https:\/\/revistapotencialhumano.com.mx\/publicaciones\/","logo":{"@type":"ImageObject","inLanguage":"es","@id":"https:\/\/revistapotencialhumano.com.mx\/publicaciones\/#\/schema\/logo\/image\/","url":"https:\/\/revistapotencialhumano.com.mx\/publicaciones\/wp-content\/uploads\/2019\/05\/icon-potencial-humano.png","contentUrl":"https:\/\/revistapotencialhumano.com.mx\/publicaciones\/wp-content\/uploads\/2019\/05\/icon-potencial-humano.png","width":512,"height":512,"caption":"Revista Potencial Humano"},"image":{"@id":"https:\/\/revistapotencialhumano.com.mx\/publicaciones\/#\/schema\/logo\/image\/"},"sameAs":["https:\/\/www.facebook.com\/RPotencialHumano","https:\/\/www.instagram.com\/rpotencialhumano\/"]},{"@type":"Person","@id":"https:\/\/revistapotencialhumano.com.mx\/publicaciones\/#\/schema\/person\/8854d64a87ad95f7ae27a8c3c9252d90","name":"C\u00e9sar Guillermo Ju\u00e1rez Aldana","image":{"@type":"ImageObject","inLanguage":"es","@id":"https:\/\/revistapotencialhumano.com.mx\/publicaciones\/#\/schema\/person\/image\/","url":"https:\/\/secure.gravatar.com\/avatar\/3f3511524a092905471636d35d45f7e2?s=96&d=retro&r=g","contentUrl":"https:\/\/secure.gravatar.com\/avatar\/3f3511524a092905471636d35d45f7e2?s=96&d=retro&r=g","caption":"C\u00e9sar Guillermo Ju\u00e1rez Aldana"}}]}},"_links":{"self":[{"href":"https:\/\/revistapotencialhumano.com.mx\/publicaciones\/wp-json\/wp\/v2\/posts\/7845"}],"collection":[{"href":"https:\/\/revistapotencialhumano.com.mx\/publicaciones\/wp-json\/wp\/v2\/posts"}],"about":[{"href":"https:\/\/revistapotencialhumano.com.mx\/publicaciones\/wp-json\/wp\/v2\/types\/post"}],"author":[{"embeddable":true,"href":"https:\/\/revistapotencialhumano.com.mx\/publicaciones\/wp-json\/wp\/v2\/users\/6"}],"replies":[{"embeddable":true,"href":"https:\/\/revistapotencialhumano.com.mx\/publicaciones\/wp-json\/wp\/v2\/comments?post=7845"}],"version-history":[{"count":1,"href":"https:\/\/revistapotencialhumano.com.mx\/publicaciones\/wp-json\/wp\/v2\/posts\/7845\/revisions"}],"predecessor-version":[{"id":7848,"href":"https:\/\/revistapotencialhumano.com.mx\/publicaciones\/wp-json\/wp\/v2\/posts\/7845\/revisions\/7848"}],"wp:featuredmedia":[{"embeddable":true,"href":"https:\/\/revistapotencialhumano.com.mx\/publicaciones\/wp-json\/wp\/v2\/media\/7847"}],"wp:attachment":[{"href":"https:\/\/revistapotencialhumano.com.mx\/publicaciones\/wp-json\/wp\/v2\/media?parent=7845"}],"wp:term":[{"taxonomy":"category","embeddable":true,"href":"https:\/\/revistapotencialhumano.com.mx\/publicaciones\/wp-json\/wp\/v2\/categories?post=7845"},{"taxonomy":"post_tag","embeddable":true,"href":"https:\/\/revistapotencialhumano.com.mx\/publicaciones\/wp-json\/wp\/v2\/tags?post=7845"}],"curies":[{"name":"wp","href":"https:\/\/api.w.org\/{rel}","templated":true}]}}