{"id":2390,"date":"2025-04-03T05:38:15","date_gmt":"2025-04-03T05:38:15","guid":{"rendered":"https:\/\/revistapotencialhumano.com.mx\/revistadigital\/?p=2390"},"modified":"2025-04-03T05:38:15","modified_gmt":"2025-04-03T05:38:15","slug":"daniel-espinosa","status":"publish","type":"post","link":"https:\/\/revistapotencialhumano.com.mx\/revistadigital\/daniel-espinosa\/","title":{"rendered":"Daniel Espinosa"},"content":{"rendered":"\n<p><strong>En esta edici\u00f3n de <\/strong><em><strong>Potencial Humano<\/strong><\/em><strong>, tengo el honor de presentarles esta entrevista exclusiva con <\/strong><strong>Daniel Espinosa<\/strong><strong>, un visionario del dise\u00f1o de joyer\u00eda cuya trayectoria fusiona la tradici\u00f3n artesanal de Taxco con una visi\u00f3n cosmopolita y contempor\u00e1nea. A lo largo de 30 a\u00f1os, ha llevado su creatividad m\u00e1s all\u00e1 de la joyer\u00eda, expandiendo su marca a la moda, el interiorismo y la filantrop\u00eda. Desde sus inicios en el ic\u00f3nico Pueblo M\u00e1gico hasta su impacto en las pasarelas internacionales y su compromiso con la educaci\u00f3n en Guerrero, Daniel nos comparte su inspiradora historia, su proceso creativo y su misi\u00f3n de preservar el legado artesanal mexicano mientras lo proyecta al mundo. Gracias Daniel por estar hoy en Potencial Humano, bienvenido.<\/strong><\/p>\n\n\n\n<p>Muchas gracias Christopher, es un placer estar contigo y con toda tu audiencia para compartir mi experiencia.<\/p>\n\n\n\n<p><strong>Me gustar\u00eda comenzar por tu infancia. Desde peque\u00f1o te fascin\u00f3 el mundo de la joyer\u00eda. \u00bfRecuerdas alg\u00fan momento espec\u00edfico que haya marcado tu decisi\u00f3n de seguir esta carrera?<\/strong><\/p>\n\n\n\n<p>Haber nacido en el Pueblo M\u00e1gico de Taxco y crecer entre plateros, plater\u00edas y mujeres de mi familia, como mi madre y mis t\u00edas, fue un factor determinante en mi apreciaci\u00f3n y admiraci\u00f3n por la joyer\u00eda. Desde entonces, he desarrollado un profundo respeto por el arte y la maestr\u00eda de los joyeros de Taxco. Con el tiempo, me convert\u00ed en un fiel admirador de esta profesi\u00f3n, imprimiendo mi propio estilo, pero siempre con un origen innegablemente guerrerense.<\/p>\n\n\n\n<p><strong>Has estudiado en reconocidas instituciones internacionales. \u00bfC\u00f3mo influyeron tus estudios en Los \u00c1ngeles, Florencia y Nueva York en tu visi\u00f3n del dise\u00f1o de joyer\u00eda?<\/strong><\/p>\n\n\n\n<p>Mi formaci\u00f3n acad\u00e9mica en instituciones y pa\u00edses tan diversos fue una de las experiencias m\u00e1s enriquecedoras de mi carrera. Convivir con creativos de diferentes culturas y perspectivas fue fascinante, ya que cada uno aportaba su propia visi\u00f3n de la est\u00e9tica y el dise\u00f1o. Nuestros profesores supieron guiar y potenciar nuestras habilidades, ense\u00f1\u00e1ndonos a plasmar nuestra esencia en cada ensayo y proyecto. Gracias a ello, logramos construir poco a poco el estilo que hoy define nuestras colecciones.<\/p>\n\n\n\n<p><strong>Tus dise\u00f1os combinan sofisticaci\u00f3n y modernidad con un toque de tradici\u00f3n. \u00bfC\u00f3mo logras ese equilibrio entre lo contempor\u00e1neo y la riqueza cultural mexicana?<\/strong><\/p>\n\n\n\n<p>Para m\u00ed, resulta natural fusionar la tradici\u00f3n, la energ\u00eda y la riqueza hist\u00f3rica de M\u00e9xico con un estilo contempor\u00e1neo. Esto da como resultado joyas con un car\u00e1cter \u00fanico, que reflejan una esencia latinoamericana dentro de una est\u00e9tica cosmopolita y sofisticada. Estas piezas pueden ser apreciadas en M\u00e9xico, Mil\u00e1n, Nueva York o cualquier lugar del mundo. La influencia de grandes maestros de la arquitectura y la pintura mexicana ha estado presente en mi trayectoria, al igual que mi pasi\u00f3n por viajar y descubrir ciudades que se convierten en una fuente inagotable de inspiraci\u00f3n para cada gema y cada joya.<\/p>\n\n\n\n<p><strong>Uno de tus objetivos es que Taxco recupere su t\u00edtulo como la capital de la plata en Am\u00e9rica. \u00bfQu\u00e9 acciones has implementado para lograrlo?<\/strong><\/p>\n\n\n\n<p>Formo parte activa de un grupo de creativos y empresarios comprometidos con mantener a Taxco como la capital de la plata en Latinoam\u00e9rica. Promover este destino es fundamental, pues su historia est\u00e1 llena de an\u00e9cdotas dignas de ser contadas. Por ejemplo, Taxco era un lugar favorito de Diego Rivera y Frida Kahlo, quienes pasaban temporadas en su casa, una residencia por la que yo pasaba a diario camino a la escuela. Adem\u00e1s, era una parada obligada en el trayecto hacia Acapulco, y figuras como John F. Kennedy y Jackie Kennedy pasaron aqu\u00ed su primera noche de luna de miel antes de continuar hacia la bah\u00eda m\u00e1s bella del mundo. Como estos, muchos otros personajes c\u00e9lebres han quedado cautivados por sus callejuelas empedradas y su inigualable belleza.<\/p>\n\n\n\n<figure class=\"wp-block-image aligncenter size-large is-resized\"><img fetchpriority=\"high\" decoding=\"async\" width=\"747\" height=\"1024\" src=\"https:\/\/revistapotencialhumano.com.mx\/revistadigital\/wp-content\/uploads\/2025\/04\/Daniel-Espinosa_1-747x1024.png\" alt=\"\" class=\"wp-image-2391\" style=\"width:394px;height:auto\" srcset=\"https:\/\/revistapotencialhumano.com.mx\/revistadigital\/wp-content\/uploads\/2025\/04\/Daniel-Espinosa_1-747x1024.png 747w, https:\/\/revistapotencialhumano.com.mx\/revistadigital\/wp-content\/uploads\/2025\/04\/Daniel-Espinosa_1-219x300.png 219w, https:\/\/revistapotencialhumano.com.mx\/revistadigital\/wp-content\/uploads\/2025\/04\/Daniel-Espinosa_1-768x1052.png 768w, https:\/\/revistapotencialhumano.com.mx\/revistadigital\/wp-content\/uploads\/2025\/04\/Daniel-Espinosa_1.png 1000w\" sizes=\"(max-width: 747px) 100vw, 747px\" \/><\/figure>\n\n\n\n<p><strong>Tu museo-taller en Taxco es un concepto \u00fanico. \u00bfC\u00f3mo surgi\u00f3 la idea de transformar tu antigua casa familiar en un espacio vivo para la joyer\u00eda?<\/strong><\/p>\n\n\n\n<p>Crear un espacio que funcione como museo y taller es un concepto fascinante, pues permite a los visitantes convertirse en verdaderos admiradores de la joyer\u00eda artesanal. Al recorrerlo, se puede apreciar la destreza de los artesanos que transforman granos de plata en piezas de extraordinaria belleza, manteniendo la tradici\u00f3n con un toque de contemporaneidad. En este espacio, junto con mi equipo, damos vida a nuestras colecciones. Durante cuatro semanas al a\u00f1o nos sumergimos en un proceso creativo intensivo, logrando desarrollar dos colecciones anuales que posteriormente presentamos en eventos de moda en Madrid, Mil\u00e1n, Par\u00eds y Nueva York.<\/p>\n\n\n\n<p><strong>Tus piezas han conquistado a celebridades y miembros de la realeza. \u00bfRecuerdas alguna an\u00e9cdota especial sobre una personalidad que haya usado tus creaciones?<\/strong><\/p>\n\n\n\n<p>A lo largo de mi carrera, he tenido la oportunidad de trabajar con diversas personalidades, cada una con su propio estilo y una visi\u00f3n particular de la imagen. Recuerdo especialmente una ocasi\u00f3n en la que Nelly Furtado me invit\u00f3 a uno de sus conciertos en Alemania. Cuando llegamos, mi equipo y yo, todos latinoamericanos, pudimos acceder sin problemas, pues el equipo de seguridad asumi\u00f3 que \u00e9ramos parte de su familia, ya que ella sol\u00eda viajar con sus seres queridos. Cuando le coment\u00e9 lo sucedido, nos re\u00edmos a carcajadas.<\/p>\n\n\n\n<p>En otra ocasi\u00f3n, fui invitado a una cena de gala en Palacio Nacional en honor a los entonces Reyes de Espa\u00f1a, Don Juan Carlos y Do\u00f1a Letizia. Tuve el honor de saludarlos personalmente y posteriormente enviar un obsequio (una mu\u00f1eca Barbie) a la Infanta Sof\u00eda. Para mi sorpresa, recib\u00ed una carta oficial de agradecimiento por parte del Palacio del Pr\u00edncipe de Asturias.<\/p>\n\n\n\n<p><strong>Desde 2004 has apoyado diversas causas sociales. \u00bfC\u00f3mo integras la responsabilidad social en tu marca y en la industria de la joyer\u00eda?<\/strong><\/p>\n\n\n\n<p>Para m\u00ed y para mi equipo, apoyar la educaci\u00f3n en Guerrero es una prioridad. Por ello, desde hace varios a\u00f1os soy vicepresidente de la Fundaci\u00f3n Ni\u00f1os en Alegr\u00eda, creada por mi querida amiga Alejandra Alem\u00e1n Khodl. Nos enfocamos en la reconstrucci\u00f3n de escuelas en Guerrero, proporcionando espacios dignos y equipados con tecnolog\u00eda de vanguardia. Nuestro objetivo es ofrecer a alumnos, maestros y padres de familia un entorno propicio para la formaci\u00f3n de futuros profesionales. Hasta el momento, hemos construido 30 escuelas y proyectamos inaugurar 30 m\u00e1s entre 2025 y 2026. As\u00ed es como la moda se convierte en una herramienta para generar un impacto positivo en la sociedad. Los invito a sumarse a este inspirador proyecto en ninosenalegria.org.mx.<\/p>\n\n\n\n<p><strong>Con 75 boutiques en todo el mundo, \u00bfqu\u00e9 nuevos proyectos o mercados te gustar\u00eda explorar en los pr\u00f3ximos a\u00f1os?<\/strong><\/p>\n\n\n\n<p>Este a\u00f1o celebramos 30 a\u00f1os desde el lanzamiento de nuestra primera colecci\u00f3n de joyas. Para conmemorar este hito, hemos expandido nuestra marca con nuevas l\u00edneas de lentes, ropa, decoraci\u00f3n de interiores y bolsos. De esta manera, nos convertimos en la primera marca de dise\u00f1o nacional con un concepto integral, innovador y diferenciado, fusionando nuestra experiencia de tres d\u00e9cadas en el mundo de la moda y el interiorismo. Cada prenda y accesorio es concebido como una aut\u00e9ntica joya, llevando nuestra visi\u00f3n a un nuevo nivel de sofisticaci\u00f3n y estilo.<\/p>\n\n\n\n<p><strong>Qu\u00e9 fascinante historia Daniel. Quiero darte las gracias por el tiempo compartido. Estaremos al pendiente de tus pr\u00f3ximos proyectos.<\/strong><\/p>\n\n\n\n<p>Gracias a ti y a todo tu equipo por la labor que realizan. Espero pronto estar de nuevo en este importante espacio. Me quedo muy contento con todo lo vivido durante el proceso de elaboraci\u00f3n de este volumen de la revista.<\/p>\n","protected":false},"excerpt":{"rendered":"<p>El arte de trascender a trav\u00e9s del dise\u00f1o<br \/>\nEntrevista por Christopher Trejo<\/p>\n","protected":false},"author":1,"featured_media":2392,"comment_status":"open","ping_status":"open","sticky":false,"template":"","format":"standard","meta":{"_monsterinsights_skip_tracking":false,"_monsterinsights_sitenote_active":false,"_monsterinsights_sitenote_note":"","_monsterinsights_sitenote_category":0,"site-sidebar-layout":"default","site-content-layout":"","ast-site-content-layout":"default","site-content-style":"default","site-sidebar-style":"default","ast-global-header-display":"","ast-banner-title-visibility":"","ast-main-header-display":"","ast-hfb-above-header-display":"","ast-hfb-below-header-display":"","ast-hfb-mobile-header-display":"","site-post-title":"","ast-breadcrumbs-content":"","ast-featured-img":"disabled","footer-sml-layout":"","theme-transparent-header-meta":"","adv-header-id-meta":"","stick-header-meta":"","header-above-stick-meta":"","header-main-stick-meta":"","header-below-stick-meta":"","astra-migrate-meta-layouts":"set","ast-page-background-enabled":"default","ast-page-background-meta":{"desktop":{"background-color":"","background-image":"","background-repeat":"repeat","background-position":"center center","background-size":"auto","background-attachment":"scroll","background-type":"","background-media":"","overlay-type":"","overlay-color":"","overlay-opacity":"","overlay-gradient":""},"tablet":{"background-color":"","background-image":"","background-repeat":"repeat","background-position":"center center","background-size":"auto","background-attachment":"scroll","background-type":"","background-media":"","overlay-type":"","overlay-color":"","overlay-opacity":"","overlay-gradient":""},"mobile":{"background-color":"","background-image":"","background-repeat":"repeat","background-position":"center center","background-size":"auto","background-attachment":"scroll","background-type":"","background-media":"","overlay-type":"","overlay-color":"","overlay-opacity":"","overlay-gradient":""}},"ast-content-background-meta":{"desktop":{"background-color":"var(--ast-global-color-5)","background-image":"","background-repeat":"repeat","background-position":"center center","background-size":"auto","background-attachment":"scroll","background-type":"","background-media":"","overlay-type":"","overlay-color":"","overlay-opacity":"","overlay-gradient":""},"tablet":{"background-color":"var(--ast-global-color-5)","background-image":"","background-repeat":"repeat","background-position":"center center","background-size":"auto","background-attachment":"scroll","background-type":"","background-media":"","overlay-type":"","overlay-color":"","overlay-opacity":"","overlay-gradient":""},"mobile":{"background-color":"var(--ast-global-color-5)","background-image":"","background-repeat":"repeat","background-position":"center center","background-size":"auto","background-attachment":"scroll","background-type":"","background-media":"","overlay-type":"","overlay-color":"","overlay-opacity":"","overlay-gradient":""}},"_jetpack_memberships_contains_paid_content":false,"footnotes":""},"categories":[2],"tags":[],"class_list":["post-2390","post","type-post","status-publish","format-standard","has-post-thumbnail","hentry","category-liderazgo"],"yoast_head":"<!-- This site is optimized with the Yoast SEO plugin v27.4 - https:\/\/yoast.com\/product\/yoast-seo-wordpress\/ -->\n<title>Daniel Espinosa - Potencial Humano<\/title>\n<meta name=\"robots\" content=\"index, follow, max-snippet:-1, max-image-preview:large, max-video-preview:-1\" \/>\n<link rel=\"canonical\" href=\"https:\/\/revistapotencialhumano.com.mx\/revistadigital\/daniel-espinosa\/\" \/>\n<meta property=\"og:locale\" content=\"es_ES\" \/>\n<meta property=\"og:type\" content=\"article\" \/>\n<meta property=\"og:title\" content=\"Daniel Espinosa - Potencial Humano\" \/>\n<meta property=\"og:description\" content=\"El arte de trascender a trav\u00e9s del dise\u00f1o Entrevista por Christopher Trejo\" \/>\n<meta property=\"og:url\" content=\"https:\/\/revistapotencialhumano.com.mx\/revistadigital\/daniel-espinosa\/\" \/>\n<meta property=\"og:site_name\" content=\"Potencial Humano\" \/>\n<meta property=\"article:published_time\" content=\"2025-04-03T05:38:15+00:00\" \/>\n<meta property=\"og:image\" content=\"https:\/\/revistapotencialhumano.com.mx\/revistadigital\/wp-content\/uploads\/2025\/04\/Daniel-Espinosa_2.png\" \/>\n\t<meta property=\"og:image:width\" content=\"1200\" \/>\n\t<meta property=\"og:image:height\" content=\"630\" \/>\n\t<meta property=\"og:image:type\" content=\"image\/png\" \/>\n<meta name=\"author\" content=\"dominios\" \/>\n<meta name=\"twitter:card\" content=\"summary_large_image\" \/>\n<meta name=\"twitter:label1\" content=\"Written by\" \/>\n\t<meta name=\"twitter:data1\" content=\"dominios\" \/>\n\t<meta name=\"twitter:label2\" content=\"Est. reading time\" \/>\n\t<meta name=\"twitter:data2\" content=\"6 minutos\" \/>\n<script type=\"application\/ld+json\" class=\"yoast-schema-graph\">{\"@context\":\"https:\\\/\\\/schema.org\",\"@graph\":[{\"@type\":\"Article\",\"@id\":\"https:\\\/\\\/revistapotencialhumano.com.mx\\\/revistadigital\\\/daniel-espinosa\\\/#article\",\"isPartOf\":{\"@id\":\"https:\\\/\\\/revistapotencialhumano.com.mx\\\/revistadigital\\\/daniel-espinosa\\\/\"},\"author\":{\"name\":\"dominios\",\"@id\":\"https:\\\/\\\/revistapotencialhumano.com.mx\\\/revistadigital\\\/#\\\/schema\\\/person\\\/91fea73f920f120e4c1d580d48d27c85\"},\"headline\":\"Daniel Espinosa\",\"datePublished\":\"2025-04-03T05:38:15+00:00\",\"mainEntityOfPage\":{\"@id\":\"https:\\\/\\\/revistapotencialhumano.com.mx\\\/revistadigital\\\/daniel-espinosa\\\/\"},\"wordCount\":1318,\"commentCount\":0,\"publisher\":{\"@id\":\"https:\\\/\\\/revistapotencialhumano.com.mx\\\/revistadigital\\\/#organization\"},\"image\":{\"@id\":\"https:\\\/\\\/revistapotencialhumano.com.mx\\\/revistadigital\\\/daniel-espinosa\\\/#primaryimage\"},\"thumbnailUrl\":\"https:\\\/\\\/revistapotencialhumano.com.mx\\\/revistadigital\\\/wp-content\\\/uploads\\\/2025\\\/04\\\/Daniel-Espinosa_2.png\",\"articleSection\":[\"Liderazgo\"],\"inLanguage\":\"es\",\"potentialAction\":[{\"@type\":\"CommentAction\",\"name\":\"Comment\",\"target\":[\"https:\\\/\\\/revistapotencialhumano.com.mx\\\/revistadigital\\\/daniel-espinosa\\\/#respond\"]}]},{\"@type\":\"WebPage\",\"@id\":\"https:\\\/\\\/revistapotencialhumano.com.mx\\\/revistadigital\\\/daniel-espinosa\\\/\",\"url\":\"https:\\\/\\\/revistapotencialhumano.com.mx\\\/revistadigital\\\/daniel-espinosa\\\/\",\"name\":\"Daniel Espinosa - Potencial Humano\",\"isPartOf\":{\"@id\":\"https:\\\/\\\/revistapotencialhumano.com.mx\\\/revistadigital\\\/#website\"},\"primaryImageOfPage\":{\"@id\":\"https:\\\/\\\/revistapotencialhumano.com.mx\\\/revistadigital\\\/daniel-espinosa\\\/#primaryimage\"},\"image\":{\"@id\":\"https:\\\/\\\/revistapotencialhumano.com.mx\\\/revistadigital\\\/daniel-espinosa\\\/#primaryimage\"},\"thumbnailUrl\":\"https:\\\/\\\/revistapotencialhumano.com.mx\\\/revistadigital\\\/wp-content\\\/uploads\\\/2025\\\/04\\\/Daniel-Espinosa_2.png\",\"datePublished\":\"2025-04-03T05:38:15+00:00\",\"breadcrumb\":{\"@id\":\"https:\\\/\\\/revistapotencialhumano.com.mx\\\/revistadigital\\\/daniel-espinosa\\\/#breadcrumb\"},\"inLanguage\":\"es\",\"potentialAction\":[{\"@type\":\"ReadAction\",\"target\":[\"https:\\\/\\\/revistapotencialhumano.com.mx\\\/revistadigital\\\/daniel-espinosa\\\/\"]}]},{\"@type\":\"ImageObject\",\"inLanguage\":\"es\",\"@id\":\"https:\\\/\\\/revistapotencialhumano.com.mx\\\/revistadigital\\\/daniel-espinosa\\\/#primaryimage\",\"url\":\"https:\\\/\\\/revistapotencialhumano.com.mx\\\/revistadigital\\\/wp-content\\\/uploads\\\/2025\\\/04\\\/Daniel-Espinosa_2.png\",\"contentUrl\":\"https:\\\/\\\/revistapotencialhumano.com.mx\\\/revistadigital\\\/wp-content\\\/uploads\\\/2025\\\/04\\\/Daniel-Espinosa_2.png\",\"width\":1200,\"height\":630},{\"@type\":\"BreadcrumbList\",\"@id\":\"https:\\\/\\\/revistapotencialhumano.com.mx\\\/revistadigital\\\/daniel-espinosa\\\/#breadcrumb\",\"itemListElement\":[{\"@type\":\"ListItem\",\"position\":1,\"name\":\"Home\",\"item\":\"https:\\\/\\\/revistapotencialhumano.com.mx\\\/revistadigital\\\/\"},{\"@type\":\"ListItem\",\"position\":2,\"name\":\"Daniel Espinosa\"}]},{\"@type\":\"WebSite\",\"@id\":\"https:\\\/\\\/revistapotencialhumano.com.mx\\\/revistadigital\\\/#website\",\"url\":\"https:\\\/\\\/revistapotencialhumano.com.mx\\\/revistadigital\\\/\",\"name\":\"Revista Potencial Humano\",\"description\":\"Revista digital\",\"publisher\":{\"@id\":\"https:\\\/\\\/revistapotencialhumano.com.mx\\\/revistadigital\\\/#organization\"},\"potentialAction\":[{\"@type\":\"SearchAction\",\"target\":{\"@type\":\"EntryPoint\",\"urlTemplate\":\"https:\\\/\\\/revistapotencialhumano.com.mx\\\/revistadigital\\\/?s={search_term_string}\"},\"query-input\":{\"@type\":\"PropertyValueSpecification\",\"valueRequired\":true,\"valueName\":\"search_term_string\"}}],\"inLanguage\":\"es\"},{\"@type\":\"Organization\",\"@id\":\"https:\\\/\\\/revistapotencialhumano.com.mx\\\/revistadigital\\\/#organization\",\"name\":\"Revista Potencial Humano\",\"url\":\"https:\\\/\\\/revistapotencialhumano.com.mx\\\/revistadigital\\\/\",\"logo\":{\"@type\":\"ImageObject\",\"inLanguage\":\"es\",\"@id\":\"https:\\\/\\\/revistapotencialhumano.com.mx\\\/revistadigital\\\/#\\\/schema\\\/logo\\\/image\\\/\",\"url\":\"https:\\\/\\\/revistapotencialhumano.com.mx\\\/revistadigital\\\/wp-content\\\/uploads\\\/2023\\\/09\\\/logo_ph_gris.png\",\"contentUrl\":\"https:\\\/\\\/revistapotencialhumano.com.mx\\\/revistadigital\\\/wp-content\\\/uploads\\\/2023\\\/09\\\/logo_ph_gris.png\",\"width\":1920,\"height\":1080,\"caption\":\"Revista Potencial Humano\"},\"image\":{\"@id\":\"https:\\\/\\\/revistapotencialhumano.com.mx\\\/revistadigital\\\/#\\\/schema\\\/logo\\\/image\\\/\"},\"sameAs\":[\"https:\\\/\\\/open.spotify.com\\\/show\\\/2pIEFqnQDVKaEQzKkIOtQw?si=08622ad32ea742cb\"]},{\"@type\":\"Person\",\"@id\":\"https:\\\/\\\/revistapotencialhumano.com.mx\\\/revistadigital\\\/#\\\/schema\\\/person\\\/91fea73f920f120e4c1d580d48d27c85\",\"name\":\"dominios\",\"image\":{\"@type\":\"ImageObject\",\"inLanguage\":\"es\",\"@id\":\"https:\\\/\\\/secure.gravatar.com\\\/avatar\\\/38801331f5a5719c335c313322a75f644e1d0ab54546f4a1c4cd962f133e2ff7?s=96&d=mm&r=g\",\"url\":\"https:\\\/\\\/secure.gravatar.com\\\/avatar\\\/38801331f5a5719c335c313322a75f644e1d0ab54546f4a1c4cd962f133e2ff7?s=96&d=mm&r=g\",\"contentUrl\":\"https:\\\/\\\/secure.gravatar.com\\\/avatar\\\/38801331f5a5719c335c313322a75f644e1d0ab54546f4a1c4cd962f133e2ff7?s=96&d=mm&r=g\",\"caption\":\"dominios\"},\"sameAs\":[\"https:\\\/\\\/revistapotencialhumano.com.mx\\\/revistadigital\"],\"url\":\"https:\\\/\\\/revistapotencialhumano.com.mx\\\/revistadigital\\\/author\\\/dominios\\\/\"}]}<\/script>\n<!-- \/ Yoast SEO plugin. -->","yoast_head_json":{"title":"Daniel Espinosa - Potencial Humano","robots":{"index":"index","follow":"follow","max-snippet":"max-snippet:-1","max-image-preview":"max-image-preview:large","max-video-preview":"max-video-preview:-1"},"canonical":"https:\/\/revistapotencialhumano.com.mx\/revistadigital\/daniel-espinosa\/","og_locale":"es_ES","og_type":"article","og_title":"Daniel Espinosa - Potencial Humano","og_description":"El arte de trascender a trav\u00e9s del dise\u00f1o Entrevista por Christopher Trejo","og_url":"https:\/\/revistapotencialhumano.com.mx\/revistadigital\/daniel-espinosa\/","og_site_name":"Potencial Humano","article_published_time":"2025-04-03T05:38:15+00:00","og_image":[{"width":1200,"height":630,"url":"https:\/\/revistapotencialhumano.com.mx\/revistadigital\/wp-content\/uploads\/2025\/04\/Daniel-Espinosa_2.png","type":"image\/png"}],"author":"dominios","twitter_card":"summary_large_image","twitter_misc":{"Written by":"dominios","Est. reading time":"6 minutos"},"schema":{"@context":"https:\/\/schema.org","@graph":[{"@type":"Article","@id":"https:\/\/revistapotencialhumano.com.mx\/revistadigital\/daniel-espinosa\/#article","isPartOf":{"@id":"https:\/\/revistapotencialhumano.com.mx\/revistadigital\/daniel-espinosa\/"},"author":{"name":"dominios","@id":"https:\/\/revistapotencialhumano.com.mx\/revistadigital\/#\/schema\/person\/91fea73f920f120e4c1d580d48d27c85"},"headline":"Daniel Espinosa","datePublished":"2025-04-03T05:38:15+00:00","mainEntityOfPage":{"@id":"https:\/\/revistapotencialhumano.com.mx\/revistadigital\/daniel-espinosa\/"},"wordCount":1318,"commentCount":0,"publisher":{"@id":"https:\/\/revistapotencialhumano.com.mx\/revistadigital\/#organization"},"image":{"@id":"https:\/\/revistapotencialhumano.com.mx\/revistadigital\/daniel-espinosa\/#primaryimage"},"thumbnailUrl":"https:\/\/revistapotencialhumano.com.mx\/revistadigital\/wp-content\/uploads\/2025\/04\/Daniel-Espinosa_2.png","articleSection":["Liderazgo"],"inLanguage":"es","potentialAction":[{"@type":"CommentAction","name":"Comment","target":["https:\/\/revistapotencialhumano.com.mx\/revistadigital\/daniel-espinosa\/#respond"]}]},{"@type":"WebPage","@id":"https:\/\/revistapotencialhumano.com.mx\/revistadigital\/daniel-espinosa\/","url":"https:\/\/revistapotencialhumano.com.mx\/revistadigital\/daniel-espinosa\/","name":"Daniel Espinosa - Potencial Humano","isPartOf":{"@id":"https:\/\/revistapotencialhumano.com.mx\/revistadigital\/#website"},"primaryImageOfPage":{"@id":"https:\/\/revistapotencialhumano.com.mx\/revistadigital\/daniel-espinosa\/#primaryimage"},"image":{"@id":"https:\/\/revistapotencialhumano.com.mx\/revistadigital\/daniel-espinosa\/#primaryimage"},"thumbnailUrl":"https:\/\/revistapotencialhumano.com.mx\/revistadigital\/wp-content\/uploads\/2025\/04\/Daniel-Espinosa_2.png","datePublished":"2025-04-03T05:38:15+00:00","breadcrumb":{"@id":"https:\/\/revistapotencialhumano.com.mx\/revistadigital\/daniel-espinosa\/#breadcrumb"},"inLanguage":"es","potentialAction":[{"@type":"ReadAction","target":["https:\/\/revistapotencialhumano.com.mx\/revistadigital\/daniel-espinosa\/"]}]},{"@type":"ImageObject","inLanguage":"es","@id":"https:\/\/revistapotencialhumano.com.mx\/revistadigital\/daniel-espinosa\/#primaryimage","url":"https:\/\/revistapotencialhumano.com.mx\/revistadigital\/wp-content\/uploads\/2025\/04\/Daniel-Espinosa_2.png","contentUrl":"https:\/\/revistapotencialhumano.com.mx\/revistadigital\/wp-content\/uploads\/2025\/04\/Daniel-Espinosa_2.png","width":1200,"height":630},{"@type":"BreadcrumbList","@id":"https:\/\/revistapotencialhumano.com.mx\/revistadigital\/daniel-espinosa\/#breadcrumb","itemListElement":[{"@type":"ListItem","position":1,"name":"Home","item":"https:\/\/revistapotencialhumano.com.mx\/revistadigital\/"},{"@type":"ListItem","position":2,"name":"Daniel Espinosa"}]},{"@type":"WebSite","@id":"https:\/\/revistapotencialhumano.com.mx\/revistadigital\/#website","url":"https:\/\/revistapotencialhumano.com.mx\/revistadigital\/","name":"Revista Potencial Humano","description":"Revista digital","publisher":{"@id":"https:\/\/revistapotencialhumano.com.mx\/revistadigital\/#organization"},"potentialAction":[{"@type":"SearchAction","target":{"@type":"EntryPoint","urlTemplate":"https:\/\/revistapotencialhumano.com.mx\/revistadigital\/?s={search_term_string}"},"query-input":{"@type":"PropertyValueSpecification","valueRequired":true,"valueName":"search_term_string"}}],"inLanguage":"es"},{"@type":"Organization","@id":"https:\/\/revistapotencialhumano.com.mx\/revistadigital\/#organization","name":"Revista Potencial Humano","url":"https:\/\/revistapotencialhumano.com.mx\/revistadigital\/","logo":{"@type":"ImageObject","inLanguage":"es","@id":"https:\/\/revistapotencialhumano.com.mx\/revistadigital\/#\/schema\/logo\/image\/","url":"https:\/\/revistapotencialhumano.com.mx\/revistadigital\/wp-content\/uploads\/2023\/09\/logo_ph_gris.png","contentUrl":"https:\/\/revistapotencialhumano.com.mx\/revistadigital\/wp-content\/uploads\/2023\/09\/logo_ph_gris.png","width":1920,"height":1080,"caption":"Revista Potencial Humano"},"image":{"@id":"https:\/\/revistapotencialhumano.com.mx\/revistadigital\/#\/schema\/logo\/image\/"},"sameAs":["https:\/\/open.spotify.com\/show\/2pIEFqnQDVKaEQzKkIOtQw?si=08622ad32ea742cb"]},{"@type":"Person","@id":"https:\/\/revistapotencialhumano.com.mx\/revistadigital\/#\/schema\/person\/91fea73f920f120e4c1d580d48d27c85","name":"dominios","image":{"@type":"ImageObject","inLanguage":"es","@id":"https:\/\/secure.gravatar.com\/avatar\/38801331f5a5719c335c313322a75f644e1d0ab54546f4a1c4cd962f133e2ff7?s=96&d=mm&r=g","url":"https:\/\/secure.gravatar.com\/avatar\/38801331f5a5719c335c313322a75f644e1d0ab54546f4a1c4cd962f133e2ff7?s=96&d=mm&r=g","contentUrl":"https:\/\/secure.gravatar.com\/avatar\/38801331f5a5719c335c313322a75f644e1d0ab54546f4a1c4cd962f133e2ff7?s=96&d=mm&r=g","caption":"dominios"},"sameAs":["https:\/\/revistapotencialhumano.com.mx\/revistadigital"],"url":"https:\/\/revistapotencialhumano.com.mx\/revistadigital\/author\/dominios\/"}]}},"jetpack_featured_media_url":"https:\/\/revistapotencialhumano.com.mx\/revistadigital\/wp-content\/uploads\/2025\/04\/Daniel-Espinosa_2.png","jetpack_sharing_enabled":true,"_links":{"self":[{"href":"https:\/\/revistapotencialhumano.com.mx\/revistadigital\/wp-json\/wp\/v2\/posts\/2390","targetHints":{"allow":["GET"]}}],"collection":[{"href":"https:\/\/revistapotencialhumano.com.mx\/revistadigital\/wp-json\/wp\/v2\/posts"}],"about":[{"href":"https:\/\/revistapotencialhumano.com.mx\/revistadigital\/wp-json\/wp\/v2\/types\/post"}],"author":[{"embeddable":true,"href":"https:\/\/revistapotencialhumano.com.mx\/revistadigital\/wp-json\/wp\/v2\/users\/1"}],"replies":[{"embeddable":true,"href":"https:\/\/revistapotencialhumano.com.mx\/revistadigital\/wp-json\/wp\/v2\/comments?post=2390"}],"version-history":[{"count":1,"href":"https:\/\/revistapotencialhumano.com.mx\/revistadigital\/wp-json\/wp\/v2\/posts\/2390\/revisions"}],"predecessor-version":[{"id":2393,"href":"https:\/\/revistapotencialhumano.com.mx\/revistadigital\/wp-json\/wp\/v2\/posts\/2390\/revisions\/2393"}],"wp:featuredmedia":[{"embeddable":true,"href":"https:\/\/revistapotencialhumano.com.mx\/revistadigital\/wp-json\/wp\/v2\/media\/2392"}],"wp:attachment":[{"href":"https:\/\/revistapotencialhumano.com.mx\/revistadigital\/wp-json\/wp\/v2\/media?parent=2390"}],"wp:term":[{"taxonomy":"category","embeddable":true,"href":"https:\/\/revistapotencialhumano.com.mx\/revistadigital\/wp-json\/wp\/v2\/categories?post=2390"},{"taxonomy":"post_tag","embeddable":true,"href":"https:\/\/revistapotencialhumano.com.mx\/revistadigital\/wp-json\/wp\/v2\/tags?post=2390"}],"curies":[{"name":"wp","href":"https:\/\/api.w.org\/{rel}","templated":true}]}}