{"id":2773,"date":"2025-07-09T20:11:32","date_gmt":"2025-07-09T20:11:32","guid":{"rendered":"https:\/\/revistapotencialhumano.com.mx\/revistadigital\/?p=2773"},"modified":"2025-07-09T20:11:34","modified_gmt":"2025-07-09T20:11:34","slug":"audrey-rivera-mujer-del-ano","status":"publish","type":"post","link":"https:\/\/revistapotencialhumano.com.mx\/revistadigital\/audrey-rivera-mujer-del-ano\/","title":{"rendered":"C\u00f3nsul Titular Audrey Rivera G\u00f3mez. &#8211; \u201cMujer del A\u00f1o 2025\u201d"},"content":{"rendered":"\n<p><strong>Galardonada por el Congreso de los Estados Unidos, Distrito 46 de California<\/strong><\/p>\n\n\n\n<blockquote class=\"wp-block-quote has-small-font-size is-layout-flow wp-block-quote-is-layout-flow\">\n<p class=\"has-small-font-size\"><strong><em>Art\u00edculo por Dra. Audrey Rivera G\u00f3mez<\/em><\/strong><\/p>\n<\/blockquote>\n\n\n\n<p><\/p>\n\n\n\n<p>La trayectoria de la C\u00f3nsul Titular Audrey Rivera G\u00f3mez, del Consulado de M\u00e9xico en Santa Ana, California, no s\u00f3lo se define por la magnitud de los cargos que ha ocupado, sino por la visi\u00f3n humanista y el compromiso social que ha impregnado en cada uno de sus proyectos. Su liderazgo se caracteriza por una sensibilidad profunda hacia los desaf\u00edos que enfrentan las comunidades mexicanas en el exterior, especialmente en temas de protecci\u00f3n consular, asistencia a trabajadores agr\u00edcolas y derechos humanos. La Dra. Rivera G\u00f3mez ha abogado incansablemente por pol\u00edticas inclusivas que mejoren la calidad de vida de los migrantes, promoviendo al mismo tiempo la cooperaci\u00f3n internacional, as\u00ed como alianzas estrat\u00e9gicas y el entendimiento intercultural y educativo.<\/p>\n\n\n\n<p>En cada destino diplom\u00e1tico, la Dra. Rivera G\u00f3mez ha cultivado relaciones s\u00f3lidas con autoridades locales, estatales y federales, organismos internacionales y la sociedad civil, convencida de que la diplomacia moderna trasciende los despachos y se construye en el terreno, dialogando con los migrantes mexicanos y atendiendo sus necesidades reales. Su enfoque innovador ha impulsado iniciativas de colaboraci\u00f3n p\u00fablico-privada y programas de apoyo a mexicanos en el exterior, desde asistencia legal hasta proyectos educativos, promoci\u00f3n de emprendedoras y en salud preventiva.<\/p>\n\n\n\n<p>Adem\u00e1s de su labor institucional, la C\u00f3nsul Titular Audrey Rivera G\u00f3mez se distingue por su capacidad para formar equipos de trabajo con diversos proyectos e iniciativas para motivar a migrantes mexicanas a formar sus empresas. Su experiencia como promotora de la inversi\u00f3n extranjera le ha permitido ser parte central del Consejo de Asesor\u00eda del Foro de Inversi\u00f3n de California, lo que le ha permitido inspirar a inversionistas internacionales en aprovechar las ventajas y oportunidades empresariales de la relocalizaci\u00f3n \u201c<em>nearshoring<\/em>\u201d en M\u00e9xico, promoviendo negocios, industrias y la integraci\u00f3n de la producci\u00f3n de componentes en las cadenas de suministro M\u00e9xico-Estados Unidos.&nbsp; &nbsp;<\/p>\n\n\n\n<p>Promotora de la equidad de g\u00e9nero y el liderazgo de las mujeres en la diplomacia en tono con la pol\u00edtica exterior feminista que promueve la presidenta Claudia Sheinbaum. La Dra. Rivera G\u00f3mez sostiene que el servicio p\u00fablico es, ante todo, una vocaci\u00f3n de servicio en la defensa de los derechos fundamentales de los migrantes mexicanos.<\/p>\n\n\n\n<p>El impacto de su gesti\u00f3n se refleja en el reconocimiento de sus pares y en la gratitud de las comunidades a las que ha servido. M\u00e1s all\u00e1 de los logros acad\u00e9micos y profesionales, destaca su integridad, empat\u00eda y compromiso \u00e9tico. La Dra. Rivera G\u00f3mez representa una generaci\u00f3n de diplom\u00e1ticos mexicanos comprometidos con la transformaci\u00f3n social, la defensa de la dignidad humana y la promoci\u00f3n de una pol\u00edtica exterior feminista, inteligente y solidaria.<\/p>\n\n\n\n<figure class=\"wp-block-image size-large\"><img fetchpriority=\"high\" decoding=\"async\" width=\"1024\" height=\"538\" src=\"https:\/\/revistapotencialhumano.com.mx\/revistadigital\/wp-content\/uploads\/2025\/07\/Audrey-Rivera_2-1024x538.png\" alt=\"\" class=\"wp-image-2774\" srcset=\"https:\/\/revistapotencialhumano.com.mx\/revistadigital\/wp-content\/uploads\/2025\/07\/Audrey-Rivera_2-1024x538.png 1024w, https:\/\/revistapotencialhumano.com.mx\/revistadigital\/wp-content\/uploads\/2025\/07\/Audrey-Rivera_2-300x158.png 300w, https:\/\/revistapotencialhumano.com.mx\/revistadigital\/wp-content\/uploads\/2025\/07\/Audrey-Rivera_2-768x403.png 768w, https:\/\/revistapotencialhumano.com.mx\/revistadigital\/wp-content\/uploads\/2025\/07\/Audrey-Rivera_2.png 1200w\" sizes=\"(max-width: 1024px) 100vw, 1024px\" \/><\/figure>\n\n\n\n<p>Como C\u00f3nsul Titular del Consulado de M\u00e9xico en Santa Ana, California a trav\u00e9s de su programa de atenci\u00f3n a las comunidades vulnerables ha logrado dotar de un documento consular (matr\u00edcula, pasaporte, acta de nacimiento, etc.) a trabajadores del campo que no pueden acudir al consulado mexicano entre semana, ha establecido consulados m\u00f3viles, jornadas sabatinas y dominicales, <em>Sin Cita<\/em>, con atenci\u00f3n prioritaria a trabajadores agr\u00edcolas. Su liderazgo y capacidades administrativas le permitieron lograr que el Consulado de M\u00e9xico en Santa Ana se sit\u00fae entre los primeros cuatro lugares en recaudaci\u00f3n consular en California.<\/p>\n\n\n\n<p>La campa\u00f1a \u201c\u00danete en contra de las adicciones, Prot\u00e9gete y Protege a tu Familia\u00bb, creado por la C\u00f3nsul Titular Audrey Rivera G\u00f3mez, como respuesta al creciente riesgo que representa el consumo de fentanilo y otras drogas sint\u00e9ticas en las comunidades mexicanas. El objetivo de esta iniciativa es el de informar sobre los peligros del fentanilo \u2014un opioide sint\u00e9tico sumamente potente y letal, muchas veces consumido de manera inadvertida\u2014 y promover la prevenci\u00f3n y el autocuidado entre j\u00f3venes, padres de familia y l\u00edderes comunitarios. A trav\u00e9s de charlas, talleres, materiales educativos, orientaci\u00f3n psicol\u00f3gica y campa\u00f1as en medios, el programa fortalece la uni\u00f3n familiar y ofrece recursos para quienes enfrentan situaciones de adicci\u00f3n o conocen a alguien en riesgo. La participaci\u00f3n activa de la comunidad ha sido fundamental para proteger a las familias de migrantes mexicanos y lograr el objetivo principal de proteger contra las adicciones.<\/p>\n\n\n\n<p>Estas actividades e iniciativas, as\u00ed como su constante trabajo con l\u00edderes comunitarios es ampliamente reconocida por organizaciones no gubernamentales, distritos escolares y por autoridades gubernamentales de los tres niveles de gobierno. Por lo que el congresista de los Estados Unidos, representante del Distrito 46 de California, J. Luis \u201cLou\u201d Correa la distingui\u00f3 con el Premio de \u201cMujer del A\u00f1o 2025\u201d.<\/p>\n\n\n\n<p>Al respecto, el congresista Lou Correa al otorgarle este Premio como \u201cMujer del A\u00f1o 2025\u201d, expres\u00f3: \u201cReconocemos en usted no solo sus incansables esfuerzos como mujer destacada, sino tambi\u00e9n la invaluable labor que realiza como c\u00f3nsul titular aqu\u00ed en Santa Ana, California. Su liderazgo es fundamental, pues, como usted bien sabe, la comunidad migrante en Estados Unidos es profundamente binacional; le aseguro que pr\u00e1cticamente todos tenemos un pariente en M\u00e9xico. Por eso, su trabajo como puente entre los migrantes en este pa\u00eds y M\u00e9xico cobra una relevancia a\u00fan mayor, especialmente en estos tiempos pol\u00edticos tan dif\u00edciles para nuestras comunidades. Necesitamos que contin\u00fae apoy\u00e1ndonos como lo ha hecho, facilitando tr\u00e1mites para nuestras familias, ayudando en la obtenci\u00f3n de pasaportes, matr\u00edculas y actas de nacimiento, porque contar con un documento de identidad marca la diferencia en este pa\u00eds. Por todo esto, le doy las gracias y le extiendo mi m\u00e1s sincero reconocimiento por su dedicaci\u00f3n y esfuerzo. Sigamos trabajando juntos por el bienestar de nuestras comunidades.\u201d<\/p>\n\n\n\n<p>En s\u00edntesis, el reconocimiento otorgado a la Dra. Audrey Rivera G\u00f3mez como \u201cMujer del A\u00f1o 2025\u201d por el congresista Lou Correa representa un merecido homenaje a su brillante trayectoria y a su impacto positivo en la diplomacia mexicana. Su carrera, marcada por una s\u00f3lida formaci\u00f3n acad\u00e9mica y una destacada experiencia internacional, la ha posicionado como referente de integridad, profesionalismo y liderazgo en el Servicio Exterior Mexicano. Desde sus funciones como C\u00f3nsul Adscrita en Washington D.C., pasando por su labor como Jefa de Canciller\u00eda y Encargada de Negocios, ad interinen, ante el Reino de Suecia, concurrente en Letonia y Lituania hasta su papel fundamental en la Secretar\u00eda de Relaciones Exteriores y su actual gesti\u00f3n como C\u00f3nsul Titular en Santa Ana, la Dra. Rivera ha demostrado un profundo compromiso con la defensa de los derechos de la comunidad mexicana, la promoci\u00f3n de la cooperaci\u00f3n internacional y la generaci\u00f3n de conocimiento a trav\u00e9s de sus aportaciones acad\u00e9micas. La Dra. Rivera G\u00f3mez cuenta con tres maestr\u00edas en administraci\u00f3n, diplomacia y migraci\u00f3n internacional, as\u00ed como doctorado en relaciones internacionales y ciencias sociales. El reconocimiento como \u201cMujer del A\u00f1o 2025\u201d no s\u00f3lo celebra sus logros personales, sino que enaltece su vocaci\u00f3n de servicio y el legado que est\u00e1 forjando para las futuras generaciones de diplom\u00e1ticas y diplom\u00e1ticos mexicanos.<\/p>\n\n\n\n<p><\/p>\n","protected":false},"excerpt":{"rendered":"<p>Galardonada por el Congreso de los Estados Unidos, Distrito 46 de California Art\u00edculo por Dra. Audrey Rivera G\u00f3mez La trayectoria de la C\u00f3nsul Titular Audrey Rivera G\u00f3mez, del Consulado de M\u00e9xico en Santa Ana, California, no s\u00f3lo se define por la magnitud de los cargos que ha ocupado, sino por la visi\u00f3n humanista y el [&hellip;]<\/p>\n","protected":false},"author":3,"featured_media":2775,"comment_status":"open","ping_status":"open","sticky":false,"template":"","format":"standard","meta":{"_monsterinsights_skip_tracking":false,"_monsterinsights_sitenote_active":false,"_monsterinsights_sitenote_note":"","_monsterinsights_sitenote_category":0,"site-sidebar-layout":"default","site-content-layout":"","ast-site-content-layout":"default","site-content-style":"default","site-sidebar-style":"default","ast-global-header-display":"","ast-banner-title-visibility":"","ast-main-header-display":"","ast-hfb-above-header-display":"","ast-hfb-below-header-display":"","ast-hfb-mobile-header-display":"","site-post-title":"","ast-breadcrumbs-content":"","ast-featured-img":"","footer-sml-layout":"","theme-transparent-header-meta":"","adv-header-id-meta":"","stick-header-meta":"","header-above-stick-meta":"","header-main-stick-meta":"","header-below-stick-meta":"","astra-migrate-meta-layouts":"set","ast-page-background-enabled":"default","ast-page-background-meta":{"desktop":{"background-color":"","background-image":"","background-repeat":"repeat","background-position":"center center","background-size":"auto","background-attachment":"scroll","background-type":"","background-media":"","overlay-type":"","overlay-color":"","overlay-opacity":"","overlay-gradient":""},"tablet":{"background-color":"","background-image":"","background-repeat":"repeat","background-position":"center center","background-size":"auto","background-attachment":"scroll","background-type":"","background-media":"","overlay-type":"","overlay-color":"","overlay-opacity":"","overlay-gradient":""},"mobile":{"background-color":"","background-image":"","background-repeat":"repeat","background-position":"center center","background-size":"auto","background-attachment":"scroll","background-type":"","background-media":"","overlay-type":"","overlay-color":"","overlay-opacity":"","overlay-gradient":""}},"ast-content-background-meta":{"desktop":{"background-color":"var(--ast-global-color-5)","background-image":"","background-repeat":"repeat","background-position":"center center","background-size":"auto","background-attachment":"scroll","background-type":"","background-media":"","overlay-type":"","overlay-color":"","overlay-opacity":"","overlay-gradient":""},"tablet":{"background-color":"var(--ast-global-color-5)","background-image":"","background-repeat":"repeat","background-position":"center center","background-size":"auto","background-attachment":"scroll","background-type":"","background-media":"","overlay-type":"","overlay-color":"","overlay-opacity":"","overlay-gradient":""},"mobile":{"background-color":"var(--ast-global-color-5)","background-image":"","background-repeat":"repeat","background-position":"center center","background-size":"auto","background-attachment":"scroll","background-type":"","background-media":"","overlay-type":"","overlay-color":"","overlay-opacity":"","overlay-gradient":""}},"_jetpack_memberships_contains_paid_content":false,"footnotes":""},"categories":[2],"tags":[71,72,74,75,76],"class_list":["post-2773","post","type-post","status-publish","format-standard","has-post-thumbnail","hentry","category-liderazgo","tag-audrey-rivera","tag-consul","tag-diplomacia","tag-mexicana","tag-mujer-del-ano"],"yoast_head":"<!-- This site is optimized with the Yoast SEO plugin v27.4 - https:\/\/yoast.com\/product\/yoast-seo-wordpress\/ -->\n<title>C\u00f3nsul Titular Audrey Rivera G\u00f3mez. - \u201cMujer del A\u00f1o 2025\u201d - Potencial Humano<\/title>\n<meta name=\"description\" content=\"La Dra. Audrey Rivera G\u00f3mez fue nombrada como \u201cMujer del A\u00f1o 2025\u201d, lo que representa un merecido homenaje a su brillante trayectoria y a su impacto positivo en la diplomacia mexicana.\" \/>\n<meta name=\"robots\" content=\"index, follow, max-snippet:-1, max-image-preview:large, max-video-preview:-1\" \/>\n<link rel=\"canonical\" href=\"https:\/\/revistapotencialhumano.com.mx\/revistadigital\/audrey-rivera-mujer-del-ano\/\" \/>\n<meta property=\"og:locale\" content=\"es_ES\" \/>\n<meta property=\"og:type\" content=\"article\" \/>\n<meta property=\"og:title\" content=\"C\u00f3nsul Titular Audrey Rivera G\u00f3mez. - \u201cMujer del A\u00f1o 2025\u201d\" \/>\n<meta property=\"og:description\" content=\"la Dra. Audrey Rivera G\u00f3mez como \u201cMujer del A\u00f1o 2025\u201d por el congresista Lou Correa representa un merecido homenaje a su brillante trayectoria y a su impacto positivo en la diplomacia mexicana.\" \/>\n<meta property=\"og:url\" content=\"https:\/\/revistapotencialhumano.com.mx\/revistadigital\/audrey-rivera-mujer-del-ano\/\" \/>\n<meta property=\"og:site_name\" content=\"Potencial Humano\" \/>\n<meta property=\"article:published_time\" content=\"2025-07-09T20:11:32+00:00\" \/>\n<meta property=\"article:modified_time\" content=\"2025-07-09T20:11:34+00:00\" \/>\n<meta property=\"og:image\" content=\"https:\/\/revistapotencialhumano.com.mx\/revistadigital\/wp-content\/uploads\/2025\/07\/Audrey-Rivera_2.png\" \/>\n\t<meta property=\"og:image:width\" content=\"1200\" \/>\n\t<meta property=\"og:image:height\" content=\"630\" \/>\n\t<meta property=\"og:image:type\" content=\"image\/png\" \/>\n<meta name=\"author\" content=\"Cesar Aldana\" \/>\n<meta name=\"twitter:card\" content=\"summary_large_image\" \/>\n<meta name=\"twitter:label1\" content=\"Written by\" \/>\n\t<meta name=\"twitter:data1\" content=\"Cesar Aldana\" \/>\n\t<meta name=\"twitter:label2\" content=\"Est. reading time\" \/>\n\t<meta name=\"twitter:data2\" content=\"6 minutos\" \/>\n<script type=\"application\/ld+json\" class=\"yoast-schema-graph\">{\"@context\":\"https:\\\/\\\/schema.org\",\"@graph\":[{\"@type\":\"Article\",\"@id\":\"https:\\\/\\\/revistapotencialhumano.com.mx\\\/revistadigital\\\/audrey-rivera-mujer-del-ano\\\/#article\",\"isPartOf\":{\"@id\":\"https:\\\/\\\/revistapotencialhumano.com.mx\\\/revistadigital\\\/audrey-rivera-mujer-del-ano\\\/\"},\"author\":{\"name\":\"Cesar Aldana\",\"@id\":\"https:\\\/\\\/revistapotencialhumano.com.mx\\\/revistadigital\\\/#\\\/schema\\\/person\\\/c15a4d9b0bcd4a8160bd7018497e2a62\"},\"headline\":\"C\u00f3nsul Titular Audrey Rivera G\u00f3mez. &#8211; \u201cMujer del A\u00f1o 2025\u201d\",\"datePublished\":\"2025-07-09T20:11:32+00:00\",\"dateModified\":\"2025-07-09T20:11:34+00:00\",\"mainEntityOfPage\":{\"@id\":\"https:\\\/\\\/revistapotencialhumano.com.mx\\\/revistadigital\\\/audrey-rivera-mujer-del-ano\\\/\"},\"wordCount\":1239,\"commentCount\":0,\"publisher\":{\"@id\":\"https:\\\/\\\/revistapotencialhumano.com.mx\\\/revistadigital\\\/#organization\"},\"image\":{\"@id\":\"https:\\\/\\\/revistapotencialhumano.com.mx\\\/revistadigital\\\/audrey-rivera-mujer-del-ano\\\/#primaryimage\"},\"thumbnailUrl\":\"https:\\\/\\\/revistapotencialhumano.com.mx\\\/revistadigital\\\/wp-content\\\/uploads\\\/2025\\\/07\\\/Audrey-Rivera_1.png\",\"keywords\":[\"Audrey Rivera\",\"C\u00f3nsul\",\"diplomacia\",\"mexicana\",\"Mujer del a\u00f1o\"],\"articleSection\":[\"Liderazgo\"],\"inLanguage\":\"es\",\"potentialAction\":[{\"@type\":\"CommentAction\",\"name\":\"Comment\",\"target\":[\"https:\\\/\\\/revistapotencialhumano.com.mx\\\/revistadigital\\\/audrey-rivera-mujer-del-ano\\\/#respond\"]}]},{\"@type\":\"WebPage\",\"@id\":\"https:\\\/\\\/revistapotencialhumano.com.mx\\\/revistadigital\\\/audrey-rivera-mujer-del-ano\\\/\",\"url\":\"https:\\\/\\\/revistapotencialhumano.com.mx\\\/revistadigital\\\/audrey-rivera-mujer-del-ano\\\/\",\"name\":\"C\u00f3nsul Titular Audrey Rivera G\u00f3mez. - \u201cMujer del A\u00f1o 2025\u201d - Potencial Humano\",\"isPartOf\":{\"@id\":\"https:\\\/\\\/revistapotencialhumano.com.mx\\\/revistadigital\\\/#website\"},\"primaryImageOfPage\":{\"@id\":\"https:\\\/\\\/revistapotencialhumano.com.mx\\\/revistadigital\\\/audrey-rivera-mujer-del-ano\\\/#primaryimage\"},\"image\":{\"@id\":\"https:\\\/\\\/revistapotencialhumano.com.mx\\\/revistadigital\\\/audrey-rivera-mujer-del-ano\\\/#primaryimage\"},\"thumbnailUrl\":\"https:\\\/\\\/revistapotencialhumano.com.mx\\\/revistadigital\\\/wp-content\\\/uploads\\\/2025\\\/07\\\/Audrey-Rivera_1.png\",\"datePublished\":\"2025-07-09T20:11:32+00:00\",\"dateModified\":\"2025-07-09T20:11:34+00:00\",\"description\":\"La Dra. Audrey Rivera G\u00f3mez fue nombrada como \u201cMujer del A\u00f1o 2025\u201d, lo que representa un merecido homenaje a su brillante trayectoria y a su impacto positivo en la diplomacia mexicana.\",\"breadcrumb\":{\"@id\":\"https:\\\/\\\/revistapotencialhumano.com.mx\\\/revistadigital\\\/audrey-rivera-mujer-del-ano\\\/#breadcrumb\"},\"inLanguage\":\"es\",\"potentialAction\":[{\"@type\":\"ReadAction\",\"target\":[\"https:\\\/\\\/revistapotencialhumano.com.mx\\\/revistadigital\\\/audrey-rivera-mujer-del-ano\\\/\"]}]},{\"@type\":\"ImageObject\",\"inLanguage\":\"es\",\"@id\":\"https:\\\/\\\/revistapotencialhumano.com.mx\\\/revistadigital\\\/audrey-rivera-mujer-del-ano\\\/#primaryimage\",\"url\":\"https:\\\/\\\/revistapotencialhumano.com.mx\\\/revistadigital\\\/wp-content\\\/uploads\\\/2025\\\/07\\\/Audrey-Rivera_1.png\",\"contentUrl\":\"https:\\\/\\\/revistapotencialhumano.com.mx\\\/revistadigital\\\/wp-content\\\/uploads\\\/2025\\\/07\\\/Audrey-Rivera_1.png\",\"width\":1000,\"height\":1370,\"caption\":\"mujer del a\u00f1o 2025 C\u00f3nsul Mexicana\"},{\"@type\":\"BreadcrumbList\",\"@id\":\"https:\\\/\\\/revistapotencialhumano.com.mx\\\/revistadigital\\\/audrey-rivera-mujer-del-ano\\\/#breadcrumb\",\"itemListElement\":[{\"@type\":\"ListItem\",\"position\":1,\"name\":\"Home\",\"item\":\"https:\\\/\\\/revistapotencialhumano.com.mx\\\/revistadigital\\\/\"},{\"@type\":\"ListItem\",\"position\":2,\"name\":\"C\u00f3nsul Titular Audrey Rivera G\u00f3mez. &#8211; \u201cMujer del A\u00f1o 2025\u201d\"}]},{\"@type\":\"WebSite\",\"@id\":\"https:\\\/\\\/revistapotencialhumano.com.mx\\\/revistadigital\\\/#website\",\"url\":\"https:\\\/\\\/revistapotencialhumano.com.mx\\\/revistadigital\\\/\",\"name\":\"Revista Potencial Humano\",\"description\":\"Revista digital\",\"publisher\":{\"@id\":\"https:\\\/\\\/revistapotencialhumano.com.mx\\\/revistadigital\\\/#organization\"},\"potentialAction\":[{\"@type\":\"SearchAction\",\"target\":{\"@type\":\"EntryPoint\",\"urlTemplate\":\"https:\\\/\\\/revistapotencialhumano.com.mx\\\/revistadigital\\\/?s={search_term_string}\"},\"query-input\":{\"@type\":\"PropertyValueSpecification\",\"valueRequired\":true,\"valueName\":\"search_term_string\"}}],\"inLanguage\":\"es\"},{\"@type\":\"Organization\",\"@id\":\"https:\\\/\\\/revistapotencialhumano.com.mx\\\/revistadigital\\\/#organization\",\"name\":\"Revista Potencial Humano\",\"url\":\"https:\\\/\\\/revistapotencialhumano.com.mx\\\/revistadigital\\\/\",\"logo\":{\"@type\":\"ImageObject\",\"inLanguage\":\"es\",\"@id\":\"https:\\\/\\\/revistapotencialhumano.com.mx\\\/revistadigital\\\/#\\\/schema\\\/logo\\\/image\\\/\",\"url\":\"https:\\\/\\\/revistapotencialhumano.com.mx\\\/revistadigital\\\/wp-content\\\/uploads\\\/2023\\\/09\\\/logo_ph_gris.png\",\"contentUrl\":\"https:\\\/\\\/revistapotencialhumano.com.mx\\\/revistadigital\\\/wp-content\\\/uploads\\\/2023\\\/09\\\/logo_ph_gris.png\",\"width\":1920,\"height\":1080,\"caption\":\"Revista Potencial Humano\"},\"image\":{\"@id\":\"https:\\\/\\\/revistapotencialhumano.com.mx\\\/revistadigital\\\/#\\\/schema\\\/logo\\\/image\\\/\"},\"sameAs\":[\"https:\\\/\\\/open.spotify.com\\\/show\\\/2pIEFqnQDVKaEQzKkIOtQw?si=08622ad32ea742cb\"]},{\"@type\":\"Person\",\"@id\":\"https:\\\/\\\/revistapotencialhumano.com.mx\\\/revistadigital\\\/#\\\/schema\\\/person\\\/c15a4d9b0bcd4a8160bd7018497e2a62\",\"name\":\"Cesar Aldana\",\"image\":{\"@type\":\"ImageObject\",\"inLanguage\":\"es\",\"@id\":\"https:\\\/\\\/secure.gravatar.com\\\/avatar\\\/450d0f79afa319363394649e6db54defdeb1e27cdb703b1b90293cd7b11ed3f5?s=96&d=mm&r=g\",\"url\":\"https:\\\/\\\/secure.gravatar.com\\\/avatar\\\/450d0f79afa319363394649e6db54defdeb1e27cdb703b1b90293cd7b11ed3f5?s=96&d=mm&r=g\",\"contentUrl\":\"https:\\\/\\\/secure.gravatar.com\\\/avatar\\\/450d0f79afa319363394649e6db54defdeb1e27cdb703b1b90293cd7b11ed3f5?s=96&d=mm&r=g\",\"caption\":\"Cesar Aldana\"},\"url\":\"https:\\\/\\\/revistapotencialhumano.com.mx\\\/revistadigital\\\/author\\\/cesar\\\/\"}]}<\/script>\n<!-- \/ Yoast SEO plugin. -->","yoast_head_json":{"title":"C\u00f3nsul Titular Audrey Rivera G\u00f3mez. - \u201cMujer del A\u00f1o 2025\u201d - Potencial Humano","description":"La Dra. Audrey Rivera G\u00f3mez fue nombrada como \u201cMujer del A\u00f1o 2025\u201d, lo que representa un merecido homenaje a su brillante trayectoria y a su impacto positivo en la diplomacia mexicana.","robots":{"index":"index","follow":"follow","max-snippet":"max-snippet:-1","max-image-preview":"max-image-preview:large","max-video-preview":"max-video-preview:-1"},"canonical":"https:\/\/revistapotencialhumano.com.mx\/revistadigital\/audrey-rivera-mujer-del-ano\/","og_locale":"es_ES","og_type":"article","og_title":"C\u00f3nsul Titular Audrey Rivera G\u00f3mez. - \u201cMujer del A\u00f1o 2025\u201d","og_description":"la Dra. Audrey Rivera G\u00f3mez como \u201cMujer del A\u00f1o 2025\u201d por el congresista Lou Correa representa un merecido homenaje a su brillante trayectoria y a su impacto positivo en la diplomacia mexicana.","og_url":"https:\/\/revistapotencialhumano.com.mx\/revistadigital\/audrey-rivera-mujer-del-ano\/","og_site_name":"Potencial Humano","article_published_time":"2025-07-09T20:11:32+00:00","article_modified_time":"2025-07-09T20:11:34+00:00","og_image":[{"width":1200,"height":630,"url":"https:\/\/revistapotencialhumano.com.mx\/revistadigital\/wp-content\/uploads\/2025\/07\/Audrey-Rivera_2.png","type":"image\/png"}],"author":"Cesar Aldana","twitter_card":"summary_large_image","twitter_misc":{"Written by":"Cesar Aldana","Est. reading time":"6 minutos"},"schema":{"@context":"https:\/\/schema.org","@graph":[{"@type":"Article","@id":"https:\/\/revistapotencialhumano.com.mx\/revistadigital\/audrey-rivera-mujer-del-ano\/#article","isPartOf":{"@id":"https:\/\/revistapotencialhumano.com.mx\/revistadigital\/audrey-rivera-mujer-del-ano\/"},"author":{"name":"Cesar Aldana","@id":"https:\/\/revistapotencialhumano.com.mx\/revistadigital\/#\/schema\/person\/c15a4d9b0bcd4a8160bd7018497e2a62"},"headline":"C\u00f3nsul Titular Audrey Rivera G\u00f3mez. &#8211; \u201cMujer del A\u00f1o 2025\u201d","datePublished":"2025-07-09T20:11:32+00:00","dateModified":"2025-07-09T20:11:34+00:00","mainEntityOfPage":{"@id":"https:\/\/revistapotencialhumano.com.mx\/revistadigital\/audrey-rivera-mujer-del-ano\/"},"wordCount":1239,"commentCount":0,"publisher":{"@id":"https:\/\/revistapotencialhumano.com.mx\/revistadigital\/#organization"},"image":{"@id":"https:\/\/revistapotencialhumano.com.mx\/revistadigital\/audrey-rivera-mujer-del-ano\/#primaryimage"},"thumbnailUrl":"https:\/\/revistapotencialhumano.com.mx\/revistadigital\/wp-content\/uploads\/2025\/07\/Audrey-Rivera_1.png","keywords":["Audrey Rivera","C\u00f3nsul","diplomacia","mexicana","Mujer del a\u00f1o"],"articleSection":["Liderazgo"],"inLanguage":"es","potentialAction":[{"@type":"CommentAction","name":"Comment","target":["https:\/\/revistapotencialhumano.com.mx\/revistadigital\/audrey-rivera-mujer-del-ano\/#respond"]}]},{"@type":"WebPage","@id":"https:\/\/revistapotencialhumano.com.mx\/revistadigital\/audrey-rivera-mujer-del-ano\/","url":"https:\/\/revistapotencialhumano.com.mx\/revistadigital\/audrey-rivera-mujer-del-ano\/","name":"C\u00f3nsul Titular Audrey Rivera G\u00f3mez. - \u201cMujer del A\u00f1o 2025\u201d - Potencial Humano","isPartOf":{"@id":"https:\/\/revistapotencialhumano.com.mx\/revistadigital\/#website"},"primaryImageOfPage":{"@id":"https:\/\/revistapotencialhumano.com.mx\/revistadigital\/audrey-rivera-mujer-del-ano\/#primaryimage"},"image":{"@id":"https:\/\/revistapotencialhumano.com.mx\/revistadigital\/audrey-rivera-mujer-del-ano\/#primaryimage"},"thumbnailUrl":"https:\/\/revistapotencialhumano.com.mx\/revistadigital\/wp-content\/uploads\/2025\/07\/Audrey-Rivera_1.png","datePublished":"2025-07-09T20:11:32+00:00","dateModified":"2025-07-09T20:11:34+00:00","description":"La Dra. Audrey Rivera G\u00f3mez fue nombrada como \u201cMujer del A\u00f1o 2025\u201d, lo que representa un merecido homenaje a su brillante trayectoria y a su impacto positivo en la diplomacia mexicana.","breadcrumb":{"@id":"https:\/\/revistapotencialhumano.com.mx\/revistadigital\/audrey-rivera-mujer-del-ano\/#breadcrumb"},"inLanguage":"es","potentialAction":[{"@type":"ReadAction","target":["https:\/\/revistapotencialhumano.com.mx\/revistadigital\/audrey-rivera-mujer-del-ano\/"]}]},{"@type":"ImageObject","inLanguage":"es","@id":"https:\/\/revistapotencialhumano.com.mx\/revistadigital\/audrey-rivera-mujer-del-ano\/#primaryimage","url":"https:\/\/revistapotencialhumano.com.mx\/revistadigital\/wp-content\/uploads\/2025\/07\/Audrey-Rivera_1.png","contentUrl":"https:\/\/revistapotencialhumano.com.mx\/revistadigital\/wp-content\/uploads\/2025\/07\/Audrey-Rivera_1.png","width":1000,"height":1370,"caption":"mujer del a\u00f1o 2025 C\u00f3nsul Mexicana"},{"@type":"BreadcrumbList","@id":"https:\/\/revistapotencialhumano.com.mx\/revistadigital\/audrey-rivera-mujer-del-ano\/#breadcrumb","itemListElement":[{"@type":"ListItem","position":1,"name":"Home","item":"https:\/\/revistapotencialhumano.com.mx\/revistadigital\/"},{"@type":"ListItem","position":2,"name":"C\u00f3nsul Titular Audrey Rivera G\u00f3mez. &#8211; \u201cMujer del A\u00f1o 2025\u201d"}]},{"@type":"WebSite","@id":"https:\/\/revistapotencialhumano.com.mx\/revistadigital\/#website","url":"https:\/\/revistapotencialhumano.com.mx\/revistadigital\/","name":"Revista Potencial Humano","description":"Revista digital","publisher":{"@id":"https:\/\/revistapotencialhumano.com.mx\/revistadigital\/#organization"},"potentialAction":[{"@type":"SearchAction","target":{"@type":"EntryPoint","urlTemplate":"https:\/\/revistapotencialhumano.com.mx\/revistadigital\/?s={search_term_string}"},"query-input":{"@type":"PropertyValueSpecification","valueRequired":true,"valueName":"search_term_string"}}],"inLanguage":"es"},{"@type":"Organization","@id":"https:\/\/revistapotencialhumano.com.mx\/revistadigital\/#organization","name":"Revista Potencial Humano","url":"https:\/\/revistapotencialhumano.com.mx\/revistadigital\/","logo":{"@type":"ImageObject","inLanguage":"es","@id":"https:\/\/revistapotencialhumano.com.mx\/revistadigital\/#\/schema\/logo\/image\/","url":"https:\/\/revistapotencialhumano.com.mx\/revistadigital\/wp-content\/uploads\/2023\/09\/logo_ph_gris.png","contentUrl":"https:\/\/revistapotencialhumano.com.mx\/revistadigital\/wp-content\/uploads\/2023\/09\/logo_ph_gris.png","width":1920,"height":1080,"caption":"Revista Potencial Humano"},"image":{"@id":"https:\/\/revistapotencialhumano.com.mx\/revistadigital\/#\/schema\/logo\/image\/"},"sameAs":["https:\/\/open.spotify.com\/show\/2pIEFqnQDVKaEQzKkIOtQw?si=08622ad32ea742cb"]},{"@type":"Person","@id":"https:\/\/revistapotencialhumano.com.mx\/revistadigital\/#\/schema\/person\/c15a4d9b0bcd4a8160bd7018497e2a62","name":"Cesar Aldana","image":{"@type":"ImageObject","inLanguage":"es","@id":"https:\/\/secure.gravatar.com\/avatar\/450d0f79afa319363394649e6db54defdeb1e27cdb703b1b90293cd7b11ed3f5?s=96&d=mm&r=g","url":"https:\/\/secure.gravatar.com\/avatar\/450d0f79afa319363394649e6db54defdeb1e27cdb703b1b90293cd7b11ed3f5?s=96&d=mm&r=g","contentUrl":"https:\/\/secure.gravatar.com\/avatar\/450d0f79afa319363394649e6db54defdeb1e27cdb703b1b90293cd7b11ed3f5?s=96&d=mm&r=g","caption":"Cesar Aldana"},"url":"https:\/\/revistapotencialhumano.com.mx\/revistadigital\/author\/cesar\/"}]}},"jetpack_featured_media_url":"https:\/\/revistapotencialhumano.com.mx\/revistadigital\/wp-content\/uploads\/2025\/07\/Audrey-Rivera_1.png","jetpack_sharing_enabled":true,"_links":{"self":[{"href":"https:\/\/revistapotencialhumano.com.mx\/revistadigital\/wp-json\/wp\/v2\/posts\/2773","targetHints":{"allow":["GET"]}}],"collection":[{"href":"https:\/\/revistapotencialhumano.com.mx\/revistadigital\/wp-json\/wp\/v2\/posts"}],"about":[{"href":"https:\/\/revistapotencialhumano.com.mx\/revistadigital\/wp-json\/wp\/v2\/types\/post"}],"author":[{"embeddable":true,"href":"https:\/\/revistapotencialhumano.com.mx\/revistadigital\/wp-json\/wp\/v2\/users\/3"}],"replies":[{"embeddable":true,"href":"https:\/\/revistapotencialhumano.com.mx\/revistadigital\/wp-json\/wp\/v2\/comments?post=2773"}],"version-history":[{"count":1,"href":"https:\/\/revistapotencialhumano.com.mx\/revistadigital\/wp-json\/wp\/v2\/posts\/2773\/revisions"}],"predecessor-version":[{"id":2776,"href":"https:\/\/revistapotencialhumano.com.mx\/revistadigital\/wp-json\/wp\/v2\/posts\/2773\/revisions\/2776"}],"wp:featuredmedia":[{"embeddable":true,"href":"https:\/\/revistapotencialhumano.com.mx\/revistadigital\/wp-json\/wp\/v2\/media\/2775"}],"wp:attachment":[{"href":"https:\/\/revistapotencialhumano.com.mx\/revistadigital\/wp-json\/wp\/v2\/media?parent=2773"}],"wp:term":[{"taxonomy":"category","embeddable":true,"href":"https:\/\/revistapotencialhumano.com.mx\/revistadigital\/wp-json\/wp\/v2\/categories?post=2773"},{"taxonomy":"post_tag","embeddable":true,"href":"https:\/\/revistapotencialhumano.com.mx\/revistadigital\/wp-json\/wp\/v2\/tags?post=2773"}],"curies":[{"name":"wp","href":"https:\/\/api.w.org\/{rel}","templated":true}]}}