{"id":2867,"date":"2025-07-31T23:07:51","date_gmt":"2025-07-31T23:07:51","guid":{"rendered":"https:\/\/revistapotencialhumano.com.mx\/revistadigital\/?p=2867"},"modified":"2025-08-05T17:12:21","modified_gmt":"2025-08-05T17:12:21","slug":"felipe-ugalde-arte-entrevista","status":"publish","type":"post","link":"https:\/\/revistapotencialhumano.com.mx\/revistadigital\/felipe-ugalde-arte-entrevista\/","title":{"rendered":"Creatividad con Prop\u00f3sito. El Arte como Estrategia de Impacto Humano"},"content":{"rendered":"\n<p class=\"has-text-align-center has-ast-global-color-0-color has-text-color has-link-color has-x-large-font-size wp-elements-c442165b8c6f8abff9e87c9b6f91c9da\"><strong>Felipe Ugalde<\/strong><\/p>\n\n\n\n<p class=\"has-ast-global-color-0-color has-text-color has-link-color wp-elements-bc7f63db53386dee3d9e007b945f92d5\"><strong><em>Entrevista por Christopher Trejo<\/em><\/strong><\/p>\n\n\n\n<p>Felipe Ugalde es un artista pl\u00e1stico nacido en 1962 en la Ciudad de M\u00e9xico. Estudi\u00f3 Comunicaci\u00f3n Gr\u00e1fica en la Escuela Nacional de Artes Pl\u00e1sticas de la UNAM, donde tambi\u00e9n fue profesor del Taller de Ilustraci\u00f3n. Desde 1984, se ha dedicado a la ilustraci\u00f3n, pintura, dibujo y ha incursionado en la gr\u00e1fica y el libro de artista.<\/p>\n\n\n\n<p>Su obra ha sido expuesta en m\u00faltiples ocasiones tanto en M\u00e9xico como en el extranjero, y ha recibido diversos premios y reconocimientos.<\/p>\n\n\n\n<p><\/p>\n\n\n\n<figure class=\"wp-block-image size-large\"><img fetchpriority=\"high\" decoding=\"async\" width=\"1024\" height=\"538\" src=\"https:\/\/revistapotencialhumano.com.mx\/revistadigital\/wp-content\/uploads\/2025\/07\/Felipe-Ugalde_2-1024x538.png\" alt=\"\" class=\"wp-image-2868\" srcset=\"https:\/\/revistapotencialhumano.com.mx\/revistadigital\/wp-content\/uploads\/2025\/07\/Felipe-Ugalde_2-1024x538.png 1024w, https:\/\/revistapotencialhumano.com.mx\/revistadigital\/wp-content\/uploads\/2025\/07\/Felipe-Ugalde_2-300x158.png 300w, https:\/\/revistapotencialhumano.com.mx\/revistadigital\/wp-content\/uploads\/2025\/07\/Felipe-Ugalde_2-768x403.png 768w, https:\/\/revistapotencialhumano.com.mx\/revistadigital\/wp-content\/uploads\/2025\/07\/Felipe-Ugalde_2.png 1200w\" sizes=\"(max-width: 1024px) 100vw, 1024px\" \/><\/figure>\n\n\n\n<p><strong>Adem\u00e1s de su labor art\u00edstica, Felipe Ugalde ha impartido talleres de t\u00e9cnicas y procesos creativos de ilustraci\u00f3n tanto a estudiantes y profesionales de la ilustraci\u00f3n, as\u00cd como talleres para ni\u00f1os. Su obra est\u00e1 disponible en diversas galer\u00edas, incluyendo Aguafuerte Galer\u00eda, Galer\u00eda M\u00f3nica Saucedo y Galer\u00eda Sala Marte. Para conocer m\u00e1s sobre su trabajo, se puede visitar su perfil de Instagram (@felipeugaldea). Muchas gracias Felipe por estar con nosotros, bienvenido.<\/strong><\/p>\n\n\n\n<p>Muchas gracias a ustedes por el espacio, es un placer estar contigo y con todo tu equipo.<\/p>\n\n\n\n<p class=\"has-ast-global-color-0-color has-text-color has-link-color wp-elements-2f2357a61ca62030c808c8323b29f2c3\"><strong>\u00bfQu\u00e9 influencias durante tu formaci\u00f3n en la Escuela Nacional de Artes Pl\u00e1sticas de la UNAM han sido determinantes en tu desarrollo art\u00edstico?<\/strong><strong><\/strong><\/p>\n\n\n\n<p>La ENAP, actual FAD, donde estudi\u00e9 comunicaci\u00f3n gr\u00e1fica, fue muy importante en mi formaci\u00f3n como ilustrador, dise\u00f1ador y artista pl\u00e1stico. All\u00ed recib\u00ed las bases del dibujo, del color y la historia del arte, adem\u00e1s de una formaci\u00f3n multidisciplinaria que abarc\u00f3 diferentes t\u00e9cnicas y visiones de cada uno de mis maestros.<\/p>\n\n\n\n<p class=\"has-ast-global-color-0-color has-text-color has-link-color wp-elements-e40d67fe5eefe24b5a628d7c2c6536c7\"><strong>Como exprofesor del Taller de Ilustraci\u00f3n en la UNAM, \u00bfc\u00f3mo ha influido la ense\u00f1anza en tu propia pr\u00e1ctica art\u00edstica?<\/strong><strong><\/strong><\/p>\n\n\n\n<p class=\"has-ast-global-color-2-color has-text-color has-link-color wp-elements-1dd17a13019adc2ba4a8d102447e4488\">Ser profesor me dio la oportunidad de estar del otro lado de la ense\u00f1anza, de organizar mis ideas, tener la claridad de mis propios procesos creativos para poder transmitirlos de la mejor manera a mis alumnos. Encontrar temas atractivos para motivarlos y la satisfacci\u00f3n de poder compartir mi experiencia y conocimiento en el \u00e1rea de la ilustraci\u00f3n.<\/p>\n\n\n\n<p class=\"has-ast-global-color-0-color has-text-color has-link-color wp-elements-e2292cc6dd9ee9061bb8e124b75bf603\"><strong>\u00bfQu\u00e9 te motiva a explorar diferentes medios y c\u00f3mo decides cu\u00e1l utilizar en cada proyecto?<\/strong><\/p>\n\n\n\n<p>A lo largo de mi carrera siempre he tenido inter\u00e9s por explorar diferentes t\u00e9cnicas y estilos, no solamente por curiosidad, sino porque cada material y t\u00e9cnica proporciona diferentes&nbsp;caminos y variedad de resultados que nos ayudan a expresar de mejor manera lo que se quiere plasmar, utilizar un material o t\u00e9cnica espec\u00edfica nos puede ayudar a transmitir ciertas emociones mejor que otros.<\/p>\n\n\n\n<p class=\"has-ast-global-color-0-color has-text-color has-link-color wp-elements-741735749d1b1044c11974dcae06c7fd\"><strong>Tras recibir premios como el Premio Internacional Compostela de \u00c1lbum Ilustrado en 2009, \u00bfc\u00f3mo han impactado estos reconocimientos en tu carrera y en tu perspectiva sobre tu obra?<\/strong><strong><\/strong><\/p>\n\n\n\n<p><br>Obtener este reconocimento internacional es un orgullo y ha sido&nbsp;muy importante para consolidar mi carrera como ilustrador y creador pl\u00e1stico. Me ha dado una satisfacci\u00f3n enorme y como creador recibir una distinci\u00f3n as\u00ed, supone el reconocimiento de nuestra contribuci\u00f3n a la sociedad y la relevancia de nuestro trabajo, y por supuesto es una gran motivaci\u00f3n para seguir creando.<\/p>\n\n\n\n<p class=\"has-ast-global-color-0-color has-text-color has-link-color wp-elements-1cc153aafb9ed41cc1a6fc1895bdd020\"><strong>\u00bfPodr\u00edas describir tu proceso creativo desde la concepci\u00f3n de una idea hasta la obra final?<\/strong><strong><\/strong><\/p>\n\n\n\n<p><br>En general, yo parto de una idea que se va elaborando en mi mente, en el caso de la ilustraci\u00f3n, estas ideas surgen a partir de la lectura del texto y su conceptualizaci\u00f3n, en una pintura hay detr\u00e1s ideas que se busca explorar para comunicarlas, involucra investigaci\u00f3n, reflexi\u00f3n y desarrollo del concepto.<\/p>\n\n\n\n<p class=\"has-ast-global-color-2-color has-text-color has-link-color wp-elements-1d25681c4b9b4eb829f049abae454c44\">Estas primeras ideas o im\u00e1genes mentales seguramente al pasar al papel se ir\u00e1n transformando y se concretar\u00e1n en uno o varios bocetos, que a partir de nuevas ideas que van surgiendo en el proceso, se ir\u00e1n redondeando en una idea central y tomando forma hasta llegar a un resultado que sintetice lo esencial en una imagen final. \u00a0<br><\/p>\n\n\n\n<p class=\"has-ast-global-color-0-color has-text-color has-link-color wp-elements-2231c175bb94d60e94eab985606f5769\"><strong>A lo largo de m\u00e1s de tres d\u00e9cadas de carrera, \u00bfc\u00f3mo ha evolucionado tu estilo y tem\u00e1tica en tus obras?<\/strong><\/p>\n\n\n\n<p><br>En mi obra he experimentado con diferentes estilos, que han tenido que ver con mis diferentes etapas de vida, cambios emocionales y circunstancias de vida.&nbsp;Mis obras reflejan estas diferentes etapas y emociones a lo largo del tiempo, aunque&nbsp;una constante ha sido mi inter\u00e9s por la figura humana, la representaci\u00f3n del cuerpo es un elemento b\u00e1sico que me ayuda a comunicar las emociones mas diversas.&nbsp;&nbsp;<\/p>\n\n\n\n<p>Por otro lado, mi trabajo como ilustrador dedicado principalmente a la infancia, ha sido lo que m\u00e1s satisfacciones y visibilidad me ha dado. Tengo la suerte de haber crecido con eso, pertenecer a una generaci\u00f3n que coincidi\u00f3 con las primeras ferias del libro infantil y juvenil, a quienes nos toc\u00f3 empezar a abrir camino para los libros infantiles en M\u00e9xico, yo apenas estaba terminando la carrera cuando se public\u00f3 mi primer libro, esto me exig\u00edo desarrollar un estilo para el p\u00fablico infantil, buscando elementos que con la pr\u00e1ctica constante r\u00e1pidamente evolucion\u00f3 para lograr un estilo personal con un manejo intenso del color y plasticidad de mis figuras. &nbsp;&nbsp;&nbsp;<\/p>\n\n\n\n<p class=\"has-ast-global-color-0-color has-text-color has-link-color wp-elements-ee38abe8070b778f04b0d1a6b14655de\"><strong>\u00bfEn qu\u00e9 proyectos o series est\u00e1s trabajando actualmente y qu\u00e9 podemos esperar ver pr\u00f3ximamente?<\/strong><strong><\/strong><\/p>\n\n\n\n<p><br>Actualmente quiero trabajar en obras de peque\u00f1o formato, buscando experimentar un poco jugando entre lo abstracto y figurativo, as\u00ed como encontrar una mayor libertad en el trazo buscando mayor expresividad.<\/p>\n\n\n\n<p class=\"has-ast-global-color-0-color has-text-color has-link-color wp-elements-70d9a7c638055e8753871959c833ad3b\"><strong>\u00bfQu\u00e9 consejo le dar\u00edas a los j\u00f3venes artistas que buscan desarrollarse en el campo de la ilustraci\u00f3n y las artes pl\u00e1sticas?<\/strong><strong><\/strong><\/p>\n\n\n\n<p>Les dir\u00eda que se permitan observar mucho arte y todo los que les sirva de inspiraci\u00f3n, pero que al crear hagan a un lado todo lo que han visto y escuchen su voz interior, que sean sensibles, que disfruten el proceso y tengan pasi\u00f3n al hacerlo, sin preocuparse tanto por el resultado final.<\/p>\n\n\n\n<p class=\"has-ast-global-color-0-color has-text-color has-link-color wp-elements-b57f53a53e7280fb4ce4084190ff51fc\"><strong>En una entrevista anterior, mencionaste la convivencia entre t\u00e9cnicas tradicionales y nuevas tecnolog\u00edas en la ilustraci\u00f3n. \u00bfC\u00f3mo ves esta interacci\u00f3n en el contexto actual y futuro de la disciplina?<\/strong><\/p>\n\n\n\n<p>Considero que la tecnolog\u00eda es una maravillosa herramienta que nos puede ayudar mucho para explorar ideas y ahorrar trabajo. Al igual que en cualquier otra disciplina, las nuevas tecnolog\u00edas se han incorporado en el arte para crear nuevas formas de expresi\u00f3n, ha evolucionado adapt\u00e1ndose a los nuevos medios. Sin embargo, veo que tambi\u00e9n hay un riesgo en lo que est\u00e1 sucediendo en los \u00faltimos a\u00f1os, pues&nbsp;la adopci\u00f3n comercial de generadores de im\u00e1genes de IA ha significado que algunos ilustradores y artistas reales est\u00e9n perdiendo el trabajo remunerado y el control de sus propias im\u00e1genes.<\/p>\n\n\n\n<p class=\"has-ast-global-color-0-color has-text-color has-link-color wp-elements-929cdf60e3f822938d2cf61a91a7caa3\"><strong>Muchas gracias por compartir con nosotros tus conocimientos. Esta es tu casa.<\/strong><strong><\/strong><\/p>\n\n\n\n<p>Estoy agradecido por el espacio que me brinda. Espero estar muy pronto con ustedes de nuevo.<\/p>\n\n\n\n<p><\/p>\n\n\n\n<p class=\"has-medium-font-size\"><strong>Conoce m\u00e1s sobre la nueva edici\u00f3n de la revista Potencial Humano<\/strong><\/p>\n\n\n\n<div class=\"wp-block-buttons is-layout-flex wp-block-buttons-is-layout-flex\">\n<div class=\"wp-block-button\"><a class=\"wp-block-button__link wp-element-button\" href=\"https:\/\/revistapotencialhumano.com.mx\/revistadigital\/tomo-44\/\">Ver Revista GRATIS<\/a><\/div>\n<\/div>\n\n\n\n<p><\/p>\n","protected":false},"excerpt":{"rendered":"<p>Cada material y t\u00e9cnica proporciona diferentes\u00a0caminos y variedad de resultados que nos ayudan a expresar de mejor manera lo que se quiere plasmar&#8230;<\/p>\n","protected":false},"author":3,"featured_media":2869,"comment_status":"open","ping_status":"open","sticky":false,"template":"","format":"standard","meta":{"_monsterinsights_skip_tracking":false,"_monsterinsights_sitenote_active":false,"_monsterinsights_sitenote_note":"","_monsterinsights_sitenote_category":0,"site-sidebar-layout":"default","site-content-layout":"","ast-site-content-layout":"default","site-content-style":"default","site-sidebar-style":"default","ast-global-header-display":"","ast-banner-title-visibility":"","ast-main-header-display":"","ast-hfb-above-header-display":"","ast-hfb-below-header-display":"","ast-hfb-mobile-header-display":"","site-post-title":"","ast-breadcrumbs-content":"","ast-featured-img":"","footer-sml-layout":"","theme-transparent-header-meta":"","adv-header-id-meta":"","stick-header-meta":"","header-above-stick-meta":"","header-main-stick-meta":"","header-below-stick-meta":"","astra-migrate-meta-layouts":"set","ast-page-background-enabled":"default","ast-page-background-meta":{"desktop":{"background-color":"","background-image":"","background-repeat":"repeat","background-position":"center center","background-size":"auto","background-attachment":"scroll","background-type":"","background-media":"","overlay-type":"","overlay-color":"","overlay-opacity":"","overlay-gradient":""},"tablet":{"background-color":"","background-image":"","background-repeat":"repeat","background-position":"center center","background-size":"auto","background-attachment":"scroll","background-type":"","background-media":"","overlay-type":"","overlay-color":"","overlay-opacity":"","overlay-gradient":""},"mobile":{"background-color":"","background-image":"","background-repeat":"repeat","background-position":"center center","background-size":"auto","background-attachment":"scroll","background-type":"","background-media":"","overlay-type":"","overlay-color":"","overlay-opacity":"","overlay-gradient":""}},"ast-content-background-meta":{"desktop":{"background-color":"var(--ast-global-color-5)","background-image":"","background-repeat":"repeat","background-position":"center center","background-size":"auto","background-attachment":"scroll","background-type":"","background-media":"","overlay-type":"","overlay-color":"","overlay-opacity":"","overlay-gradient":""},"tablet":{"background-color":"var(--ast-global-color-5)","background-image":"","background-repeat":"repeat","background-position":"center center","background-size":"auto","background-attachment":"scroll","background-type":"","background-media":"","overlay-type":"","overlay-color":"","overlay-opacity":"","overlay-gradient":""},"mobile":{"background-color":"var(--ast-global-color-5)","background-image":"","background-repeat":"repeat","background-position":"center center","background-size":"auto","background-attachment":"scroll","background-type":"","background-media":"","overlay-type":"","overlay-color":"","overlay-opacity":"","overlay-gradient":""}},"_jetpack_memberships_contains_paid_content":false,"footnotes":""},"categories":[2],"tags":[98,27,96,33,25],"class_list":["post-2867","post","type-post","status-publish","format-standard","has-post-thumbnail","hentry","category-liderazgo","tag-arte","tag-entrevistas","tag-felipe-ugalde","tag-liderazgo","tag-revista"],"yoast_head":"<!-- This site is optimized with the Yoast SEO plugin v27.4 - https:\/\/yoast.com\/product\/yoast-seo-wordpress\/ -->\n<title>Creatividad con Prop\u00f3sito. El Arte como Estrategia de Impacto Humano - Potencial Humano<\/title>\n<meta name=\"description\" content=\"Cada material y t\u00e9cnica proporciona diferentes\u00a0caminos y variedad de resultados que nos ayudan a expresar de mejor manera lo que se quiere plasmar...\" \/>\n<meta name=\"robots\" content=\"index, follow, max-snippet:-1, max-image-preview:large, max-video-preview:-1\" \/>\n<link rel=\"canonical\" href=\"https:\/\/revistapotencialhumano.com.mx\/revistadigital\/felipe-ugalde-arte-entrevista\/\" \/>\n<meta property=\"og:locale\" content=\"es_ES\" \/>\n<meta property=\"og:type\" content=\"article\" \/>\n<meta property=\"og:title\" content=\"Creatividad con Prop\u00f3sito. El Arte como Estrategia de Impacto Humano\" \/>\n<meta property=\"og:description\" content=\"Cada material y t\u00e9cnica proporciona diferentes\u00a0caminos y variedad de resultados que nos ayudan a expresar de mejor manera lo que se quiere plasmar...\" \/>\n<meta property=\"og:url\" content=\"https:\/\/revistapotencialhumano.com.mx\/revistadigital\/felipe-ugalde-arte-entrevista\/\" \/>\n<meta property=\"og:site_name\" content=\"Potencial Humano\" \/>\n<meta property=\"article:published_time\" content=\"2025-07-31T23:07:51+00:00\" \/>\n<meta property=\"article:modified_time\" content=\"2025-08-05T17:12:21+00:00\" \/>\n<meta property=\"og:image\" content=\"https:\/\/revistapotencialhumano.com.mx\/revistadigital\/wp-content\/uploads\/2025\/07\/Felipe-Ugalde_2.png\" \/>\n\t<meta property=\"og:image:width\" content=\"1200\" \/>\n\t<meta property=\"og:image:height\" content=\"630\" \/>\n\t<meta property=\"og:image:type\" content=\"image\/png\" \/>\n<meta name=\"author\" content=\"Cesar Aldana\" \/>\n<meta name=\"twitter:card\" content=\"summary_large_image\" \/>\n<meta name=\"twitter:label1\" content=\"Written by\" \/>\n\t<meta name=\"twitter:data1\" content=\"Cesar Aldana\" \/>\n\t<meta name=\"twitter:label2\" content=\"Est. reading time\" \/>\n\t<meta name=\"twitter:data2\" content=\"6 minutos\" \/>\n<script type=\"application\/ld+json\" class=\"yoast-schema-graph\">{\"@context\":\"https:\\\/\\\/schema.org\",\"@graph\":[{\"@type\":\"Article\",\"@id\":\"https:\\\/\\\/revistapotencialhumano.com.mx\\\/revistadigital\\\/felipe-ugalde-arte-entrevista\\\/#article\",\"isPartOf\":{\"@id\":\"https:\\\/\\\/revistapotencialhumano.com.mx\\\/revistadigital\\\/felipe-ugalde-arte-entrevista\\\/\"},\"author\":{\"name\":\"Cesar Aldana\",\"@id\":\"https:\\\/\\\/revistapotencialhumano.com.mx\\\/revistadigital\\\/#\\\/schema\\\/person\\\/c15a4d9b0bcd4a8160bd7018497e2a62\"},\"headline\":\"Creatividad con Prop\u00f3sito. El Arte como Estrategia de Impacto Humano\",\"datePublished\":\"2025-07-31T23:07:51+00:00\",\"dateModified\":\"2025-08-05T17:12:21+00:00\",\"mainEntityOfPage\":{\"@id\":\"https:\\\/\\\/revistapotencialhumano.com.mx\\\/revistadigital\\\/felipe-ugalde-arte-entrevista\\\/\"},\"wordCount\":1208,\"commentCount\":0,\"publisher\":{\"@id\":\"https:\\\/\\\/revistapotencialhumano.com.mx\\\/revistadigital\\\/#organization\"},\"image\":{\"@id\":\"https:\\\/\\\/revistapotencialhumano.com.mx\\\/revistadigital\\\/felipe-ugalde-arte-entrevista\\\/#primaryimage\"},\"thumbnailUrl\":\"https:\\\/\\\/revistapotencialhumano.com.mx\\\/revistadigital\\\/wp-content\\\/uploads\\\/2025\\\/07\\\/Felipe-Ugalde_1.png\",\"keywords\":[\"arte\",\"entrevistas\",\"Felipe Ugalde\",\"liderazgo\",\"revista\"],\"articleSection\":[\"Liderazgo\"],\"inLanguage\":\"es\",\"potentialAction\":[{\"@type\":\"CommentAction\",\"name\":\"Comment\",\"target\":[\"https:\\\/\\\/revistapotencialhumano.com.mx\\\/revistadigital\\\/felipe-ugalde-arte-entrevista\\\/#respond\"]}]},{\"@type\":\"WebPage\",\"@id\":\"https:\\\/\\\/revistapotencialhumano.com.mx\\\/revistadigital\\\/felipe-ugalde-arte-entrevista\\\/\",\"url\":\"https:\\\/\\\/revistapotencialhumano.com.mx\\\/revistadigital\\\/felipe-ugalde-arte-entrevista\\\/\",\"name\":\"Creatividad con Prop\u00f3sito. El Arte como Estrategia de Impacto Humano - Potencial Humano\",\"isPartOf\":{\"@id\":\"https:\\\/\\\/revistapotencialhumano.com.mx\\\/revistadigital\\\/#website\"},\"primaryImageOfPage\":{\"@id\":\"https:\\\/\\\/revistapotencialhumano.com.mx\\\/revistadigital\\\/felipe-ugalde-arte-entrevista\\\/#primaryimage\"},\"image\":{\"@id\":\"https:\\\/\\\/revistapotencialhumano.com.mx\\\/revistadigital\\\/felipe-ugalde-arte-entrevista\\\/#primaryimage\"},\"thumbnailUrl\":\"https:\\\/\\\/revistapotencialhumano.com.mx\\\/revistadigital\\\/wp-content\\\/uploads\\\/2025\\\/07\\\/Felipe-Ugalde_1.png\",\"datePublished\":\"2025-07-31T23:07:51+00:00\",\"dateModified\":\"2025-08-05T17:12:21+00:00\",\"description\":\"Cada material y t\u00e9cnica proporciona diferentes\u00a0caminos y variedad de resultados que nos ayudan a expresar de mejor manera lo que se quiere plasmar...\",\"breadcrumb\":{\"@id\":\"https:\\\/\\\/revistapotencialhumano.com.mx\\\/revistadigital\\\/felipe-ugalde-arte-entrevista\\\/#breadcrumb\"},\"inLanguage\":\"es\",\"potentialAction\":[{\"@type\":\"ReadAction\",\"target\":[\"https:\\\/\\\/revistapotencialhumano.com.mx\\\/revistadigital\\\/felipe-ugalde-arte-entrevista\\\/\"]}]},{\"@type\":\"ImageObject\",\"inLanguage\":\"es\",\"@id\":\"https:\\\/\\\/revistapotencialhumano.com.mx\\\/revistadigital\\\/felipe-ugalde-arte-entrevista\\\/#primaryimage\",\"url\":\"https:\\\/\\\/revistapotencialhumano.com.mx\\\/revistadigital\\\/wp-content\\\/uploads\\\/2025\\\/07\\\/Felipe-Ugalde_1.png\",\"contentUrl\":\"https:\\\/\\\/revistapotencialhumano.com.mx\\\/revistadigital\\\/wp-content\\\/uploads\\\/2025\\\/07\\\/Felipe-Ugalde_1.png\",\"width\":1000,\"height\":1370,\"caption\":\"artista mexicano\"},{\"@type\":\"BreadcrumbList\",\"@id\":\"https:\\\/\\\/revistapotencialhumano.com.mx\\\/revistadigital\\\/felipe-ugalde-arte-entrevista\\\/#breadcrumb\",\"itemListElement\":[{\"@type\":\"ListItem\",\"position\":1,\"name\":\"Home\",\"item\":\"https:\\\/\\\/revistapotencialhumano.com.mx\\\/revistadigital\\\/\"},{\"@type\":\"ListItem\",\"position\":2,\"name\":\"Creatividad con Prop\u00f3sito. El Arte como Estrategia de Impacto Humano\"}]},{\"@type\":\"WebSite\",\"@id\":\"https:\\\/\\\/revistapotencialhumano.com.mx\\\/revistadigital\\\/#website\",\"url\":\"https:\\\/\\\/revistapotencialhumano.com.mx\\\/revistadigital\\\/\",\"name\":\"Revista Potencial Humano\",\"description\":\"Revista digital\",\"publisher\":{\"@id\":\"https:\\\/\\\/revistapotencialhumano.com.mx\\\/revistadigital\\\/#organization\"},\"potentialAction\":[{\"@type\":\"SearchAction\",\"target\":{\"@type\":\"EntryPoint\",\"urlTemplate\":\"https:\\\/\\\/revistapotencialhumano.com.mx\\\/revistadigital\\\/?s={search_term_string}\"},\"query-input\":{\"@type\":\"PropertyValueSpecification\",\"valueRequired\":true,\"valueName\":\"search_term_string\"}}],\"inLanguage\":\"es\"},{\"@type\":\"Organization\",\"@id\":\"https:\\\/\\\/revistapotencialhumano.com.mx\\\/revistadigital\\\/#organization\",\"name\":\"Revista Potencial Humano\",\"url\":\"https:\\\/\\\/revistapotencialhumano.com.mx\\\/revistadigital\\\/\",\"logo\":{\"@type\":\"ImageObject\",\"inLanguage\":\"es\",\"@id\":\"https:\\\/\\\/revistapotencialhumano.com.mx\\\/revistadigital\\\/#\\\/schema\\\/logo\\\/image\\\/\",\"url\":\"https:\\\/\\\/revistapotencialhumano.com.mx\\\/revistadigital\\\/wp-content\\\/uploads\\\/2023\\\/09\\\/logo_ph_gris.png\",\"contentUrl\":\"https:\\\/\\\/revistapotencialhumano.com.mx\\\/revistadigital\\\/wp-content\\\/uploads\\\/2023\\\/09\\\/logo_ph_gris.png\",\"width\":1920,\"height\":1080,\"caption\":\"Revista Potencial Humano\"},\"image\":{\"@id\":\"https:\\\/\\\/revistapotencialhumano.com.mx\\\/revistadigital\\\/#\\\/schema\\\/logo\\\/image\\\/\"},\"sameAs\":[\"https:\\\/\\\/open.spotify.com\\\/show\\\/2pIEFqnQDVKaEQzKkIOtQw?si=08622ad32ea742cb\"]},{\"@type\":\"Person\",\"@id\":\"https:\\\/\\\/revistapotencialhumano.com.mx\\\/revistadigital\\\/#\\\/schema\\\/person\\\/c15a4d9b0bcd4a8160bd7018497e2a62\",\"name\":\"Cesar Aldana\",\"image\":{\"@type\":\"ImageObject\",\"inLanguage\":\"es\",\"@id\":\"https:\\\/\\\/secure.gravatar.com\\\/avatar\\\/450d0f79afa319363394649e6db54defdeb1e27cdb703b1b90293cd7b11ed3f5?s=96&d=mm&r=g\",\"url\":\"https:\\\/\\\/secure.gravatar.com\\\/avatar\\\/450d0f79afa319363394649e6db54defdeb1e27cdb703b1b90293cd7b11ed3f5?s=96&d=mm&r=g\",\"contentUrl\":\"https:\\\/\\\/secure.gravatar.com\\\/avatar\\\/450d0f79afa319363394649e6db54defdeb1e27cdb703b1b90293cd7b11ed3f5?s=96&d=mm&r=g\",\"caption\":\"Cesar Aldana\"},\"url\":\"https:\\\/\\\/revistapotencialhumano.com.mx\\\/revistadigital\\\/author\\\/cesar\\\/\"}]}<\/script>\n<!-- \/ Yoast SEO plugin. -->","yoast_head_json":{"title":"Creatividad con Prop\u00f3sito. El Arte como Estrategia de Impacto Humano - Potencial Humano","description":"Cada material y t\u00e9cnica proporciona diferentes\u00a0caminos y variedad de resultados que nos ayudan a expresar de mejor manera lo que se quiere plasmar...","robots":{"index":"index","follow":"follow","max-snippet":"max-snippet:-1","max-image-preview":"max-image-preview:large","max-video-preview":"max-video-preview:-1"},"canonical":"https:\/\/revistapotencialhumano.com.mx\/revistadigital\/felipe-ugalde-arte-entrevista\/","og_locale":"es_ES","og_type":"article","og_title":"Creatividad con Prop\u00f3sito. El Arte como Estrategia de Impacto Humano","og_description":"Cada material y t\u00e9cnica proporciona diferentes\u00a0caminos y variedad de resultados que nos ayudan a expresar de mejor manera lo que se quiere plasmar...","og_url":"https:\/\/revistapotencialhumano.com.mx\/revistadigital\/felipe-ugalde-arte-entrevista\/","og_site_name":"Potencial Humano","article_published_time":"2025-07-31T23:07:51+00:00","article_modified_time":"2025-08-05T17:12:21+00:00","og_image":[{"width":1200,"height":630,"url":"https:\/\/revistapotencialhumano.com.mx\/revistadigital\/wp-content\/uploads\/2025\/07\/Felipe-Ugalde_2.png","type":"image\/png"}],"author":"Cesar Aldana","twitter_card":"summary_large_image","twitter_misc":{"Written by":"Cesar Aldana","Est. reading time":"6 minutos"},"schema":{"@context":"https:\/\/schema.org","@graph":[{"@type":"Article","@id":"https:\/\/revistapotencialhumano.com.mx\/revistadigital\/felipe-ugalde-arte-entrevista\/#article","isPartOf":{"@id":"https:\/\/revistapotencialhumano.com.mx\/revistadigital\/felipe-ugalde-arte-entrevista\/"},"author":{"name":"Cesar Aldana","@id":"https:\/\/revistapotencialhumano.com.mx\/revistadigital\/#\/schema\/person\/c15a4d9b0bcd4a8160bd7018497e2a62"},"headline":"Creatividad con Prop\u00f3sito. El Arte como Estrategia de Impacto Humano","datePublished":"2025-07-31T23:07:51+00:00","dateModified":"2025-08-05T17:12:21+00:00","mainEntityOfPage":{"@id":"https:\/\/revistapotencialhumano.com.mx\/revistadigital\/felipe-ugalde-arte-entrevista\/"},"wordCount":1208,"commentCount":0,"publisher":{"@id":"https:\/\/revistapotencialhumano.com.mx\/revistadigital\/#organization"},"image":{"@id":"https:\/\/revistapotencialhumano.com.mx\/revistadigital\/felipe-ugalde-arte-entrevista\/#primaryimage"},"thumbnailUrl":"https:\/\/revistapotencialhumano.com.mx\/revistadigital\/wp-content\/uploads\/2025\/07\/Felipe-Ugalde_1.png","keywords":["arte","entrevistas","Felipe Ugalde","liderazgo","revista"],"articleSection":["Liderazgo"],"inLanguage":"es","potentialAction":[{"@type":"CommentAction","name":"Comment","target":["https:\/\/revistapotencialhumano.com.mx\/revistadigital\/felipe-ugalde-arte-entrevista\/#respond"]}]},{"@type":"WebPage","@id":"https:\/\/revistapotencialhumano.com.mx\/revistadigital\/felipe-ugalde-arte-entrevista\/","url":"https:\/\/revistapotencialhumano.com.mx\/revistadigital\/felipe-ugalde-arte-entrevista\/","name":"Creatividad con Prop\u00f3sito. El Arte como Estrategia de Impacto Humano - Potencial Humano","isPartOf":{"@id":"https:\/\/revistapotencialhumano.com.mx\/revistadigital\/#website"},"primaryImageOfPage":{"@id":"https:\/\/revistapotencialhumano.com.mx\/revistadigital\/felipe-ugalde-arte-entrevista\/#primaryimage"},"image":{"@id":"https:\/\/revistapotencialhumano.com.mx\/revistadigital\/felipe-ugalde-arte-entrevista\/#primaryimage"},"thumbnailUrl":"https:\/\/revistapotencialhumano.com.mx\/revistadigital\/wp-content\/uploads\/2025\/07\/Felipe-Ugalde_1.png","datePublished":"2025-07-31T23:07:51+00:00","dateModified":"2025-08-05T17:12:21+00:00","description":"Cada material y t\u00e9cnica proporciona diferentes\u00a0caminos y variedad de resultados que nos ayudan a expresar de mejor manera lo que se quiere plasmar...","breadcrumb":{"@id":"https:\/\/revistapotencialhumano.com.mx\/revistadigital\/felipe-ugalde-arte-entrevista\/#breadcrumb"},"inLanguage":"es","potentialAction":[{"@type":"ReadAction","target":["https:\/\/revistapotencialhumano.com.mx\/revistadigital\/felipe-ugalde-arte-entrevista\/"]}]},{"@type":"ImageObject","inLanguage":"es","@id":"https:\/\/revistapotencialhumano.com.mx\/revistadigital\/felipe-ugalde-arte-entrevista\/#primaryimage","url":"https:\/\/revistapotencialhumano.com.mx\/revistadigital\/wp-content\/uploads\/2025\/07\/Felipe-Ugalde_1.png","contentUrl":"https:\/\/revistapotencialhumano.com.mx\/revistadigital\/wp-content\/uploads\/2025\/07\/Felipe-Ugalde_1.png","width":1000,"height":1370,"caption":"artista mexicano"},{"@type":"BreadcrumbList","@id":"https:\/\/revistapotencialhumano.com.mx\/revistadigital\/felipe-ugalde-arte-entrevista\/#breadcrumb","itemListElement":[{"@type":"ListItem","position":1,"name":"Home","item":"https:\/\/revistapotencialhumano.com.mx\/revistadigital\/"},{"@type":"ListItem","position":2,"name":"Creatividad con Prop\u00f3sito. El Arte como Estrategia de Impacto Humano"}]},{"@type":"WebSite","@id":"https:\/\/revistapotencialhumano.com.mx\/revistadigital\/#website","url":"https:\/\/revistapotencialhumano.com.mx\/revistadigital\/","name":"Revista Potencial Humano","description":"Revista digital","publisher":{"@id":"https:\/\/revistapotencialhumano.com.mx\/revistadigital\/#organization"},"potentialAction":[{"@type":"SearchAction","target":{"@type":"EntryPoint","urlTemplate":"https:\/\/revistapotencialhumano.com.mx\/revistadigital\/?s={search_term_string}"},"query-input":{"@type":"PropertyValueSpecification","valueRequired":true,"valueName":"search_term_string"}}],"inLanguage":"es"},{"@type":"Organization","@id":"https:\/\/revistapotencialhumano.com.mx\/revistadigital\/#organization","name":"Revista Potencial Humano","url":"https:\/\/revistapotencialhumano.com.mx\/revistadigital\/","logo":{"@type":"ImageObject","inLanguage":"es","@id":"https:\/\/revistapotencialhumano.com.mx\/revistadigital\/#\/schema\/logo\/image\/","url":"https:\/\/revistapotencialhumano.com.mx\/revistadigital\/wp-content\/uploads\/2023\/09\/logo_ph_gris.png","contentUrl":"https:\/\/revistapotencialhumano.com.mx\/revistadigital\/wp-content\/uploads\/2023\/09\/logo_ph_gris.png","width":1920,"height":1080,"caption":"Revista Potencial Humano"},"image":{"@id":"https:\/\/revistapotencialhumano.com.mx\/revistadigital\/#\/schema\/logo\/image\/"},"sameAs":["https:\/\/open.spotify.com\/show\/2pIEFqnQDVKaEQzKkIOtQw?si=08622ad32ea742cb"]},{"@type":"Person","@id":"https:\/\/revistapotencialhumano.com.mx\/revistadigital\/#\/schema\/person\/c15a4d9b0bcd4a8160bd7018497e2a62","name":"Cesar Aldana","image":{"@type":"ImageObject","inLanguage":"es","@id":"https:\/\/secure.gravatar.com\/avatar\/450d0f79afa319363394649e6db54defdeb1e27cdb703b1b90293cd7b11ed3f5?s=96&d=mm&r=g","url":"https:\/\/secure.gravatar.com\/avatar\/450d0f79afa319363394649e6db54defdeb1e27cdb703b1b90293cd7b11ed3f5?s=96&d=mm&r=g","contentUrl":"https:\/\/secure.gravatar.com\/avatar\/450d0f79afa319363394649e6db54defdeb1e27cdb703b1b90293cd7b11ed3f5?s=96&d=mm&r=g","caption":"Cesar Aldana"},"url":"https:\/\/revistapotencialhumano.com.mx\/revistadigital\/author\/cesar\/"}]}},"jetpack_featured_media_url":"https:\/\/revistapotencialhumano.com.mx\/revistadigital\/wp-content\/uploads\/2025\/07\/Felipe-Ugalde_1.png","jetpack_sharing_enabled":true,"_links":{"self":[{"href":"https:\/\/revistapotencialhumano.com.mx\/revistadigital\/wp-json\/wp\/v2\/posts\/2867","targetHints":{"allow":["GET"]}}],"collection":[{"href":"https:\/\/revistapotencialhumano.com.mx\/revistadigital\/wp-json\/wp\/v2\/posts"}],"about":[{"href":"https:\/\/revistapotencialhumano.com.mx\/revistadigital\/wp-json\/wp\/v2\/types\/post"}],"author":[{"embeddable":true,"href":"https:\/\/revistapotencialhumano.com.mx\/revistadigital\/wp-json\/wp\/v2\/users\/3"}],"replies":[{"embeddable":true,"href":"https:\/\/revistapotencialhumano.com.mx\/revistadigital\/wp-json\/wp\/v2\/comments?post=2867"}],"version-history":[{"count":3,"href":"https:\/\/revistapotencialhumano.com.mx\/revistadigital\/wp-json\/wp\/v2\/posts\/2867\/revisions"}],"predecessor-version":[{"id":2893,"href":"https:\/\/revistapotencialhumano.com.mx\/revistadigital\/wp-json\/wp\/v2\/posts\/2867\/revisions\/2893"}],"wp:featuredmedia":[{"embeddable":true,"href":"https:\/\/revistapotencialhumano.com.mx\/revistadigital\/wp-json\/wp\/v2\/media\/2869"}],"wp:attachment":[{"href":"https:\/\/revistapotencialhumano.com.mx\/revistadigital\/wp-json\/wp\/v2\/media?parent=2867"}],"wp:term":[{"taxonomy":"category","embeddable":true,"href":"https:\/\/revistapotencialhumano.com.mx\/revistadigital\/wp-json\/wp\/v2\/categories?post=2867"},{"taxonomy":"post_tag","embeddable":true,"href":"https:\/\/revistapotencialhumano.com.mx\/revistadigital\/wp-json\/wp\/v2\/tags?post=2867"}],"curies":[{"name":"wp","href":"https:\/\/api.w.org\/{rel}","templated":true}]}}