{"id":3149,"date":"2025-10-31T07:07:00","date_gmt":"2025-10-31T07:07:00","guid":{"rendered":"https:\/\/revistapotencialhumano.com.mx\/revistadigital\/?p=3149"},"modified":"2025-10-29T17:03:12","modified_gmt":"2025-10-29T17:03:12","slug":"jorge-navarro-lucio-un-referente-en-diplomacia-periodismo-y-analisis-global","status":"publish","type":"post","link":"https:\/\/revistapotencialhumano.com.mx\/revistadigital\/jorge-navarro-lucio-un-referente-en-diplomacia-periodismo-y-analisis-global\/","title":{"rendered":"Jorge Navarro Lucio: Un referente en diplomacia, periodismo y an\u00e1lisis global"},"content":{"rendered":"\n<p class=\"has-vivid-red-color has-text-color has-link-color has-small-font-size wp-elements-c75c46d1b56ad142eb3d5644becd928d\">La trayectoria del Dr. Jorge Navarro Lucio es testimonio de un compromiso constante con la comprensi\u00f3n profunda de la din\u00e1mica internacional y el desarrollo econ\u00f3mico. Periodista, investigador, exdiplom\u00e1tico, empresario y consultor, el Dr. Navarro Lucio ha sabido combinar su formaci\u00f3n acad\u00e9mica con una pr\u00e1ctica profesional que lo ha llevado a ocupar posiciones de liderazgo en la esfera p\u00fablica y privada.<\/p>\n\n\n\n<p class=\"has-vivid-red-color has-text-color has-link-color has-small-font-size wp-elements-a492cd8fea85ecb66c852af333673654\">Actualmente, es presidente y CEO de <em>Global Trends 2.0<\/em>, una firma de consultor\u00eda y an\u00e1lisis estrat\u00e9gico que se especializa en la investigaci\u00f3n de tendencias y escenarios globales, con un enfoque particular en las regiones del hemisferio occidental, el sudeste asi\u00e1tico y China. Su labor consiste en asesorar a gobiernos y empresas para anticipar riesgos y aprovechar oportunidades en un entorno internacional en constante transformaci\u00f3n.<\/p>\n\n\n\n<p class=\"has-medium-font-size\"><strong>Formaci\u00f3n acad\u00e9mica y especializaci\u00f3n<\/strong><\/p>\n\n\n\n<p>La formaci\u00f3n del Dr. Navarro Lucio es amplia y multidisciplinaria. Es doctor en Relaciones Transpac\u00edficas por el Centro Universitario de Estudios e Investigaciones sobre la Cuenca del Pac\u00edfico (CUEICP) de la Universidad de Colima, donde desarroll\u00f3 investigaciones sobre las relaciones econ\u00f3micas y pol\u00edticas de la regi\u00f3n Asia-Pac\u00edfico con \u00e9nfasis en China y Sudeste Asi\u00e1tico. Adem\u00e1s, cuenta con una maestr\u00eda en Administraci\u00f3n de Empresas (con especialidad en desarrollo y competitividad empresarial) y una licenciatura en Relaciones Internacionales, lo que le permite comprender tanto el mundo corporativo como el complejo entramado de la pol\u00edtica internacional, brindando una visi\u00f3n integral a quienes requieren asesor\u00eda, ya sean estudiantes, inversionistas o l\u00edderes del sector empresarial y pol\u00edtico, para anticipar y superar los retos que plantea el entorno global contempor\u00e1neo.<\/p>\n\n\n\n<p>Su formaci\u00f3n se enriquece con estudios en instituciones de prestigio mundial, incluyendo el <em>MIT, Lund University, SOAS University of London, University of Leiden<\/em>, y <em>Sciences Po<\/em>. Adem\u00e1s, ha cursado programas especializados en seguridad nacional en <em>Georgetown University<\/em>, derecho migratorio estadounidense en <em>George Washington University<\/em> y estudios europeos en <em>Lund University<\/em> y en <em>Chulalongkorn University<\/em>. Esta combinaci\u00f3n le otorga una perspectiva multidisciplinaria que abarca econom\u00eda, derecho migratorio estadounidense, pol\u00edtica, seguridad y diplomacia, factores esenciales para el an\u00e1lisis estrat\u00e9gico en el contexto global actual.<\/p>\n\n\n\n<figure class=\"wp-block-image size-large\"><img fetchpriority=\"high\" decoding=\"async\" width=\"1024\" height=\"538\" src=\"https:\/\/revistapotencialhumano.com.mx\/revistadigital\/wp-content\/uploads\/2025\/10\/JORGE-NAVARRO-LUCIO_4-1024x538.png\" alt=\"\" class=\"wp-image-3150\" srcset=\"https:\/\/revistapotencialhumano.com.mx\/revistadigital\/wp-content\/uploads\/2025\/10\/JORGE-NAVARRO-LUCIO_4-1024x538.png 1024w, https:\/\/revistapotencialhumano.com.mx\/revistadigital\/wp-content\/uploads\/2025\/10\/JORGE-NAVARRO-LUCIO_4-300x158.png 300w, https:\/\/revistapotencialhumano.com.mx\/revistadigital\/wp-content\/uploads\/2025\/10\/JORGE-NAVARRO-LUCIO_4-768x403.png 768w, https:\/\/revistapotencialhumano.com.mx\/revistadigital\/wp-content\/uploads\/2025\/10\/JORGE-NAVARRO-LUCIO_4.png 1200w\" sizes=\"(max-width: 1024px) 100vw, 1024px\" \/><\/figure>\n\n\n\n<p class=\"has-medium-font-size\"><strong>Trayectoria diplom\u00e1tica y period\u00edstica<\/strong><\/p>\n\n\n\n<p>Su carrera diplom\u00e1tica refleja un compromiso profundo con la representaci\u00f3n y defensa de los intereses de M\u00e9xico en el exterior. Ha servido en dos ocasiones en la Embajada de M\u00e9xico en Washington, D.C., inicialmente como funcionario en la Secci\u00f3n Consular responsable de la protecci\u00f3n de los mexicanos en el exterior y posteriormente como consejero encargado de los Asuntos Fronterizos y Pol\u00edticos. Adem\u00e1s, fue jefe de Canciller\u00eda y Encargado de Negocios, a.i. en la Embajada de M\u00e9xico en Bangkok, Tailandia, y concurrente en Laos, Camboya y Vietnam. En esta \u00faltima posici\u00f3n, tambi\u00e9n fungi\u00f3 como Observador Permanente ante la Comisi\u00f3n Econ\u00f3mica y Social para Asia y el Pac\u00edfico de las Naciones Unidas, donde promovi\u00f3 el di\u00e1logo constructivo y la cooperaci\u00f3n multilateral para el desarrollo sostenible y la integraci\u00f3n regional.<\/p>\n\n\n\n<p>Paralelamente, ha desarrollado una destacada carrera en el periodismo internacional. Ha trabajado como corresponsal, columnista y editor en medios reconocidos, incluyendo las revistas mexicanas Ser Empresario, Potencial Humano y MACROECONOM\u00cdA, donde actualmente ocupa el cargo de director de Asuntos Diplom\u00e1ticos. Su experiencia abarca tambi\u00e9n la direcci\u00f3n de noticias y conducci\u00f3n en radio en el norte de M\u00e9xico y El Paso, Texas, as\u00ed como columnista de la edici\u00f3n de M\u00e9xico de <em>The New York Times<\/em>, China Hoy y la corresponsal\u00eda de NOTIMEX para los pa\u00edses de la regi\u00f3n b\u00e1ltica y Federaci\u00f3n de Rusia. Ha participado como comentarista de televisi\u00f3n en Ventura, California; adem\u00e1s en Radio Net y Uni\u00f3n Radio MX (Caf\u00e9 Pol\u00edtico) en el norte de M\u00e9xico. Su labor period\u00edstica se caracteriza por un an\u00e1lisis riguroso y una comunicaci\u00f3n clara sobre temas de econom\u00eda, geopol\u00edtica, migraci\u00f3n y seguridad.<\/p>\n\n\n\n<figure class=\"wp-block-image size-large is-resized\"><img decoding=\"async\" width=\"1024\" height=\"538\" src=\"https:\/\/revistapotencialhumano.com.mx\/revistadigital\/wp-content\/uploads\/2025\/10\/JORGE-NAVARRO-LUCIO_5-1024x538.png\" alt=\"\" class=\"wp-image-3151\" style=\"width:1024px;height:auto\" srcset=\"https:\/\/revistapotencialhumano.com.mx\/revistadigital\/wp-content\/uploads\/2025\/10\/JORGE-NAVARRO-LUCIO_5-1024x538.png 1024w, https:\/\/revistapotencialhumano.com.mx\/revistadigital\/wp-content\/uploads\/2025\/10\/JORGE-NAVARRO-LUCIO_5-300x158.png 300w, https:\/\/revistapotencialhumano.com.mx\/revistadigital\/wp-content\/uploads\/2025\/10\/JORGE-NAVARRO-LUCIO_5-768x403.png 768w, https:\/\/revistapotencialhumano.com.mx\/revistadigital\/wp-content\/uploads\/2025\/10\/JORGE-NAVARRO-LUCIO_5.png 1200w\" sizes=\"(max-width: 1024px) 100vw, 1024px\" \/><\/figure>\n\n\n\n<p class=\"has-medium-font-size\"><strong>Docencia, investigaci\u00f3n y liderazgo<\/strong><\/p>\n\n\n\n<p>El Dr. Navarro Lucio ha desempe\u00f1ado roles como profesor e investigador en prestigiosas instituciones acad\u00e9micas, tales como la Universidad Aut\u00f3noma de Ciudad Ju\u00e1rez, la Universidad Regional del Norte, la Universidad Nacional Aut\u00f3noma de M\u00e9xico y la Universidad de las Am\u00e9ricas, campus Ciudad de M\u00e9xico. Su experiencia se extiende tambi\u00e9n a nivel internacional, donde ha participado como ponente y conferencista principal en diversas universidades de Estados Unidos, Asia y Europa.<\/p>\n\n\n\n<p>Comprometido con la formaci\u00f3n de nuevas generaciones, el Dr. Navarro Lucio complementa su labor docente con una activa investigaci\u00f3n, centrada principalmente en temas relacionados con los procesos migratorios de Estados Unidos, as\u00ed como en estudios sobre las regiones de Asia-Pac\u00edfico, Europa y Am\u00e9rica. Adem\u00e1s, contribuye regularmente con art\u00edculos acad\u00e9micos en la Revista PORTES de la Universidad de Colima y en otras publicaciones especializadas. Forma parte de los comit\u00e9s de revisi\u00f3n por pares, bajo el sistema de doble ciego, en varias revistas acad\u00e9micas de reconocido prestigio. Su participaci\u00f3n en foros internacionales es notable, incluyendo su intervenci\u00f3n en debates y discusiones sobre el T\u00edbet en el <em>Forum for the Development on Tibet<\/em>, donde tambi\u00e9n fue conferencista.<\/p>\n\n\n\n<p>Entre 2010 y 2013, desempe\u00f1\u00f3 un rol fundamental como coordinador binacional y encargado de relaciones p\u00fablicas para la Comisi\u00f3n de Salud Fronteriza M\u00e9xico-Estados Unidos (<em>USMBHC<\/em>, por sus siglas en ingl\u00e9s). En este cargo, del Dr. Navarro Lucio fue responsable de promover y fortalecer la colaboraci\u00f3n estrat\u00e9gica en materia de salud p\u00fablica entre ambos pa\u00edses, con un enfoque especial en la regi\u00f3n fronteriza. Su labor incluy\u00f3 facilitar la comunicaci\u00f3n y coordinaci\u00f3n entre agencias gubernamentales, organizaciones no gubernamentales y actores comunitarios de ambos lados de la frontera, con el objetivo de enfrentar retos comunes como la prevenci\u00f3n y control de enfermedades transmisibles, la mejora del acceso a servicios de salud, y la promoci\u00f3n de pol\u00edticas p\u00fablicas conjuntas. En la <em>USMBHC<\/em> impuls\u00f3 proyectos conjuntos que abordaron temas cr\u00edticos como el control de la tuberculosis, la vigilancia epidemiol\u00f3gica binacional, y campa\u00f1as de salud p\u00fablica dirigidas a poblaciones vulnerables en la zona fronteriza. Durante su gesti\u00f3n, se fortalecieron los mecanismos de cooperaci\u00f3n interinstitucional que contribuyeron a mejorar la salud y el bienestar de las comunidades.<\/p>\n\n\n\n<figure class=\"wp-block-image alignfull size-large\"><img decoding=\"async\" width=\"747\" height=\"1024\" src=\"https:\/\/revistapotencialhumano.com.mx\/revistadigital\/wp-content\/uploads\/2025\/10\/JORGE-NAVARRO-LUCIO_3-747x1024.png\" alt=\"\" class=\"wp-image-3152\" srcset=\"https:\/\/revistapotencialhumano.com.mx\/revistadigital\/wp-content\/uploads\/2025\/10\/JORGE-NAVARRO-LUCIO_3-747x1024.png 747w, https:\/\/revistapotencialhumano.com.mx\/revistadigital\/wp-content\/uploads\/2025\/10\/JORGE-NAVARRO-LUCIO_3-219x300.png 219w, https:\/\/revistapotencialhumano.com.mx\/revistadigital\/wp-content\/uploads\/2025\/10\/JORGE-NAVARRO-LUCIO_3-768x1052.png 768w, https:\/\/revistapotencialhumano.com.mx\/revistadigital\/wp-content\/uploads\/2025\/10\/JORGE-NAVARRO-LUCIO_3.png 1000w\" sizes=\"(max-width: 747px) 100vw, 747px\" \/><\/figure>\n\n\n\n<p class=\"has-medium-font-size\"><strong>Presencia y contribuciones en medios digitales y foros internacionales<\/strong><\/p>\n\n\n\n<p>El Dr. Navarro Lucio mantiene una activa presencia en redes sociales y plataformas digitales, donde comparte sus an\u00e1lisis y reflexiones sobre los principales desaf\u00edos y tendencias globales. En Twitter, bajo el usuario @NavarroJorge_Dr, es reconocido como polit\u00f3logo, diplom\u00e1tico e investigador con especial \u00e9nfasis en asuntos migratorios, las relaciones transpac\u00edficas, la pol\u00edtica internacional y la competencia tecnol\u00f3gica global.<\/p>\n\n\n\n<p>Ha participado en m\u00faltiples conferencias, entrevistas y foros internacionales, abordando temas como la rivalidad entre potencias, seguridad nacional, econom\u00eda digital y pol\u00edticas comerciales. Su capacidad para comunicar de manera efectiva y conectar con audiencias diversas lo posiciona como un puente entre el conocimiento acad\u00e9mico y la pr\u00e1ctica profesional.<\/p>\n\n\n\n<p class=\"has-medium-font-size\"><strong>Compromiso con el desarrollo global<\/strong><\/p>\n\n\n\n<p>El Dr. Jorge Navarro Lucio se destaca como un referente en la comprensi\u00f3n de las complejidades del mundo contempor\u00e1neo, gracias a su compromiso con la investigaci\u00f3n, la docencia, la diplomacia y el an\u00e1lisis estrat\u00e9gico. A lo largo de su carrera, ha demostrado capacidad para interpretar los fen\u00f3menos globales desde una perspectiva multidisciplinaria, lo que le ha permitido ofrecer soluciones innovadoras y viables frente a los desaf\u00edos que enfrentan M\u00e9xico, el hemisferio occidental y la regi\u00f3n transpac\u00edfica.<\/p>\n\n\n\n<p>Su trabajo no solo fortalece la posici\u00f3n de actores relevantes globales en el \u00e1mbito internacional, sino que tambi\u00e9n impulsa el desarrollo econ\u00f3mico y social mediante estrategias efectivas que promueven la cooperaci\u00f3n, la inclusi\u00f3n y la sostenibilidad.<\/p>\n\n\n\n<p>Este merecido reconocimiento en la portada de nuestra revista simboliza un homenaje profundo a su labor y a su compromiso inquebrantable por construir un futuro m\u00e1s informado, conectado y pr\u00f3spero para las generaciones presentes y venideras. Su ejemplo inspira a profesionales y acad\u00e9micos a seguir explorando caminos que contribuyan al bienestar colectivo y a la consolidaci\u00f3n y desarrollo sostenible de actores relevantes del concierto internacional de naciones.<\/p>\n\n\n\n<figure class=\"wp-block-image alignfull size-large\"><img loading=\"lazy\" decoding=\"async\" width=\"747\" height=\"1024\" src=\"https:\/\/revistapotencialhumano.com.mx\/revistadigital\/wp-content\/uploads\/2025\/10\/JORGE-NAVARRO-LUCIO_2-747x1024.png\" alt=\"\" class=\"wp-image-3153\" srcset=\"https:\/\/revistapotencialhumano.com.mx\/revistadigital\/wp-content\/uploads\/2025\/10\/JORGE-NAVARRO-LUCIO_2-747x1024.png 747w, https:\/\/revistapotencialhumano.com.mx\/revistadigital\/wp-content\/uploads\/2025\/10\/JORGE-NAVARRO-LUCIO_2-219x300.png 219w, https:\/\/revistapotencialhumano.com.mx\/revistadigital\/wp-content\/uploads\/2025\/10\/JORGE-NAVARRO-LUCIO_2-768x1052.png 768w, https:\/\/revistapotencialhumano.com.mx\/revistadigital\/wp-content\/uploads\/2025\/10\/JORGE-NAVARRO-LUCIO_2.png 1000w\" sizes=\"(max-width: 747px) 100vw, 747px\" \/><\/figure>\n\n\n\n<p class=\"has-vivid-red-color has-text-color has-link-color has-medium-font-size wp-elements-90a661bcbc56de8b734c23dc273e5a2b\"><strong>Conoce m\u00e1s sobre informaci\u00f3n reelevante del Dr. Jorge Navarro Lucio<\/strong><\/p>\n\n\n\n<div class=\"wp-block-buttons is-layout-flex wp-block-buttons-is-layout-flex\">\n<div class=\"wp-block-button\"><a class=\"wp-block-button__link has-vivid-red-background-color has-background wp-element-button\" href=\"https:\/\/revistapotencialhumano.com.mx\/revistadigital\/economia-california\/\">ver m\u00e1s art\u00edculos<\/a><\/div>\n<\/div>\n\n\n\n<p><\/p>\n","protected":false},"excerpt":{"rendered":"<p>Compromiso con la investigaci\u00f3n, la docencia, la diplomacia y el an\u00e1lisis estrat\u00e9gico.<\/p>\n","protected":false},"author":3,"featured_media":3154,"comment_status":"open","ping_status":"open","sticky":false,"template":"","format":"standard","meta":{"_monsterinsights_skip_tracking":false,"_monsterinsights_sitenote_active":false,"_monsterinsights_sitenote_note":"","_monsterinsights_sitenote_category":0,"site-sidebar-layout":"default","site-content-layout":"","ast-site-content-layout":"default","site-content-style":"default","site-sidebar-style":"default","ast-global-header-display":"","ast-banner-title-visibility":"","ast-main-header-display":"","ast-hfb-above-header-display":"","ast-hfb-below-header-display":"","ast-hfb-mobile-header-display":"","site-post-title":"","ast-breadcrumbs-content":"","ast-featured-img":"","footer-sml-layout":"","theme-transparent-header-meta":"","adv-header-id-meta":"","stick-header-meta":"","header-above-stick-meta":"","header-main-stick-meta":"","header-below-stick-meta":"","astra-migrate-meta-layouts":"set","ast-page-background-enabled":"default","ast-page-background-meta":{"desktop":{"background-color":"","background-image":"","background-repeat":"repeat","background-position":"center center","background-size":"auto","background-attachment":"scroll","background-type":"","background-media":"","overlay-type":"","overlay-color":"","overlay-opacity":"","overlay-gradient":""},"tablet":{"background-color":"","background-image":"","background-repeat":"repeat","background-position":"center center","background-size":"auto","background-attachment":"scroll","background-type":"","background-media":"","overlay-type":"","overlay-color":"","overlay-opacity":"","overlay-gradient":""},"mobile":{"background-color":"","background-image":"","background-repeat":"repeat","background-position":"center center","background-size":"auto","background-attachment":"scroll","background-type":"","background-media":"","overlay-type":"","overlay-color":"","overlay-opacity":"","overlay-gradient":""}},"ast-content-background-meta":{"desktop":{"background-color":"var(--ast-global-color-5)","background-image":"","background-repeat":"repeat","background-position":"center center","background-size":"auto","background-attachment":"scroll","background-type":"","background-media":"","overlay-type":"","overlay-color":"","overlay-opacity":"","overlay-gradient":""},"tablet":{"background-color":"var(--ast-global-color-5)","background-image":"","background-repeat":"repeat","background-position":"center center","background-size":"auto","background-attachment":"scroll","background-type":"","background-media":"","overlay-type":"","overlay-color":"","overlay-opacity":"","overlay-gradient":""},"mobile":{"background-color":"var(--ast-global-color-5)","background-image":"","background-repeat":"repeat","background-position":"center center","background-size":"auto","background-attachment":"scroll","background-type":"","background-media":"","overlay-type":"","overlay-color":"","overlay-opacity":"","overlay-gradient":""}},"_jetpack_memberships_contains_paid_content":false,"footnotes":""},"categories":[2],"tags":[27,33,25],"class_list":["post-3149","post","type-post","status-publish","format-standard","has-post-thumbnail","hentry","category-liderazgo","tag-entrevistas","tag-liderazgo","tag-revista"],"yoast_head":"<!-- This site is optimized with the Yoast SEO plugin v27.4 - https:\/\/yoast.com\/product\/yoast-seo-wordpress\/ -->\n<title>Jorge Navarro Lucio: Un referente en diplomacia, periodismo y an\u00e1lisis global - Potencial Humano<\/title>\n<meta name=\"description\" content=\"Compromiso con la investigaci\u00f3n, la docencia, la diplomacia y el an\u00e1lisis estrat\u00e9gico.\" \/>\n<meta name=\"robots\" content=\"index, follow, max-snippet:-1, max-image-preview:large, max-video-preview:-1\" \/>\n<link rel=\"canonical\" href=\"https:\/\/revistapotencialhumano.com.mx\/revistadigital\/jorge-navarro-lucio-un-referente-en-diplomacia-periodismo-y-analisis-global\/\" \/>\n<meta property=\"og:locale\" content=\"es_ES\" \/>\n<meta property=\"og:type\" content=\"article\" \/>\n<meta property=\"og:title\" content=\"Jorge Navarro Lucio: Un referente en diplomacia, periodismo y an\u00e1lisis global\" \/>\n<meta property=\"og:description\" content=\"Compromiso con la investigaci\u00f3n, la docencia, la diplomacia y el an\u00e1lisis estrat\u00e9gico.\" \/>\n<meta property=\"og:url\" content=\"https:\/\/revistapotencialhumano.com.mx\/revistadigital\/jorge-navarro-lucio-un-referente-en-diplomacia-periodismo-y-analisis-global\/\" \/>\n<meta property=\"og:site_name\" content=\"Potencial Humano\" \/>\n<meta property=\"article:published_time\" content=\"2025-10-31T07:07:00+00:00\" \/>\n<meta property=\"og:image\" content=\"https:\/\/revistapotencialhumano.com.mx\/revistadigital\/wp-content\/uploads\/2025\/10\/JORGE-NAVARRO-LUCIO_5.png\" \/>\n\t<meta property=\"og:image:width\" content=\"1200\" \/>\n\t<meta property=\"og:image:height\" content=\"630\" \/>\n\t<meta property=\"og:image:type\" content=\"image\/png\" \/>\n<meta name=\"author\" content=\"Cesar Aldana\" \/>\n<meta name=\"twitter:card\" content=\"summary_large_image\" \/>\n<meta name=\"twitter:label1\" content=\"Written by\" \/>\n\t<meta name=\"twitter:data1\" content=\"Cesar Aldana\" \/>\n\t<meta name=\"twitter:label2\" content=\"Est. reading time\" \/>\n\t<meta name=\"twitter:data2\" content=\"7 minutos\" \/>\n<script type=\"application\/ld+json\" class=\"yoast-schema-graph\">{\"@context\":\"https:\\\/\\\/schema.org\",\"@graph\":[{\"@type\":\"Article\",\"@id\":\"https:\\\/\\\/revistapotencialhumano.com.mx\\\/revistadigital\\\/jorge-navarro-lucio-un-referente-en-diplomacia-periodismo-y-analisis-global\\\/#article\",\"isPartOf\":{\"@id\":\"https:\\\/\\\/revistapotencialhumano.com.mx\\\/revistadigital\\\/jorge-navarro-lucio-un-referente-en-diplomacia-periodismo-y-analisis-global\\\/\"},\"author\":{\"name\":\"Cesar Aldana\",\"@id\":\"https:\\\/\\\/revistapotencialhumano.com.mx\\\/revistadigital\\\/#\\\/schema\\\/person\\\/c15a4d9b0bcd4a8160bd7018497e2a62\"},\"headline\":\"Jorge Navarro Lucio: Un referente en diplomacia, periodismo y an\u00e1lisis global\",\"datePublished\":\"2025-10-31T07:07:00+00:00\",\"mainEntityOfPage\":{\"@id\":\"https:\\\/\\\/revistapotencialhumano.com.mx\\\/revistadigital\\\/jorge-navarro-lucio-un-referente-en-diplomacia-periodismo-y-analisis-global\\\/\"},\"wordCount\":1447,\"commentCount\":0,\"publisher\":{\"@id\":\"https:\\\/\\\/revistapotencialhumano.com.mx\\\/revistadigital\\\/#organization\"},\"image\":{\"@id\":\"https:\\\/\\\/revistapotencialhumano.com.mx\\\/revistadigital\\\/jorge-navarro-lucio-un-referente-en-diplomacia-periodismo-y-analisis-global\\\/#primaryimage\"},\"thumbnailUrl\":\"https:\\\/\\\/revistapotencialhumano.com.mx\\\/revistadigital\\\/wp-content\\\/uploads\\\/2025\\\/10\\\/JORGE-NAVARRO-LUCIO_1.png\",\"keywords\":[\"entrevistas\",\"liderazgo\",\"revista\"],\"articleSection\":[\"Liderazgo\"],\"inLanguage\":\"es\",\"potentialAction\":[{\"@type\":\"CommentAction\",\"name\":\"Comment\",\"target\":[\"https:\\\/\\\/revistapotencialhumano.com.mx\\\/revistadigital\\\/jorge-navarro-lucio-un-referente-en-diplomacia-periodismo-y-analisis-global\\\/#respond\"]}]},{\"@type\":\"WebPage\",\"@id\":\"https:\\\/\\\/revistapotencialhumano.com.mx\\\/revistadigital\\\/jorge-navarro-lucio-un-referente-en-diplomacia-periodismo-y-analisis-global\\\/\",\"url\":\"https:\\\/\\\/revistapotencialhumano.com.mx\\\/revistadigital\\\/jorge-navarro-lucio-un-referente-en-diplomacia-periodismo-y-analisis-global\\\/\",\"name\":\"Jorge Navarro Lucio: Un referente en diplomacia, periodismo y an\u00e1lisis global - Potencial Humano\",\"isPartOf\":{\"@id\":\"https:\\\/\\\/revistapotencialhumano.com.mx\\\/revistadigital\\\/#website\"},\"primaryImageOfPage\":{\"@id\":\"https:\\\/\\\/revistapotencialhumano.com.mx\\\/revistadigital\\\/jorge-navarro-lucio-un-referente-en-diplomacia-periodismo-y-analisis-global\\\/#primaryimage\"},\"image\":{\"@id\":\"https:\\\/\\\/revistapotencialhumano.com.mx\\\/revistadigital\\\/jorge-navarro-lucio-un-referente-en-diplomacia-periodismo-y-analisis-global\\\/#primaryimage\"},\"thumbnailUrl\":\"https:\\\/\\\/revistapotencialhumano.com.mx\\\/revistadigital\\\/wp-content\\\/uploads\\\/2025\\\/10\\\/JORGE-NAVARRO-LUCIO_1.png\",\"datePublished\":\"2025-10-31T07:07:00+00:00\",\"description\":\"Compromiso con la investigaci\u00f3n, la docencia, la diplomacia y el an\u00e1lisis estrat\u00e9gico.\",\"breadcrumb\":{\"@id\":\"https:\\\/\\\/revistapotencialhumano.com.mx\\\/revistadigital\\\/jorge-navarro-lucio-un-referente-en-diplomacia-periodismo-y-analisis-global\\\/#breadcrumb\"},\"inLanguage\":\"es\",\"potentialAction\":[{\"@type\":\"ReadAction\",\"target\":[\"https:\\\/\\\/revistapotencialhumano.com.mx\\\/revistadigital\\\/jorge-navarro-lucio-un-referente-en-diplomacia-periodismo-y-analisis-global\\\/\"]}]},{\"@type\":\"ImageObject\",\"inLanguage\":\"es\",\"@id\":\"https:\\\/\\\/revistapotencialhumano.com.mx\\\/revistadigital\\\/jorge-navarro-lucio-un-referente-en-diplomacia-periodismo-y-analisis-global\\\/#primaryimage\",\"url\":\"https:\\\/\\\/revistapotencialhumano.com.mx\\\/revistadigital\\\/wp-content\\\/uploads\\\/2025\\\/10\\\/JORGE-NAVARRO-LUCIO_1.png\",\"contentUrl\":\"https:\\\/\\\/revistapotencialhumano.com.mx\\\/revistadigital\\\/wp-content\\\/uploads\\\/2025\\\/10\\\/JORGE-NAVARRO-LUCIO_1.png\",\"width\":1000,\"height\":1370},{\"@type\":\"BreadcrumbList\",\"@id\":\"https:\\\/\\\/revistapotencialhumano.com.mx\\\/revistadigital\\\/jorge-navarro-lucio-un-referente-en-diplomacia-periodismo-y-analisis-global\\\/#breadcrumb\",\"itemListElement\":[{\"@type\":\"ListItem\",\"position\":1,\"name\":\"Home\",\"item\":\"https:\\\/\\\/revistapotencialhumano.com.mx\\\/revistadigital\\\/\"},{\"@type\":\"ListItem\",\"position\":2,\"name\":\"Jorge Navarro Lucio: Un referente en diplomacia, periodismo y an\u00e1lisis global\"}]},{\"@type\":\"WebSite\",\"@id\":\"https:\\\/\\\/revistapotencialhumano.com.mx\\\/revistadigital\\\/#website\",\"url\":\"https:\\\/\\\/revistapotencialhumano.com.mx\\\/revistadigital\\\/\",\"name\":\"Revista Potencial Humano\",\"description\":\"Revista digital\",\"publisher\":{\"@id\":\"https:\\\/\\\/revistapotencialhumano.com.mx\\\/revistadigital\\\/#organization\"},\"potentialAction\":[{\"@type\":\"SearchAction\",\"target\":{\"@type\":\"EntryPoint\",\"urlTemplate\":\"https:\\\/\\\/revistapotencialhumano.com.mx\\\/revistadigital\\\/?s={search_term_string}\"},\"query-input\":{\"@type\":\"PropertyValueSpecification\",\"valueRequired\":true,\"valueName\":\"search_term_string\"}}],\"inLanguage\":\"es\"},{\"@type\":\"Organization\",\"@id\":\"https:\\\/\\\/revistapotencialhumano.com.mx\\\/revistadigital\\\/#organization\",\"name\":\"Revista Potencial Humano\",\"url\":\"https:\\\/\\\/revistapotencialhumano.com.mx\\\/revistadigital\\\/\",\"logo\":{\"@type\":\"ImageObject\",\"inLanguage\":\"es\",\"@id\":\"https:\\\/\\\/revistapotencialhumano.com.mx\\\/revistadigital\\\/#\\\/schema\\\/logo\\\/image\\\/\",\"url\":\"https:\\\/\\\/revistapotencialhumano.com.mx\\\/revistadigital\\\/wp-content\\\/uploads\\\/2023\\\/09\\\/logo_ph_gris.png\",\"contentUrl\":\"https:\\\/\\\/revistapotencialhumano.com.mx\\\/revistadigital\\\/wp-content\\\/uploads\\\/2023\\\/09\\\/logo_ph_gris.png\",\"width\":1920,\"height\":1080,\"caption\":\"Revista Potencial Humano\"},\"image\":{\"@id\":\"https:\\\/\\\/revistapotencialhumano.com.mx\\\/revistadigital\\\/#\\\/schema\\\/logo\\\/image\\\/\"},\"sameAs\":[\"https:\\\/\\\/open.spotify.com\\\/show\\\/2pIEFqnQDVKaEQzKkIOtQw?si=08622ad32ea742cb\"]},{\"@type\":\"Person\",\"@id\":\"https:\\\/\\\/revistapotencialhumano.com.mx\\\/revistadigital\\\/#\\\/schema\\\/person\\\/c15a4d9b0bcd4a8160bd7018497e2a62\",\"name\":\"Cesar Aldana\",\"image\":{\"@type\":\"ImageObject\",\"inLanguage\":\"es\",\"@id\":\"https:\\\/\\\/secure.gravatar.com\\\/avatar\\\/450d0f79afa319363394649e6db54defdeb1e27cdb703b1b90293cd7b11ed3f5?s=96&d=mm&r=g\",\"url\":\"https:\\\/\\\/secure.gravatar.com\\\/avatar\\\/450d0f79afa319363394649e6db54defdeb1e27cdb703b1b90293cd7b11ed3f5?s=96&d=mm&r=g\",\"contentUrl\":\"https:\\\/\\\/secure.gravatar.com\\\/avatar\\\/450d0f79afa319363394649e6db54defdeb1e27cdb703b1b90293cd7b11ed3f5?s=96&d=mm&r=g\",\"caption\":\"Cesar Aldana\"},\"url\":\"https:\\\/\\\/revistapotencialhumano.com.mx\\\/revistadigital\\\/author\\\/cesar\\\/\"}]}<\/script>\n<!-- \/ Yoast SEO plugin. -->","yoast_head_json":{"title":"Jorge Navarro Lucio: Un referente en diplomacia, periodismo y an\u00e1lisis global - Potencial Humano","description":"Compromiso con la investigaci\u00f3n, la docencia, la diplomacia y el an\u00e1lisis estrat\u00e9gico.","robots":{"index":"index","follow":"follow","max-snippet":"max-snippet:-1","max-image-preview":"max-image-preview:large","max-video-preview":"max-video-preview:-1"},"canonical":"https:\/\/revistapotencialhumano.com.mx\/revistadigital\/jorge-navarro-lucio-un-referente-en-diplomacia-periodismo-y-analisis-global\/","og_locale":"es_ES","og_type":"article","og_title":"Jorge Navarro Lucio: Un referente en diplomacia, periodismo y an\u00e1lisis global","og_description":"Compromiso con la investigaci\u00f3n, la docencia, la diplomacia y el an\u00e1lisis estrat\u00e9gico.","og_url":"https:\/\/revistapotencialhumano.com.mx\/revistadigital\/jorge-navarro-lucio-un-referente-en-diplomacia-periodismo-y-analisis-global\/","og_site_name":"Potencial Humano","article_published_time":"2025-10-31T07:07:00+00:00","og_image":[{"width":1200,"height":630,"url":"https:\/\/revistapotencialhumano.com.mx\/revistadigital\/wp-content\/uploads\/2025\/10\/JORGE-NAVARRO-LUCIO_5.png","type":"image\/png"}],"author":"Cesar Aldana","twitter_card":"summary_large_image","twitter_misc":{"Written by":"Cesar Aldana","Est. reading time":"7 minutos"},"schema":{"@context":"https:\/\/schema.org","@graph":[{"@type":"Article","@id":"https:\/\/revistapotencialhumano.com.mx\/revistadigital\/jorge-navarro-lucio-un-referente-en-diplomacia-periodismo-y-analisis-global\/#article","isPartOf":{"@id":"https:\/\/revistapotencialhumano.com.mx\/revistadigital\/jorge-navarro-lucio-un-referente-en-diplomacia-periodismo-y-analisis-global\/"},"author":{"name":"Cesar Aldana","@id":"https:\/\/revistapotencialhumano.com.mx\/revistadigital\/#\/schema\/person\/c15a4d9b0bcd4a8160bd7018497e2a62"},"headline":"Jorge Navarro Lucio: Un referente en diplomacia, periodismo y an\u00e1lisis global","datePublished":"2025-10-31T07:07:00+00:00","mainEntityOfPage":{"@id":"https:\/\/revistapotencialhumano.com.mx\/revistadigital\/jorge-navarro-lucio-un-referente-en-diplomacia-periodismo-y-analisis-global\/"},"wordCount":1447,"commentCount":0,"publisher":{"@id":"https:\/\/revistapotencialhumano.com.mx\/revistadigital\/#organization"},"image":{"@id":"https:\/\/revistapotencialhumano.com.mx\/revistadigital\/jorge-navarro-lucio-un-referente-en-diplomacia-periodismo-y-analisis-global\/#primaryimage"},"thumbnailUrl":"https:\/\/revistapotencialhumano.com.mx\/revistadigital\/wp-content\/uploads\/2025\/10\/JORGE-NAVARRO-LUCIO_1.png","keywords":["entrevistas","liderazgo","revista"],"articleSection":["Liderazgo"],"inLanguage":"es","potentialAction":[{"@type":"CommentAction","name":"Comment","target":["https:\/\/revistapotencialhumano.com.mx\/revistadigital\/jorge-navarro-lucio-un-referente-en-diplomacia-periodismo-y-analisis-global\/#respond"]}]},{"@type":"WebPage","@id":"https:\/\/revistapotencialhumano.com.mx\/revistadigital\/jorge-navarro-lucio-un-referente-en-diplomacia-periodismo-y-analisis-global\/","url":"https:\/\/revistapotencialhumano.com.mx\/revistadigital\/jorge-navarro-lucio-un-referente-en-diplomacia-periodismo-y-analisis-global\/","name":"Jorge Navarro Lucio: Un referente en diplomacia, periodismo y an\u00e1lisis global - Potencial Humano","isPartOf":{"@id":"https:\/\/revistapotencialhumano.com.mx\/revistadigital\/#website"},"primaryImageOfPage":{"@id":"https:\/\/revistapotencialhumano.com.mx\/revistadigital\/jorge-navarro-lucio-un-referente-en-diplomacia-periodismo-y-analisis-global\/#primaryimage"},"image":{"@id":"https:\/\/revistapotencialhumano.com.mx\/revistadigital\/jorge-navarro-lucio-un-referente-en-diplomacia-periodismo-y-analisis-global\/#primaryimage"},"thumbnailUrl":"https:\/\/revistapotencialhumano.com.mx\/revistadigital\/wp-content\/uploads\/2025\/10\/JORGE-NAVARRO-LUCIO_1.png","datePublished":"2025-10-31T07:07:00+00:00","description":"Compromiso con la investigaci\u00f3n, la docencia, la diplomacia y el an\u00e1lisis estrat\u00e9gico.","breadcrumb":{"@id":"https:\/\/revistapotencialhumano.com.mx\/revistadigital\/jorge-navarro-lucio-un-referente-en-diplomacia-periodismo-y-analisis-global\/#breadcrumb"},"inLanguage":"es","potentialAction":[{"@type":"ReadAction","target":["https:\/\/revistapotencialhumano.com.mx\/revistadigital\/jorge-navarro-lucio-un-referente-en-diplomacia-periodismo-y-analisis-global\/"]}]},{"@type":"ImageObject","inLanguage":"es","@id":"https:\/\/revistapotencialhumano.com.mx\/revistadigital\/jorge-navarro-lucio-un-referente-en-diplomacia-periodismo-y-analisis-global\/#primaryimage","url":"https:\/\/revistapotencialhumano.com.mx\/revistadigital\/wp-content\/uploads\/2025\/10\/JORGE-NAVARRO-LUCIO_1.png","contentUrl":"https:\/\/revistapotencialhumano.com.mx\/revistadigital\/wp-content\/uploads\/2025\/10\/JORGE-NAVARRO-LUCIO_1.png","width":1000,"height":1370},{"@type":"BreadcrumbList","@id":"https:\/\/revistapotencialhumano.com.mx\/revistadigital\/jorge-navarro-lucio-un-referente-en-diplomacia-periodismo-y-analisis-global\/#breadcrumb","itemListElement":[{"@type":"ListItem","position":1,"name":"Home","item":"https:\/\/revistapotencialhumano.com.mx\/revistadigital\/"},{"@type":"ListItem","position":2,"name":"Jorge Navarro Lucio: Un referente en diplomacia, periodismo y an\u00e1lisis global"}]},{"@type":"WebSite","@id":"https:\/\/revistapotencialhumano.com.mx\/revistadigital\/#website","url":"https:\/\/revistapotencialhumano.com.mx\/revistadigital\/","name":"Revista Potencial Humano","description":"Revista digital","publisher":{"@id":"https:\/\/revistapotencialhumano.com.mx\/revistadigital\/#organization"},"potentialAction":[{"@type":"SearchAction","target":{"@type":"EntryPoint","urlTemplate":"https:\/\/revistapotencialhumano.com.mx\/revistadigital\/?s={search_term_string}"},"query-input":{"@type":"PropertyValueSpecification","valueRequired":true,"valueName":"search_term_string"}}],"inLanguage":"es"},{"@type":"Organization","@id":"https:\/\/revistapotencialhumano.com.mx\/revistadigital\/#organization","name":"Revista Potencial Humano","url":"https:\/\/revistapotencialhumano.com.mx\/revistadigital\/","logo":{"@type":"ImageObject","inLanguage":"es","@id":"https:\/\/revistapotencialhumano.com.mx\/revistadigital\/#\/schema\/logo\/image\/","url":"https:\/\/revistapotencialhumano.com.mx\/revistadigital\/wp-content\/uploads\/2023\/09\/logo_ph_gris.png","contentUrl":"https:\/\/revistapotencialhumano.com.mx\/revistadigital\/wp-content\/uploads\/2023\/09\/logo_ph_gris.png","width":1920,"height":1080,"caption":"Revista Potencial Humano"},"image":{"@id":"https:\/\/revistapotencialhumano.com.mx\/revistadigital\/#\/schema\/logo\/image\/"},"sameAs":["https:\/\/open.spotify.com\/show\/2pIEFqnQDVKaEQzKkIOtQw?si=08622ad32ea742cb"]},{"@type":"Person","@id":"https:\/\/revistapotencialhumano.com.mx\/revistadigital\/#\/schema\/person\/c15a4d9b0bcd4a8160bd7018497e2a62","name":"Cesar Aldana","image":{"@type":"ImageObject","inLanguage":"es","@id":"https:\/\/secure.gravatar.com\/avatar\/450d0f79afa319363394649e6db54defdeb1e27cdb703b1b90293cd7b11ed3f5?s=96&d=mm&r=g","url":"https:\/\/secure.gravatar.com\/avatar\/450d0f79afa319363394649e6db54defdeb1e27cdb703b1b90293cd7b11ed3f5?s=96&d=mm&r=g","contentUrl":"https:\/\/secure.gravatar.com\/avatar\/450d0f79afa319363394649e6db54defdeb1e27cdb703b1b90293cd7b11ed3f5?s=96&d=mm&r=g","caption":"Cesar Aldana"},"url":"https:\/\/revistapotencialhumano.com.mx\/revistadigital\/author\/cesar\/"}]}},"jetpack_featured_media_url":"https:\/\/revistapotencialhumano.com.mx\/revistadigital\/wp-content\/uploads\/2025\/10\/JORGE-NAVARRO-LUCIO_1.png","jetpack_sharing_enabled":true,"_links":{"self":[{"href":"https:\/\/revistapotencialhumano.com.mx\/revistadigital\/wp-json\/wp\/v2\/posts\/3149","targetHints":{"allow":["GET"]}}],"collection":[{"href":"https:\/\/revistapotencialhumano.com.mx\/revistadigital\/wp-json\/wp\/v2\/posts"}],"about":[{"href":"https:\/\/revistapotencialhumano.com.mx\/revistadigital\/wp-json\/wp\/v2\/types\/post"}],"author":[{"embeddable":true,"href":"https:\/\/revistapotencialhumano.com.mx\/revistadigital\/wp-json\/wp\/v2\/users\/3"}],"replies":[{"embeddable":true,"href":"https:\/\/revistapotencialhumano.com.mx\/revistadigital\/wp-json\/wp\/v2\/comments?post=3149"}],"version-history":[{"count":1,"href":"https:\/\/revistapotencialhumano.com.mx\/revistadigital\/wp-json\/wp\/v2\/posts\/3149\/revisions"}],"predecessor-version":[{"id":3155,"href":"https:\/\/revistapotencialhumano.com.mx\/revistadigital\/wp-json\/wp\/v2\/posts\/3149\/revisions\/3155"}],"wp:featuredmedia":[{"embeddable":true,"href":"https:\/\/revistapotencialhumano.com.mx\/revistadigital\/wp-json\/wp\/v2\/media\/3154"}],"wp:attachment":[{"href":"https:\/\/revistapotencialhumano.com.mx\/revistadigital\/wp-json\/wp\/v2\/media?parent=3149"}],"wp:term":[{"taxonomy":"category","embeddable":true,"href":"https:\/\/revistapotencialhumano.com.mx\/revistadigital\/wp-json\/wp\/v2\/categories?post=3149"},{"taxonomy":"post_tag","embeddable":true,"href":"https:\/\/revistapotencialhumano.com.mx\/revistadigital\/wp-json\/wp\/v2\/tags?post=3149"}],"curies":[{"name":"wp","href":"https:\/\/api.w.org\/{rel}","templated":true}]}}