{"id":3156,"date":"2025-10-31T07:08:00","date_gmt":"2025-10-31T07:08:00","guid":{"rendered":"https:\/\/revistapotencialhumano.com.mx\/revistadigital\/?p=3156"},"modified":"2025-10-29T17:25:32","modified_gmt":"2025-10-29T17:25:32","slug":"riesgos-psicosociales-un-desafio-clave-para-las-empresas-en-mexico","status":"publish","type":"post","link":"https:\/\/revistapotencialhumano.com.mx\/revistadigital\/riesgos-psicosociales-un-desafio-clave-para-las-empresas-en-mexico\/","title":{"rendered":"Riesgos psicosociales, un desaf\u00edo clave para las empresas en M\u00e9xico"},"content":{"rendered":"\n<p class=\"has-ast-global-color-1-color has-text-color has-link-color wp-elements-bfe72115858c5d0f22a60179a713d9de\"><strong><em>Por Guillermo Reyes<\/em><\/strong><\/p>\n\n\n\n<p class=\"has-ast-global-color-5-color has-ast-global-color-1-background-color has-text-color has-background has-link-color wp-elements-c1c61fd2ceb5df33d2dd4ac7caed1899\">En los \u00faltimos a\u00f1os, la percepci\u00f3n de precariedad en el entorno laboral ha ido en aumento, lo que ha puesto de relieve diversos factores de riesgo psicosocial contemplados en la Norma Oficial Mexicana 035 (NOM-035) de la Secretar\u00eda del Trabajo y Previsi\u00f3n Social. Entre los m\u00e1s relevantes destacan las jornadas extensas, la sobrecarga laboral y las pr\u00e1cticas de liderazgo, que se han convertido en los puntos m\u00e1s apremiantes a atender.<\/p>\n\n\n\n<p>Frente a este panorama, resulta indispensable establecer mecanismos que no solo permitan cumplir con la normatividad, sino tambi\u00e9n impulsar una cultura laboral en la que empleadores y colaboradores cuenten con herramientas, capacitaciones y procesos que favorezcan un ambiente de trabajo sano y productivo. Los estudios realizados en empresas que han evaluado sus riesgos psicosociales evidencian que las \u00e1reas m\u00e1s cr\u00edticas se concentran en la carga y la jornada laboral. En ellas destacan problem\u00e1ticas como ritmos acelerados, cargas contradictorias, interferencia entre la vida laboral y familiar, as\u00ed como la percepci\u00f3n de exceso de trabajo.<\/p>\n\n\n\n<p>Diversos an\u00e1lisis externos a la NOM-035 confirman este escenario. Por ejemplo, la OCDE se\u00f1ala que en M\u00e9xico se laboran en promedio 2,226 horas al a\u00f1o, frente a las 1,752 horas del promedio general de los pa\u00edses miembros. A esto se suma una cultura arraigada en la que muchos trabajadores perciben sus actividades como excesivamente demandantes, realizadas bajo un ritmo constante y con escasas pausas para la recuperaci\u00f3n f\u00edsica y mental. La falta de capacitaci\u00f3n y claridad en los procesos agrava esta situaci\u00f3n, generando una sensaci\u00f3n de frenetismo y de \u201cfalta de tiempo\u201d para ejecutar adecuadamente las tareas.<\/p>\n\n\n\n<figure class=\"wp-block-image size-large\"><img fetchpriority=\"high\" decoding=\"async\" width=\"1024\" height=\"538\" src=\"https:\/\/revistapotencialhumano.com.mx\/revistadigital\/wp-content\/uploads\/2025\/10\/GUILLERMO-REYES_4-1024x538.png\" alt=\"\" class=\"wp-image-3157\" srcset=\"https:\/\/revistapotencialhumano.com.mx\/revistadigital\/wp-content\/uploads\/2025\/10\/GUILLERMO-REYES_4-1024x538.png 1024w, https:\/\/revistapotencialhumano.com.mx\/revistadigital\/wp-content\/uploads\/2025\/10\/GUILLERMO-REYES_4-300x158.png 300w, https:\/\/revistapotencialhumano.com.mx\/revistadigital\/wp-content\/uploads\/2025\/10\/GUILLERMO-REYES_4-768x403.png 768w, https:\/\/revistapotencialhumano.com.mx\/revistadigital\/wp-content\/uploads\/2025\/10\/GUILLERMO-REYES_4.png 1200w\" sizes=\"(max-width: 1024px) 100vw, 1024px\" \/><\/figure>\n\n\n\n<p>El Instituto Mexicano del Seguro Social (IMSS) ya advert\u00eda antes de la pandemia que M\u00e9xico figuraba entre los pa\u00edses con mayor incidencia de fatiga por estr\u00e9s laboral: al menos 75% de los trabajadores reportaba esta condici\u00f3n, superando a China (73%) y Estados Unidos (59%).<\/p>\n\n\n\n<p>Para los empleadores, la atenci\u00f3n a estos indicadores es clave. Mejorar las condiciones de la jornada y equilibrar la carga de trabajo no solo incrementa la productividad, sino que tambi\u00e9n fortalece la satisfacci\u00f3n laboral y la percepci\u00f3n de apoyo hacia los colaboradores.<\/p>\n\n\n\n<p>En este contexto, el liderazgo juega un papel decisivo. Los l\u00edderes son el rostro de las organizaciones y su ejemplo repercute directamente en la cultura laboral. Sin embargo, gran parte de ellos reconoce no contar con la capacitaci\u00f3n necesaria para enfrentar los retos diarios de la operaci\u00f3n, lo que puede detonar estilos de liderazgo poco efectivos, falta de claridad en las funciones y, en consecuencia, un ambiente de trabajo hostil.<\/p>\n\n\n\n<figure class=\"wp-block-image size-large\"><img decoding=\"async\" width=\"1024\" height=\"538\" src=\"https:\/\/revistapotencialhumano.com.mx\/revistadigital\/wp-content\/uploads\/2025\/10\/GUILLERMO-REYES_5-1024x538.png\" alt=\"\" class=\"wp-image-3158\" srcset=\"https:\/\/revistapotencialhumano.com.mx\/revistadigital\/wp-content\/uploads\/2025\/10\/GUILLERMO-REYES_5-1024x538.png 1024w, https:\/\/revistapotencialhumano.com.mx\/revistadigital\/wp-content\/uploads\/2025\/10\/GUILLERMO-REYES_5-300x158.png 300w, https:\/\/revistapotencialhumano.com.mx\/revistadigital\/wp-content\/uploads\/2025\/10\/GUILLERMO-REYES_5-768x403.png 768w, https:\/\/revistapotencialhumano.com.mx\/revistadigital\/wp-content\/uploads\/2025\/10\/GUILLERMO-REYES_5.png 1200w\" sizes=\"(max-width: 1024px) 100vw, 1024px\" \/><\/figure>\n\n\n\n<p>De hecho, una deficiente gesti\u00f3n interna puede derivar en violencia laboral. Datos recientes indican que 44% de los profesionistas mexicanos ha sido v\u00edctima de acoso laboral (mobbing), de los cuales la mitad son mujeres, mientras que 65% ha presenciado este tipo de conductas en contra de alg\u00fan compa\u00f1ero. Estos factores impactan directamente en la productividad de las empresas, aumentando la insatisfacci\u00f3n, el ausentismo y la rotaci\u00f3n de personal, con efectos adversos en la estabilidad econ\u00f3mica y operativa.<\/p>\n\n\n\n<p>En este escenario, la NOM-035 STPS se convierte en una herramienta estrat\u00e9gica. M\u00e1s all\u00e1 de su car\u00e1cter obligatorio, ofrece un diagn\u00f3stico valioso sobre el estado de las organizaciones y se\u00f1ala los puntos focales en los que se deben implementar cambios. Adoptar estas medidas no solo contribuye al cumplimiento normativo, sino tambi\u00e9n a la construcci\u00f3n de entornos laborales m\u00e1s saludables, sostenibles y competitivos para todos.<\/p>\n\n\n\n<figure class=\"wp-block-image alignfull size-large\"><img decoding=\"async\" width=\"747\" height=\"1024\" src=\"https:\/\/revistapotencialhumano.com.mx\/revistadigital\/wp-content\/uploads\/2025\/10\/GUILLERMO-REYES_3-747x1024.png\" alt=\"\" class=\"wp-image-3159\" srcset=\"https:\/\/revistapotencialhumano.com.mx\/revistadigital\/wp-content\/uploads\/2025\/10\/GUILLERMO-REYES_3-747x1024.png 747w, https:\/\/revistapotencialhumano.com.mx\/revistadigital\/wp-content\/uploads\/2025\/10\/GUILLERMO-REYES_3-219x300.png 219w, https:\/\/revistapotencialhumano.com.mx\/revistadigital\/wp-content\/uploads\/2025\/10\/GUILLERMO-REYES_3-768x1052.png 768w, https:\/\/revistapotencialhumano.com.mx\/revistadigital\/wp-content\/uploads\/2025\/10\/GUILLERMO-REYES_3.png 1000w\" sizes=\"(max-width: 747px) 100vw, 747px\" \/><\/figure>\n\n\n\n<p class=\"has-ast-global-color-1-color has-text-color has-link-color has-medium-font-size wp-elements-3685a61c79122b1f7751a09e3d0ff36c\"><strong>Conoce m\u00e1s sobre la Nom035<\/strong><\/p>\n\n\n\n<div class=\"wp-block-buttons is-layout-flex wp-block-buttons-is-layout-flex\">\n<div class=\"wp-block-button\"><a class=\"wp-block-button__link wp-element-button\" href=\"https:\/\/revistapotencialhumano.com.mx\/revistadigital\/category\/legal\/\">Ver m\u00e1s <\/a><\/div>\n<\/div>\n\n\n\n<p><\/p>\n","protected":false},"excerpt":{"rendered":"<p>La NOM-035 STPS se convierte en una herramienta estrat\u00e9gica. M\u00e1s all\u00e1 de su car\u00e1cter obligatorio, ofrece un diagn\u00f3stico valioso sobre el estado de las organizaciones y se\u00f1ala los puntos focales en los que se deben implementar cambios. <\/p>\n","protected":false},"author":3,"featured_media":3160,"comment_status":"open","ping_status":"open","sticky":false,"template":"","format":"standard","meta":{"_monsterinsights_skip_tracking":false,"_monsterinsights_sitenote_active":false,"_monsterinsights_sitenote_note":"","_monsterinsights_sitenote_category":0,"site-sidebar-layout":"default","site-content-layout":"","ast-site-content-layout":"default","site-content-style":"default","site-sidebar-style":"default","ast-global-header-display":"","ast-banner-title-visibility":"","ast-main-header-display":"","ast-hfb-above-header-display":"","ast-hfb-below-header-display":"","ast-hfb-mobile-header-display":"","site-post-title":"","ast-breadcrumbs-content":"","ast-featured-img":"","footer-sml-layout":"","theme-transparent-header-meta":"","adv-header-id-meta":"","stick-header-meta":"","header-above-stick-meta":"","header-main-stick-meta":"","header-below-stick-meta":"","astra-migrate-meta-layouts":"set","ast-page-background-enabled":"default","ast-page-background-meta":{"desktop":{"background-color":"","background-image":"","background-repeat":"repeat","background-position":"center center","background-size":"auto","background-attachment":"scroll","background-type":"","background-media":"","overlay-type":"","overlay-color":"","overlay-opacity":"","overlay-gradient":""},"tablet":{"background-color":"","background-image":"","background-repeat":"repeat","background-position":"center center","background-size":"auto","background-attachment":"scroll","background-type":"","background-media":"","overlay-type":"","overlay-color":"","overlay-opacity":"","overlay-gradient":""},"mobile":{"background-color":"","background-image":"","background-repeat":"repeat","background-position":"center center","background-size":"auto","background-attachment":"scroll","background-type":"","background-media":"","overlay-type":"","overlay-color":"","overlay-opacity":"","overlay-gradient":""}},"ast-content-background-meta":{"desktop":{"background-color":"var(--ast-global-color-5)","background-image":"","background-repeat":"repeat","background-position":"center center","background-size":"auto","background-attachment":"scroll","background-type":"","background-media":"","overlay-type":"","overlay-color":"","overlay-opacity":"","overlay-gradient":""},"tablet":{"background-color":"var(--ast-global-color-5)","background-image":"","background-repeat":"repeat","background-position":"center center","background-size":"auto","background-attachment":"scroll","background-type":"","background-media":"","overlay-type":"","overlay-color":"","overlay-opacity":"","overlay-gradient":""},"mobile":{"background-color":"var(--ast-global-color-5)","background-image":"","background-repeat":"repeat","background-position":"center center","background-size":"auto","background-attachment":"scroll","background-type":"","background-media":"","overlay-type":"","overlay-color":"","overlay-opacity":"","overlay-gradient":""}},"_jetpack_memberships_contains_paid_content":false,"footnotes":""},"categories":[2],"tags":[],"class_list":["post-3156","post","type-post","status-publish","format-standard","has-post-thumbnail","hentry","category-liderazgo"],"yoast_head":"<!-- This site is optimized with the Yoast SEO plugin v27.4 - https:\/\/yoast.com\/product\/yoast-seo-wordpress\/ -->\n<title>Riesgos psicosociales, un desaf\u00edo clave para las empresas en M\u00e9xico - Potencial Humano<\/title>\n<meta name=\"description\" content=\"La NOM-035 STPS se convierte en una herramienta estrat\u00e9gica. M\u00e1s all\u00e1 de su car\u00e1cter obligatorio, ofrece un diagn\u00f3stico valioso sobre el estado de las organizaciones y se\u00f1ala los puntos focales en los que se deben implementar cambios.\" \/>\n<meta name=\"robots\" content=\"index, follow, max-snippet:-1, max-image-preview:large, max-video-preview:-1\" \/>\n<link rel=\"canonical\" href=\"https:\/\/revistapotencialhumano.com.mx\/revistadigital\/riesgos-psicosociales-un-desafio-clave-para-las-empresas-en-mexico\/\" \/>\n<meta property=\"og:locale\" content=\"es_ES\" \/>\n<meta property=\"og:type\" content=\"article\" \/>\n<meta property=\"og:title\" content=\"Riesgos psicosociales, un desaf\u00edo clave para las empresas en M\u00e9xico\" \/>\n<meta property=\"og:description\" content=\"La NOM-035 STPS se convierte en una herramienta estrat\u00e9gica. M\u00e1s all\u00e1 de su car\u00e1cter obligatorio, ofrece un diagn\u00f3stico valioso sobre el estado de las organizaciones y se\u00f1ala los puntos focales en los que se deben implementar cambios.\" \/>\n<meta property=\"og:url\" content=\"https:\/\/revistapotencialhumano.com.mx\/revistadigital\/riesgos-psicosociales-un-desafio-clave-para-las-empresas-en-mexico\/\" \/>\n<meta property=\"og:site_name\" content=\"Potencial Humano\" \/>\n<meta property=\"article:published_time\" content=\"2025-10-31T07:08:00+00:00\" \/>\n<meta property=\"og:image\" content=\"https:\/\/revistapotencialhumano.com.mx\/revistadigital\/wp-content\/uploads\/2025\/10\/GUILLERMO-REYES_5.png\" \/>\n\t<meta property=\"og:image:width\" content=\"1200\" \/>\n\t<meta property=\"og:image:height\" content=\"630\" \/>\n\t<meta property=\"og:image:type\" content=\"image\/png\" \/>\n<meta name=\"author\" content=\"Cesar Aldana\" \/>\n<meta name=\"twitter:card\" content=\"summary_large_image\" \/>\n<meta name=\"twitter:label1\" content=\"Written by\" \/>\n\t<meta name=\"twitter:data1\" content=\"Cesar Aldana\" \/>\n\t<meta name=\"twitter:label2\" content=\"Est. reading time\" \/>\n\t<meta name=\"twitter:data2\" content=\"4 minutos\" \/>\n<script type=\"application\/ld+json\" class=\"yoast-schema-graph\">{\"@context\":\"https:\\\/\\\/schema.org\",\"@graph\":[{\"@type\":\"Article\",\"@id\":\"https:\\\/\\\/revistapotencialhumano.com.mx\\\/revistadigital\\\/riesgos-psicosociales-un-desafio-clave-para-las-empresas-en-mexico\\\/#article\",\"isPartOf\":{\"@id\":\"https:\\\/\\\/revistapotencialhumano.com.mx\\\/revistadigital\\\/riesgos-psicosociales-un-desafio-clave-para-las-empresas-en-mexico\\\/\"},\"author\":{\"name\":\"Cesar Aldana\",\"@id\":\"https:\\\/\\\/revistapotencialhumano.com.mx\\\/revistadigital\\\/#\\\/schema\\\/person\\\/c15a4d9b0bcd4a8160bd7018497e2a62\"},\"headline\":\"Riesgos psicosociales, un desaf\u00edo clave para las empresas en M\u00e9xico\",\"datePublished\":\"2025-10-31T07:08:00+00:00\",\"mainEntityOfPage\":{\"@id\":\"https:\\\/\\\/revistapotencialhumano.com.mx\\\/revistadigital\\\/riesgos-psicosociales-un-desafio-clave-para-las-empresas-en-mexico\\\/\"},\"wordCount\":622,\"commentCount\":0,\"publisher\":{\"@id\":\"https:\\\/\\\/revistapotencialhumano.com.mx\\\/revistadigital\\\/#organization\"},\"image\":{\"@id\":\"https:\\\/\\\/revistapotencialhumano.com.mx\\\/revistadigital\\\/riesgos-psicosociales-un-desafio-clave-para-las-empresas-en-mexico\\\/#primaryimage\"},\"thumbnailUrl\":\"https:\\\/\\\/revistapotencialhumano.com.mx\\\/revistadigital\\\/wp-content\\\/uploads\\\/2025\\\/10\\\/GUILLERMO-REYES_1.png\",\"articleSection\":[\"Liderazgo\"],\"inLanguage\":\"es\",\"potentialAction\":[{\"@type\":\"CommentAction\",\"name\":\"Comment\",\"target\":[\"https:\\\/\\\/revistapotencialhumano.com.mx\\\/revistadigital\\\/riesgos-psicosociales-un-desafio-clave-para-las-empresas-en-mexico\\\/#respond\"]}]},{\"@type\":\"WebPage\",\"@id\":\"https:\\\/\\\/revistapotencialhumano.com.mx\\\/revistadigital\\\/riesgos-psicosociales-un-desafio-clave-para-las-empresas-en-mexico\\\/\",\"url\":\"https:\\\/\\\/revistapotencialhumano.com.mx\\\/revistadigital\\\/riesgos-psicosociales-un-desafio-clave-para-las-empresas-en-mexico\\\/\",\"name\":\"Riesgos psicosociales, un desaf\u00edo clave para las empresas en M\u00e9xico - Potencial Humano\",\"isPartOf\":{\"@id\":\"https:\\\/\\\/revistapotencialhumano.com.mx\\\/revistadigital\\\/#website\"},\"primaryImageOfPage\":{\"@id\":\"https:\\\/\\\/revistapotencialhumano.com.mx\\\/revistadigital\\\/riesgos-psicosociales-un-desafio-clave-para-las-empresas-en-mexico\\\/#primaryimage\"},\"image\":{\"@id\":\"https:\\\/\\\/revistapotencialhumano.com.mx\\\/revistadigital\\\/riesgos-psicosociales-un-desafio-clave-para-las-empresas-en-mexico\\\/#primaryimage\"},\"thumbnailUrl\":\"https:\\\/\\\/revistapotencialhumano.com.mx\\\/revistadigital\\\/wp-content\\\/uploads\\\/2025\\\/10\\\/GUILLERMO-REYES_1.png\",\"datePublished\":\"2025-10-31T07:08:00+00:00\",\"description\":\"La NOM-035 STPS se convierte en una herramienta estrat\u00e9gica. M\u00e1s all\u00e1 de su car\u00e1cter obligatorio, ofrece un diagn\u00f3stico valioso sobre el estado de las organizaciones y se\u00f1ala los puntos focales en los que se deben implementar cambios.\",\"breadcrumb\":{\"@id\":\"https:\\\/\\\/revistapotencialhumano.com.mx\\\/revistadigital\\\/riesgos-psicosociales-un-desafio-clave-para-las-empresas-en-mexico\\\/#breadcrumb\"},\"inLanguage\":\"es\",\"potentialAction\":[{\"@type\":\"ReadAction\",\"target\":[\"https:\\\/\\\/revistapotencialhumano.com.mx\\\/revistadigital\\\/riesgos-psicosociales-un-desafio-clave-para-las-empresas-en-mexico\\\/\"]}]},{\"@type\":\"ImageObject\",\"inLanguage\":\"es\",\"@id\":\"https:\\\/\\\/revistapotencialhumano.com.mx\\\/revistadigital\\\/riesgos-psicosociales-un-desafio-clave-para-las-empresas-en-mexico\\\/#primaryimage\",\"url\":\"https:\\\/\\\/revistapotencialhumano.com.mx\\\/revistadigital\\\/wp-content\\\/uploads\\\/2025\\\/10\\\/GUILLERMO-REYES_1.png\",\"contentUrl\":\"https:\\\/\\\/revistapotencialhumano.com.mx\\\/revistadigital\\\/wp-content\\\/uploads\\\/2025\\\/10\\\/GUILLERMO-REYES_1.png\",\"width\":1000,\"height\":1370},{\"@type\":\"BreadcrumbList\",\"@id\":\"https:\\\/\\\/revistapotencialhumano.com.mx\\\/revistadigital\\\/riesgos-psicosociales-un-desafio-clave-para-las-empresas-en-mexico\\\/#breadcrumb\",\"itemListElement\":[{\"@type\":\"ListItem\",\"position\":1,\"name\":\"Home\",\"item\":\"https:\\\/\\\/revistapotencialhumano.com.mx\\\/revistadigital\\\/\"},{\"@type\":\"ListItem\",\"position\":2,\"name\":\"Riesgos psicosociales, un desaf\u00edo clave para las empresas en M\u00e9xico\"}]},{\"@type\":\"WebSite\",\"@id\":\"https:\\\/\\\/revistapotencialhumano.com.mx\\\/revistadigital\\\/#website\",\"url\":\"https:\\\/\\\/revistapotencialhumano.com.mx\\\/revistadigital\\\/\",\"name\":\"Revista Potencial Humano\",\"description\":\"Revista digital\",\"publisher\":{\"@id\":\"https:\\\/\\\/revistapotencialhumano.com.mx\\\/revistadigital\\\/#organization\"},\"potentialAction\":[{\"@type\":\"SearchAction\",\"target\":{\"@type\":\"EntryPoint\",\"urlTemplate\":\"https:\\\/\\\/revistapotencialhumano.com.mx\\\/revistadigital\\\/?s={search_term_string}\"},\"query-input\":{\"@type\":\"PropertyValueSpecification\",\"valueRequired\":true,\"valueName\":\"search_term_string\"}}],\"inLanguage\":\"es\"},{\"@type\":\"Organization\",\"@id\":\"https:\\\/\\\/revistapotencialhumano.com.mx\\\/revistadigital\\\/#organization\",\"name\":\"Revista Potencial Humano\",\"url\":\"https:\\\/\\\/revistapotencialhumano.com.mx\\\/revistadigital\\\/\",\"logo\":{\"@type\":\"ImageObject\",\"inLanguage\":\"es\",\"@id\":\"https:\\\/\\\/revistapotencialhumano.com.mx\\\/revistadigital\\\/#\\\/schema\\\/logo\\\/image\\\/\",\"url\":\"https:\\\/\\\/revistapotencialhumano.com.mx\\\/revistadigital\\\/wp-content\\\/uploads\\\/2023\\\/09\\\/logo_ph_gris.png\",\"contentUrl\":\"https:\\\/\\\/revistapotencialhumano.com.mx\\\/revistadigital\\\/wp-content\\\/uploads\\\/2023\\\/09\\\/logo_ph_gris.png\",\"width\":1920,\"height\":1080,\"caption\":\"Revista Potencial Humano\"},\"image\":{\"@id\":\"https:\\\/\\\/revistapotencialhumano.com.mx\\\/revistadigital\\\/#\\\/schema\\\/logo\\\/image\\\/\"},\"sameAs\":[\"https:\\\/\\\/open.spotify.com\\\/show\\\/2pIEFqnQDVKaEQzKkIOtQw?si=08622ad32ea742cb\"]},{\"@type\":\"Person\",\"@id\":\"https:\\\/\\\/revistapotencialhumano.com.mx\\\/revistadigital\\\/#\\\/schema\\\/person\\\/c15a4d9b0bcd4a8160bd7018497e2a62\",\"name\":\"Cesar Aldana\",\"image\":{\"@type\":\"ImageObject\",\"inLanguage\":\"es\",\"@id\":\"https:\\\/\\\/secure.gravatar.com\\\/avatar\\\/450d0f79afa319363394649e6db54defdeb1e27cdb703b1b90293cd7b11ed3f5?s=96&d=mm&r=g\",\"url\":\"https:\\\/\\\/secure.gravatar.com\\\/avatar\\\/450d0f79afa319363394649e6db54defdeb1e27cdb703b1b90293cd7b11ed3f5?s=96&d=mm&r=g\",\"contentUrl\":\"https:\\\/\\\/secure.gravatar.com\\\/avatar\\\/450d0f79afa319363394649e6db54defdeb1e27cdb703b1b90293cd7b11ed3f5?s=96&d=mm&r=g\",\"caption\":\"Cesar Aldana\"},\"url\":\"https:\\\/\\\/revistapotencialhumano.com.mx\\\/revistadigital\\\/author\\\/cesar\\\/\"}]}<\/script>\n<!-- \/ Yoast SEO plugin. -->","yoast_head_json":{"title":"Riesgos psicosociales, un desaf\u00edo clave para las empresas en M\u00e9xico - Potencial Humano","description":"La NOM-035 STPS se convierte en una herramienta estrat\u00e9gica. M\u00e1s all\u00e1 de su car\u00e1cter obligatorio, ofrece un diagn\u00f3stico valioso sobre el estado de las organizaciones y se\u00f1ala los puntos focales en los que se deben implementar cambios.","robots":{"index":"index","follow":"follow","max-snippet":"max-snippet:-1","max-image-preview":"max-image-preview:large","max-video-preview":"max-video-preview:-1"},"canonical":"https:\/\/revistapotencialhumano.com.mx\/revistadigital\/riesgos-psicosociales-un-desafio-clave-para-las-empresas-en-mexico\/","og_locale":"es_ES","og_type":"article","og_title":"Riesgos psicosociales, un desaf\u00edo clave para las empresas en M\u00e9xico","og_description":"La NOM-035 STPS se convierte en una herramienta estrat\u00e9gica. M\u00e1s all\u00e1 de su car\u00e1cter obligatorio, ofrece un diagn\u00f3stico valioso sobre el estado de las organizaciones y se\u00f1ala los puntos focales en los que se deben implementar cambios.","og_url":"https:\/\/revistapotencialhumano.com.mx\/revistadigital\/riesgos-psicosociales-un-desafio-clave-para-las-empresas-en-mexico\/","og_site_name":"Potencial Humano","article_published_time":"2025-10-31T07:08:00+00:00","og_image":[{"width":1200,"height":630,"url":"https:\/\/revistapotencialhumano.com.mx\/revistadigital\/wp-content\/uploads\/2025\/10\/GUILLERMO-REYES_5.png","type":"image\/png"}],"author":"Cesar Aldana","twitter_card":"summary_large_image","twitter_misc":{"Written by":"Cesar Aldana","Est. reading time":"4 minutos"},"schema":{"@context":"https:\/\/schema.org","@graph":[{"@type":"Article","@id":"https:\/\/revistapotencialhumano.com.mx\/revistadigital\/riesgos-psicosociales-un-desafio-clave-para-las-empresas-en-mexico\/#article","isPartOf":{"@id":"https:\/\/revistapotencialhumano.com.mx\/revistadigital\/riesgos-psicosociales-un-desafio-clave-para-las-empresas-en-mexico\/"},"author":{"name":"Cesar Aldana","@id":"https:\/\/revistapotencialhumano.com.mx\/revistadigital\/#\/schema\/person\/c15a4d9b0bcd4a8160bd7018497e2a62"},"headline":"Riesgos psicosociales, un desaf\u00edo clave para las empresas en M\u00e9xico","datePublished":"2025-10-31T07:08:00+00:00","mainEntityOfPage":{"@id":"https:\/\/revistapotencialhumano.com.mx\/revistadigital\/riesgos-psicosociales-un-desafio-clave-para-las-empresas-en-mexico\/"},"wordCount":622,"commentCount":0,"publisher":{"@id":"https:\/\/revistapotencialhumano.com.mx\/revistadigital\/#organization"},"image":{"@id":"https:\/\/revistapotencialhumano.com.mx\/revistadigital\/riesgos-psicosociales-un-desafio-clave-para-las-empresas-en-mexico\/#primaryimage"},"thumbnailUrl":"https:\/\/revistapotencialhumano.com.mx\/revistadigital\/wp-content\/uploads\/2025\/10\/GUILLERMO-REYES_1.png","articleSection":["Liderazgo"],"inLanguage":"es","potentialAction":[{"@type":"CommentAction","name":"Comment","target":["https:\/\/revistapotencialhumano.com.mx\/revistadigital\/riesgos-psicosociales-un-desafio-clave-para-las-empresas-en-mexico\/#respond"]}]},{"@type":"WebPage","@id":"https:\/\/revistapotencialhumano.com.mx\/revistadigital\/riesgos-psicosociales-un-desafio-clave-para-las-empresas-en-mexico\/","url":"https:\/\/revistapotencialhumano.com.mx\/revistadigital\/riesgos-psicosociales-un-desafio-clave-para-las-empresas-en-mexico\/","name":"Riesgos psicosociales, un desaf\u00edo clave para las empresas en M\u00e9xico - Potencial Humano","isPartOf":{"@id":"https:\/\/revistapotencialhumano.com.mx\/revistadigital\/#website"},"primaryImageOfPage":{"@id":"https:\/\/revistapotencialhumano.com.mx\/revistadigital\/riesgos-psicosociales-un-desafio-clave-para-las-empresas-en-mexico\/#primaryimage"},"image":{"@id":"https:\/\/revistapotencialhumano.com.mx\/revistadigital\/riesgos-psicosociales-un-desafio-clave-para-las-empresas-en-mexico\/#primaryimage"},"thumbnailUrl":"https:\/\/revistapotencialhumano.com.mx\/revistadigital\/wp-content\/uploads\/2025\/10\/GUILLERMO-REYES_1.png","datePublished":"2025-10-31T07:08:00+00:00","description":"La NOM-035 STPS se convierte en una herramienta estrat\u00e9gica. M\u00e1s all\u00e1 de su car\u00e1cter obligatorio, ofrece un diagn\u00f3stico valioso sobre el estado de las organizaciones y se\u00f1ala los puntos focales en los que se deben implementar cambios.","breadcrumb":{"@id":"https:\/\/revistapotencialhumano.com.mx\/revistadigital\/riesgos-psicosociales-un-desafio-clave-para-las-empresas-en-mexico\/#breadcrumb"},"inLanguage":"es","potentialAction":[{"@type":"ReadAction","target":["https:\/\/revistapotencialhumano.com.mx\/revistadigital\/riesgos-psicosociales-un-desafio-clave-para-las-empresas-en-mexico\/"]}]},{"@type":"ImageObject","inLanguage":"es","@id":"https:\/\/revistapotencialhumano.com.mx\/revistadigital\/riesgos-psicosociales-un-desafio-clave-para-las-empresas-en-mexico\/#primaryimage","url":"https:\/\/revistapotencialhumano.com.mx\/revistadigital\/wp-content\/uploads\/2025\/10\/GUILLERMO-REYES_1.png","contentUrl":"https:\/\/revistapotencialhumano.com.mx\/revistadigital\/wp-content\/uploads\/2025\/10\/GUILLERMO-REYES_1.png","width":1000,"height":1370},{"@type":"BreadcrumbList","@id":"https:\/\/revistapotencialhumano.com.mx\/revistadigital\/riesgos-psicosociales-un-desafio-clave-para-las-empresas-en-mexico\/#breadcrumb","itemListElement":[{"@type":"ListItem","position":1,"name":"Home","item":"https:\/\/revistapotencialhumano.com.mx\/revistadigital\/"},{"@type":"ListItem","position":2,"name":"Riesgos psicosociales, un desaf\u00edo clave para las empresas en M\u00e9xico"}]},{"@type":"WebSite","@id":"https:\/\/revistapotencialhumano.com.mx\/revistadigital\/#website","url":"https:\/\/revistapotencialhumano.com.mx\/revistadigital\/","name":"Revista Potencial Humano","description":"Revista digital","publisher":{"@id":"https:\/\/revistapotencialhumano.com.mx\/revistadigital\/#organization"},"potentialAction":[{"@type":"SearchAction","target":{"@type":"EntryPoint","urlTemplate":"https:\/\/revistapotencialhumano.com.mx\/revistadigital\/?s={search_term_string}"},"query-input":{"@type":"PropertyValueSpecification","valueRequired":true,"valueName":"search_term_string"}}],"inLanguage":"es"},{"@type":"Organization","@id":"https:\/\/revistapotencialhumano.com.mx\/revistadigital\/#organization","name":"Revista Potencial Humano","url":"https:\/\/revistapotencialhumano.com.mx\/revistadigital\/","logo":{"@type":"ImageObject","inLanguage":"es","@id":"https:\/\/revistapotencialhumano.com.mx\/revistadigital\/#\/schema\/logo\/image\/","url":"https:\/\/revistapotencialhumano.com.mx\/revistadigital\/wp-content\/uploads\/2023\/09\/logo_ph_gris.png","contentUrl":"https:\/\/revistapotencialhumano.com.mx\/revistadigital\/wp-content\/uploads\/2023\/09\/logo_ph_gris.png","width":1920,"height":1080,"caption":"Revista Potencial Humano"},"image":{"@id":"https:\/\/revistapotencialhumano.com.mx\/revistadigital\/#\/schema\/logo\/image\/"},"sameAs":["https:\/\/open.spotify.com\/show\/2pIEFqnQDVKaEQzKkIOtQw?si=08622ad32ea742cb"]},{"@type":"Person","@id":"https:\/\/revistapotencialhumano.com.mx\/revistadigital\/#\/schema\/person\/c15a4d9b0bcd4a8160bd7018497e2a62","name":"Cesar Aldana","image":{"@type":"ImageObject","inLanguage":"es","@id":"https:\/\/secure.gravatar.com\/avatar\/450d0f79afa319363394649e6db54defdeb1e27cdb703b1b90293cd7b11ed3f5?s=96&d=mm&r=g","url":"https:\/\/secure.gravatar.com\/avatar\/450d0f79afa319363394649e6db54defdeb1e27cdb703b1b90293cd7b11ed3f5?s=96&d=mm&r=g","contentUrl":"https:\/\/secure.gravatar.com\/avatar\/450d0f79afa319363394649e6db54defdeb1e27cdb703b1b90293cd7b11ed3f5?s=96&d=mm&r=g","caption":"Cesar Aldana"},"url":"https:\/\/revistapotencialhumano.com.mx\/revistadigital\/author\/cesar\/"}]}},"jetpack_featured_media_url":"https:\/\/revistapotencialhumano.com.mx\/revistadigital\/wp-content\/uploads\/2025\/10\/GUILLERMO-REYES_1.png","jetpack_sharing_enabled":true,"_links":{"self":[{"href":"https:\/\/revistapotencialhumano.com.mx\/revistadigital\/wp-json\/wp\/v2\/posts\/3156","targetHints":{"allow":["GET"]}}],"collection":[{"href":"https:\/\/revistapotencialhumano.com.mx\/revistadigital\/wp-json\/wp\/v2\/posts"}],"about":[{"href":"https:\/\/revistapotencialhumano.com.mx\/revistadigital\/wp-json\/wp\/v2\/types\/post"}],"author":[{"embeddable":true,"href":"https:\/\/revistapotencialhumano.com.mx\/revistadigital\/wp-json\/wp\/v2\/users\/3"}],"replies":[{"embeddable":true,"href":"https:\/\/revistapotencialhumano.com.mx\/revistadigital\/wp-json\/wp\/v2\/comments?post=3156"}],"version-history":[{"count":1,"href":"https:\/\/revistapotencialhumano.com.mx\/revistadigital\/wp-json\/wp\/v2\/posts\/3156\/revisions"}],"predecessor-version":[{"id":3161,"href":"https:\/\/revistapotencialhumano.com.mx\/revistadigital\/wp-json\/wp\/v2\/posts\/3156\/revisions\/3161"}],"wp:featuredmedia":[{"embeddable":true,"href":"https:\/\/revistapotencialhumano.com.mx\/revistadigital\/wp-json\/wp\/v2\/media\/3160"}],"wp:attachment":[{"href":"https:\/\/revistapotencialhumano.com.mx\/revistadigital\/wp-json\/wp\/v2\/media?parent=3156"}],"wp:term":[{"taxonomy":"category","embeddable":true,"href":"https:\/\/revistapotencialhumano.com.mx\/revistadigital\/wp-json\/wp\/v2\/categories?post=3156"},{"taxonomy":"post_tag","embeddable":true,"href":"https:\/\/revistapotencialhumano.com.mx\/revistadigital\/wp-json\/wp\/v2\/tags?post=3156"}],"curies":[{"name":"wp","href":"https:\/\/api.w.org\/{rel}","templated":true}]}}