{"id":3168,"date":"2025-10-31T07:09:00","date_gmt":"2025-10-31T07:09:00","guid":{"rendered":"https:\/\/revistapotencialhumano.com.mx\/revistadigital\/?p=3168"},"modified":"2025-10-29T17:39:24","modified_gmt":"2025-10-29T17:39:24","slug":"tecnologias-emergentes-para-la-inclusion-laboral-de-perfiles-neurodivergentes","status":"publish","type":"post","link":"https:\/\/revistapotencialhumano.com.mx\/revistadigital\/tecnologias-emergentes-para-la-inclusion-laboral-de-perfiles-neurodivergentes\/","title":{"rendered":"Tecnolog\u00edas emergentes para la inclusi\u00f3n laboral de perfiles neurodivergentes"},"content":{"rendered":"\n<p class=\"has-ast-global-color-1-color has-text-color has-link-color wp-elements-8892f98608776fc9911776ee801568a6\"><em>Art\u00edculo por Oscar Benjam\u00edn P\u00e9rez Olvera<\/em><\/p>\n\n\n\n<p>En psicolog\u00eda cl\u00ednica, el t\u00e9rmino <em>neurodivergencia <\/em>alude a formas distintas de procesar la informaci\u00f3n y relacionarse con el entorno. Entre los perfiles m\u00e1s conocidos se encuentran el TDAH (Trastorno por D\u00e9ficit de Atenci\u00f3n e Hiperactividad), la dislexia, el TOC (Trastorno Obsesivo-Compulsivo) o los distintos grados del espectro autista. Aunque no siempre son visibles, estas diferencias inciden en la manera en que una persona trabaja, se comunica y colabora. A diferencia de condiciones con reconocimiento legal m\u00e1s consolidado, las neurodivergencias a\u00fan atraviesan un proceso de institucionalizaci\u00f3n, pues muchas veces se asumen bajo la categor\u00eda general de discapacidad, cuando en realidad implican diferencias cognitivas que no necesariamente constituyen una limitaci\u00f3n funcional permanente. Incorporar esta conciencia en la gesti\u00f3n de equipos implica comprender funciones, ritmos y fortalezas individuales, m\u00e1s all\u00e1 del enfoque m\u00e9dico.<\/p>\n\n\n\n<p>Tradicionalmente los dise\u00f1os operativos de las organizaciones han dado prioridad a los perfiles denominados <em>neurot\u00edpicos<\/em>, es decir, personas cuyo funcionamiento cognitivo se ajusta a lo que se considera estad\u00edsticamente \u201cconvencional\u201d dentro de una cultura, pero cada vez m\u00e1s empresas han comenzado a integrar perfiles neurodivergentes en sus dise\u00f1os operativos, apostando por una mejor correspondencia entre tareas y capacidades. Y es que, como se menciona en el blog corporativo de la multinacional Cisco Systems, las fortalezas de personas neurodivergentes son clave en la innovaci\u00f3n, pues tienen la habilidad de reconocer patrones que un perfil neurot\u00edpico pasa por alto o de construir ideas de manera no lineal: \u201cTheir ability to think \u2018outside the box\u2019 helps companies break away from status quo thinking, leading to the development of novel solutions.\u201d<\/p>\n\n\n\n<figure class=\"wp-block-image size-large\"><img fetchpriority=\"high\" decoding=\"async\" width=\"1024\" height=\"538\" src=\"https:\/\/revistapotencialhumano.com.mx\/revistadigital\/wp-content\/uploads\/2025\/10\/OSCAR-BENJAMIN-PEREZ-OLVERA_3-1024x538.png\" alt=\"\" class=\"wp-image-3169\" srcset=\"https:\/\/revistapotencialhumano.com.mx\/revistadigital\/wp-content\/uploads\/2025\/10\/OSCAR-BENJAMIN-PEREZ-OLVERA_3-1024x538.png 1024w, https:\/\/revistapotencialhumano.com.mx\/revistadigital\/wp-content\/uploads\/2025\/10\/OSCAR-BENJAMIN-PEREZ-OLVERA_3-300x158.png 300w, https:\/\/revistapotencialhumano.com.mx\/revistadigital\/wp-content\/uploads\/2025\/10\/OSCAR-BENJAMIN-PEREZ-OLVERA_3-768x403.png 768w, https:\/\/revistapotencialhumano.com.mx\/revistadigital\/wp-content\/uploads\/2025\/10\/OSCAR-BENJAMIN-PEREZ-OLVERA_3.png 1200w\" sizes=\"(max-width: 1024px) 100vw, 1024px\" \/><\/figure>\n\n\n\n<p>De acuerdo con el Neuroinclusion at Work Report 2024 del CIPD, seis de cada diez organizaciones consideran prioritaria la neuroinclusi\u00f3n, pero s\u00f3lo una de cada tres la incorpora expl\u00edcitamente en su estrategia de diversidad. Adem\u00e1s, s\u00f3lo la mitad de las personas empleadas percibe su entorno como inclusivo frente a la diversidad cognitiva. Esta brecha revela una distancia entre el reconocimiento del tema y su implementaci\u00f3n real. Estudios globales coinciden en que los equipos con estilos de pensamiento diversos suelen ser m\u00e1s productivos, adaptables e innovadores.<\/p>\n\n\n\n<p>Una compa\u00f1\u00eda que ha combinado esquemas uniformes con un enfoque individualizado es Ingram Micro. Esta multinacional ha implementado pol\u00edticas de movilidad interna y desarrollo profesional como parte de su estrategia de diversidad. Su plataforma de carrera interna facilita la exploraci\u00f3n de oportunidades dentro de la empresa, reflejando un principio de adaptabilidad individual frente a esquemas homog\u00e9neos. Por su parte, Hewlett Packard Enterprise ha desarrollado el programa global Dandelion, en colaboraci\u00f3n con Specialisterne, para identificar y contratar personas autistas, con TDAH o dislexia en funciones t\u00e9cnicas. En el Departamento de Servicios Humanos de Australia, los equipos formados bajo este modelo han alcanzado niveles de productividad hasta un 30 % superiores. HPE atribuye estos resultados a la valorizaci\u00f3n de habilidades cognitivas diversas y al soporte brindado por redes internas.<\/p>\n\n\n\n<p>Otro caso notable es el de SAP, que en 2013 lanz\u00f3 el programa Autism at Work, donde se adaptan varias etapas de la vida laboral para facilitar la integraci\u00f3n, desde entrevistas hasta entornos f\u00edsicos e incluso modalidades de acompa\u00f1amiento a colaboradores. En una l\u00ednea similar, Microsoft ha dise\u00f1ado procesos de reclutamiento alternativos con ejercicios pr\u00e1cticos, segmentaci\u00f3n de tareas y apoyos cognitivos.<\/p>\n\n\n\n<p>Aunque el desarrollo normativo en Am\u00e9rica Latina a\u00fan es limitado, ya han comenzado a emerger iniciativas con impacto tangible. Desde el \u00e1mbito comunitario, destacan EspeciaLab, que promueve mentor\u00edas y capacitaci\u00f3n especializada para j\u00f3venes neurodivergentes en Chile y Autismo C\u00f3rdoba, que ha implementado programas adaptados de formaci\u00f3n digital. En conjunto, estas experiencias configuran una red piloto de pr\u00e1cticas inclusivas con potencial de expansi\u00f3n regional. Lejos de representar una desventaja para nuestra regi\u00f3n, este punto de partida abre la posibilidad de dise\u00f1ar modelos organizacionales adecuados al contexto. El objetivo es transformar el inter\u00e9s inicial en estructuras que integren de forma habitual la diversidad cognitiva.<\/p>\n\n\n\n<figure class=\"wp-block-image size-large\"><img decoding=\"async\" width=\"1024\" height=\"538\" src=\"https:\/\/revistapotencialhumano.com.mx\/revistadigital\/wp-content\/uploads\/2025\/10\/OSCAR-BENJAMIN-PEREZ-OLVERA_1-1024x538.png\" alt=\"\" class=\"wp-image-3170\" srcset=\"https:\/\/revistapotencialhumano.com.mx\/revistadigital\/wp-content\/uploads\/2025\/10\/OSCAR-BENJAMIN-PEREZ-OLVERA_1-1024x538.png 1024w, https:\/\/revistapotencialhumano.com.mx\/revistadigital\/wp-content\/uploads\/2025\/10\/OSCAR-BENJAMIN-PEREZ-OLVERA_1-300x158.png 300w, https:\/\/revistapotencialhumano.com.mx\/revistadigital\/wp-content\/uploads\/2025\/10\/OSCAR-BENJAMIN-PEREZ-OLVERA_1-768x403.png 768w, https:\/\/revistapotencialhumano.com.mx\/revistadigital\/wp-content\/uploads\/2025\/10\/OSCAR-BENJAMIN-PEREZ-OLVERA_1.png 1200w\" sizes=\"(max-width: 1024px) 100vw, 1024px\" \/><\/figure>\n\n\n\n<p>Una estrategia para personalizar la atenci\u00f3n a los colaboradores neurodivergentes es el uso de herramientas digitales. Una de ellas es Brain in Hand, empleada en el Reino Unido, que combina planificaci\u00f3n de rutinas, estrategias de autorregulaci\u00f3n y asistencia en tiempo real. Por su parte, la suite Microsoft 365 ha incorporado funciones como lectura inmersiva, dictado por voz, filtros de color y modos de enfoque, \u00fatiles para personas con dislexia o TDAH. Evaluaciones en entornos educativos han reportado mejoras en comprensi\u00f3n, fluidez y participaci\u00f3n, lo que ha favorecido su incorporaci\u00f3n en entornos laborales con requerimientos de accesibilidad cognitiva.<\/p>\n\n\n\n<p>Otro caso es Cognixion ONE, una plataforma para personas no verbales dentro del espectro autista. Su interfaz combina se\u00f1ales neurales, micro-movimientos y seguimiento ocular con IA para permitir comunicaci\u00f3n asistida. Respaldada por pruebas cl\u00ednicas, esta tecnolog\u00eda plantea una l\u00ednea de innovaci\u00f3n para contextos laborales donde la comunicaci\u00f3n tradicional es limitada o nula. Aunque se orienta a un perfil muy espec\u00edfico dentro del autismo, proyecta posibilidades para el desarrollo de herramientas ajustadas a distintos estilos cognitivos. Hasta ahora no existe un asistente conversacional dise\u00f1ado exclusivamente para entornos laborales, pero las condiciones est\u00e1n dadas y explorarlo abre una ventana de oportunidad.<\/p>\n\n\n\n<p>De forma paralela, diversas organizaciones han comenzado a aplicar pr\u00e1cticas internas para atender distintos estilos cognitivos. \u00c9stas incluyen definici\u00f3n clara de funciones, retroalimentaci\u00f3n continua, control sensorial del entorno \u2014como iluminaci\u00f3n tenue y zonas de silencio\u2014, y apoyos visuales que gu\u00edan el flujo de tareas. Iniciativas como los Neuro-Diverse Centers of Excellence de la empresa EY, por ejemplo, aplican entrevistas centradas en el desempe\u00f1o, conforman equipos reducidos y brindan apoyo profesional continuo mediante <em>job coaches <\/em>y capacitaciones sobre inclusi\u00f3n laboral. Estas acciones han demostrado eficacia en personas con autismo y TDAH, al mejorar su concentraci\u00f3n, bienestar y permanencia.<\/p>\n\n\n\n<p>Los ajustes estructurales reflejan un compromiso real con la neuroinclusi\u00f3n y generan transformaciones operativas. Integrar perfiles diversos modifica la l\u00f3gica interna de trabajo, mejora el rendimiento colectivo y ampl\u00eda la capacidad de respuesta ante entornos complejos. El caso de JPMorgan Chase lo ilustra: los empleados contratados mediante su programa de neurodiversidad han mostrado productividades entre 90 % y 140 % superiores al promedio, con mayor precisi\u00f3n y menores tasas de error. Estos resultados confirman la necesidad de ajustar tareas, horarios y apoyos en funci\u00f3n de las caracter\u00edsticas individuales, no s\u00f3lo para favorecer la experiencia de quien trabaja, sino para optimizar el desempe\u00f1o organizacional.<\/p>\n\n\n\n<figure class=\"wp-block-image size-large\"><img decoding=\"async\" width=\"1024\" height=\"538\" src=\"https:\/\/revistapotencialhumano.com.mx\/revistadigital\/wp-content\/uploads\/2025\/10\/OSCAR-BENJAMIN-PEREZ-OLVERA_2-1024x538.png\" alt=\"\" class=\"wp-image-3171\" srcset=\"https:\/\/revistapotencialhumano.com.mx\/revistadigital\/wp-content\/uploads\/2025\/10\/OSCAR-BENJAMIN-PEREZ-OLVERA_2-1024x538.png 1024w, https:\/\/revistapotencialhumano.com.mx\/revistadigital\/wp-content\/uploads\/2025\/10\/OSCAR-BENJAMIN-PEREZ-OLVERA_2-300x158.png 300w, https:\/\/revistapotencialhumano.com.mx\/revistadigital\/wp-content\/uploads\/2025\/10\/OSCAR-BENJAMIN-PEREZ-OLVERA_2-768x403.png 768w, https:\/\/revistapotencialhumano.com.mx\/revistadigital\/wp-content\/uploads\/2025\/10\/OSCAR-BENJAMIN-PEREZ-OLVERA_2.png 1200w\" sizes=\"(max-width: 1024px) 100vw, 1024px\" \/><\/figure>\n\n\n\n<p>Adem\u00e1s, los entornos laborales estructurados con flexibilidad y previsibilidad reducen el riesgo de agotamiento psicol\u00f3gico. Al disminuir la tensi\u00f3n operativa, se favorece que cada persona despliegue sus capacidades en condiciones sostenibles. Un colaborador con rasgos del espectro autista, por ejemplo, podr\u00eda no sentirse c\u00f3modo en tareas de interacci\u00f3n continua, pero rendir notablemente en procesos de an\u00e1lisis, estructuraci\u00f3n o revisi\u00f3n documental. Algunas de las empresas mencionadas (HPE, Microsoft, Deloitte) han reconfigurado sus estructuras bajo esta l\u00f3gica. No se trata de un gesto simb\u00f3lico de \u201cinclusi\u00f3n\u201d superficial, sino una estrategia organizacional de gesti\u00f3n eficaz del talento.<\/p>\n\n\n\n<p>Frente a las omisiones normativas, algunas organizaciones han desarrollado protocolos internos basados en principios de accesibilidad cognitiva. Adaptan espacios, tiempos y herramientas de trabajo sin esperar una exigencia legal. Este enfoque reduce la incertidumbre jur\u00eddica y permite construir entornos m\u00e1s inclusivos desde la gesti\u00f3n organizacional. Aunque en ciertos sectores la interpretaci\u00f3n legal sigue siendo restrictiva, los casos existentes demuestran que es posible avanzar hacia modelos viables y \u00e9ticos sin depender exclusivamente de reformas gubernamentales.<\/p>\n\n\n\n<p>El tr\u00e1nsito hacia la neuroinclusi\u00f3n laboral no es autom\u00e1tico. Requiere liderazgos dispuestos a asumir un rol transformador y a acompa\u00f1ar a sus equipos. Esto \u00faltimo es, probablemente, uno de los retos m\u00e1s complejos, pues lograr un enfoque individualizado implica guiar a todos los colaboradores en la integraci\u00f3n de los colegas neurodivergentes. Es decir, no s\u00f3lo el l\u00edder debe comprender que cada persona opera con un perfil cognitivo singular; cada uno de los miembros del equipo debe entender su propia funci\u00f3n respecto a los perfiles neurot\u00edpicos y neurodivergentes de su entorno. A lo largo del proceso, es importante subrayar que la inclusi\u00f3n no es una pol\u00edtica de tolerancia; nociones como \u00e9sta se consideran obsoletas porque no generan un beneficio real para la compa\u00f1\u00eda, ni para los empleados con alguna neurodivergencia, al contrario, los estigmatizan al hacerlos ver como incapaces y disfuncionales. Cuando se gu\u00eda a los miembros del equipo hacia la inclusi\u00f3n, se busca que cada colaborador sea capaz de reconocer el potencial de sus compa\u00f1eros.<\/p>\n\n\n\n<p>Es por estas razones que un enfoque as\u00ed redefine la funci\u00f3n directiva, ya que, a mediano plazo, permite identificar talentos que en sistemas r\u00edgidos quedar\u00edan invisibles. Las organizaciones que han adoptado esta perspectiva reportan beneficios duales: mayor retenci\u00f3n, innovaci\u00f3n, integraci\u00f3n y compromiso; se trata de una experiencia laboral que forma parte de la estrategia completa de una organizaci\u00f3n. En lugar de exigir adaptaciones unilaterales, se construye una relaci\u00f3n sim\u00e9trica, donde el talento se despliega porque es comprendido, no porque se ajusta a un molde.<\/p>\n\n\n\n<figure class=\"wp-block-image alignfull size-large\"><img loading=\"lazy\" decoding=\"async\" width=\"747\" height=\"1024\" src=\"https:\/\/revistapotencialhumano.com.mx\/revistadigital\/wp-content\/uploads\/2025\/10\/OSCAR-BENJAMIN-PEREZ-OLVERA_4-747x1024.png\" alt=\"\" class=\"wp-image-3172\" srcset=\"https:\/\/revistapotencialhumano.com.mx\/revistadigital\/wp-content\/uploads\/2025\/10\/OSCAR-BENJAMIN-PEREZ-OLVERA_4-747x1024.png 747w, https:\/\/revistapotencialhumano.com.mx\/revistadigital\/wp-content\/uploads\/2025\/10\/OSCAR-BENJAMIN-PEREZ-OLVERA_4-219x300.png 219w, https:\/\/revistapotencialhumano.com.mx\/revistadigital\/wp-content\/uploads\/2025\/10\/OSCAR-BENJAMIN-PEREZ-OLVERA_4-768x1052.png 768w, https:\/\/revistapotencialhumano.com.mx\/revistadigital\/wp-content\/uploads\/2025\/10\/OSCAR-BENJAMIN-PEREZ-OLVERA_4.png 1000w\" sizes=\"(max-width: 747px) 100vw, 747px\" \/><\/figure>\n\n\n\n<p class=\"has-ast-global-color-0-color has-text-color has-link-color has-medium-font-size wp-elements-d65c0e16a5fded7470785cab37d0b44f\"><strong>\u00bfTe gust\u00f3 este art\u00edculo? Conoce m\u00e1s aqu\u00ed <\/strong><\/p>\n\n\n\n<div class=\"wp-block-buttons is-layout-flex wp-block-buttons-is-layout-flex\">\n<div class=\"wp-block-button\"><a class=\"wp-block-button__link wp-element-button\" href=\"https:\/\/revistapotencialhumano.com.mx\/revistadigital\/category\/liderazgo\/\">Ver m\u00e1s <\/a><\/div>\n<\/div>\n\n\n\n<p><\/p>\n","protected":false},"excerpt":{"rendered":"<p>Los entornos laborales estructurados con flexibilidad y previsibilidad reducen el riesgo de agotamiento psicol\u00f3gico. <\/p>\n","protected":false},"author":3,"featured_media":3173,"comment_status":"open","ping_status":"open","sticky":false,"template":"","format":"standard","meta":{"_monsterinsights_skip_tracking":false,"_monsterinsights_sitenote_active":false,"_monsterinsights_sitenote_note":"","_monsterinsights_sitenote_category":0,"site-sidebar-layout":"default","site-content-layout":"","ast-site-content-layout":"default","site-content-style":"default","site-sidebar-style":"default","ast-global-header-display":"","ast-banner-title-visibility":"","ast-main-header-display":"","ast-hfb-above-header-display":"","ast-hfb-below-header-display":"","ast-hfb-mobile-header-display":"","site-post-title":"","ast-breadcrumbs-content":"","ast-featured-img":"","footer-sml-layout":"","theme-transparent-header-meta":"","adv-header-id-meta":"","stick-header-meta":"","header-above-stick-meta":"","header-main-stick-meta":"","header-below-stick-meta":"","astra-migrate-meta-layouts":"set","ast-page-background-enabled":"default","ast-page-background-meta":{"desktop":{"background-color":"","background-image":"","background-repeat":"repeat","background-position":"center center","background-size":"auto","background-attachment":"scroll","background-type":"","background-media":"","overlay-type":"","overlay-color":"","overlay-opacity":"","overlay-gradient":""},"tablet":{"background-color":"","background-image":"","background-repeat":"repeat","background-position":"center center","background-size":"auto","background-attachment":"scroll","background-type":"","background-media":"","overlay-type":"","overlay-color":"","overlay-opacity":"","overlay-gradient":""},"mobile":{"background-color":"","background-image":"","background-repeat":"repeat","background-position":"center center","background-size":"auto","background-attachment":"scroll","background-type":"","background-media":"","overlay-type":"","overlay-color":"","overlay-opacity":"","overlay-gradient":""}},"ast-content-background-meta":{"desktop":{"background-color":"var(--ast-global-color-5)","background-image":"","background-repeat":"repeat","background-position":"center center","background-size":"auto","background-attachment":"scroll","background-type":"","background-media":"","overlay-type":"","overlay-color":"","overlay-opacity":"","overlay-gradient":""},"tablet":{"background-color":"var(--ast-global-color-5)","background-image":"","background-repeat":"repeat","background-position":"center center","background-size":"auto","background-attachment":"scroll","background-type":"","background-media":"","overlay-type":"","overlay-color":"","overlay-opacity":"","overlay-gradient":""},"mobile":{"background-color":"var(--ast-global-color-5)","background-image":"","background-repeat":"repeat","background-position":"center center","background-size":"auto","background-attachment":"scroll","background-type":"","background-media":"","overlay-type":"","overlay-color":"","overlay-opacity":"","overlay-gradient":""}},"_jetpack_memberships_contains_paid_content":false,"footnotes":""},"categories":[2],"tags":[32,29,33,25],"class_list":["post-3168","post","type-post","status-publish","format-standard","has-post-thumbnail","hentry","category-liderazgo","tag-articulo","tag-humano","tag-liderazgo","tag-revista"],"yoast_head":"<!-- This site is optimized with the Yoast SEO plugin v27.4 - https:\/\/yoast.com\/product\/yoast-seo-wordpress\/ -->\n<title>Tecnolog\u00edas emergentes para la inclusi\u00f3n laboral de perfiles neurodivergentes - Potencial Humano<\/title>\n<meta name=\"description\" content=\"Los entornos laborales estructurados con flexibilidad y previsibilidad reducen el riesgo de agotamiento psicol\u00f3gico.\" \/>\n<meta name=\"robots\" content=\"index, follow, max-snippet:-1, max-image-preview:large, max-video-preview:-1\" \/>\n<link rel=\"canonical\" href=\"https:\/\/revistapotencialhumano.com.mx\/revistadigital\/tecnologias-emergentes-para-la-inclusion-laboral-de-perfiles-neurodivergentes\/\" \/>\n<meta property=\"og:locale\" content=\"es_ES\" \/>\n<meta property=\"og:type\" content=\"article\" \/>\n<meta property=\"og:title\" content=\"Tecnolog\u00edas emergentes para la inclusi\u00f3n laboral de perfiles neurodivergentes\" \/>\n<meta property=\"og:description\" content=\"Los entornos laborales estructurados con flexibilidad y previsibilidad reducen el riesgo de agotamiento psicol\u00f3gico.\" \/>\n<meta property=\"og:url\" content=\"https:\/\/revistapotencialhumano.com.mx\/revistadigital\/tecnologias-emergentes-para-la-inclusion-laboral-de-perfiles-neurodivergentes\/\" \/>\n<meta property=\"og:site_name\" content=\"Potencial Humano\" \/>\n<meta property=\"article:published_time\" content=\"2025-10-31T07:09:00+00:00\" \/>\n<meta property=\"og:image\" content=\"https:\/\/revistapotencialhumano.com.mx\/revistadigital\/wp-content\/uploads\/2025\/10\/OSCAR-BENJAMIN-PEREZ-OLVERA_2.png\" \/>\n\t<meta property=\"og:image:width\" content=\"1200\" \/>\n\t<meta property=\"og:image:height\" content=\"630\" \/>\n\t<meta property=\"og:image:type\" content=\"image\/png\" \/>\n<meta name=\"author\" content=\"Cesar Aldana\" \/>\n<meta name=\"twitter:card\" content=\"summary_large_image\" \/>\n<meta name=\"twitter:label1\" content=\"Written by\" \/>\n\t<meta name=\"twitter:data1\" content=\"Cesar Aldana\" \/>\n\t<meta name=\"twitter:label2\" content=\"Est. reading time\" \/>\n\t<meta name=\"twitter:data2\" content=\"8 minutos\" \/>\n<script type=\"application\/ld+json\" class=\"yoast-schema-graph\">{\"@context\":\"https:\\\/\\\/schema.org\",\"@graph\":[{\"@type\":\"Article\",\"@id\":\"https:\\\/\\\/revistapotencialhumano.com.mx\\\/revistadigital\\\/tecnologias-emergentes-para-la-inclusion-laboral-de-perfiles-neurodivergentes\\\/#article\",\"isPartOf\":{\"@id\":\"https:\\\/\\\/revistapotencialhumano.com.mx\\\/revistadigital\\\/tecnologias-emergentes-para-la-inclusion-laboral-de-perfiles-neurodivergentes\\\/\"},\"author\":{\"name\":\"Cesar Aldana\",\"@id\":\"https:\\\/\\\/revistapotencialhumano.com.mx\\\/revistadigital\\\/#\\\/schema\\\/person\\\/c15a4d9b0bcd4a8160bd7018497e2a62\"},\"headline\":\"Tecnolog\u00edas emergentes para la inclusi\u00f3n laboral de perfiles neurodivergentes\",\"datePublished\":\"2025-10-31T07:09:00+00:00\",\"mainEntityOfPage\":{\"@id\":\"https:\\\/\\\/revistapotencialhumano.com.mx\\\/revistadigital\\\/tecnologias-emergentes-para-la-inclusion-laboral-de-perfiles-neurodivergentes\\\/\"},\"wordCount\":1597,\"commentCount\":0,\"publisher\":{\"@id\":\"https:\\\/\\\/revistapotencialhumano.com.mx\\\/revistadigital\\\/#organization\"},\"image\":{\"@id\":\"https:\\\/\\\/revistapotencialhumano.com.mx\\\/revistadigital\\\/tecnologias-emergentes-para-la-inclusion-laboral-de-perfiles-neurodivergentes\\\/#primaryimage\"},\"thumbnailUrl\":\"https:\\\/\\\/revistapotencialhumano.com.mx\\\/revistadigital\\\/wp-content\\\/uploads\\\/2025\\\/10\\\/OSCAR-BENJAMIN-PEREZ-OLVERA_6.png\",\"keywords\":[\"articulo\",\"humano\",\"liderazgo\",\"revista\"],\"articleSection\":[\"Liderazgo\"],\"inLanguage\":\"es\",\"potentialAction\":[{\"@type\":\"CommentAction\",\"name\":\"Comment\",\"target\":[\"https:\\\/\\\/revistapotencialhumano.com.mx\\\/revistadigital\\\/tecnologias-emergentes-para-la-inclusion-laboral-de-perfiles-neurodivergentes\\\/#respond\"]}]},{\"@type\":\"WebPage\",\"@id\":\"https:\\\/\\\/revistapotencialhumano.com.mx\\\/revistadigital\\\/tecnologias-emergentes-para-la-inclusion-laboral-de-perfiles-neurodivergentes\\\/\",\"url\":\"https:\\\/\\\/revistapotencialhumano.com.mx\\\/revistadigital\\\/tecnologias-emergentes-para-la-inclusion-laboral-de-perfiles-neurodivergentes\\\/\",\"name\":\"Tecnolog\u00edas emergentes para la inclusi\u00f3n laboral de perfiles neurodivergentes - Potencial Humano\",\"isPartOf\":{\"@id\":\"https:\\\/\\\/revistapotencialhumano.com.mx\\\/revistadigital\\\/#website\"},\"primaryImageOfPage\":{\"@id\":\"https:\\\/\\\/revistapotencialhumano.com.mx\\\/revistadigital\\\/tecnologias-emergentes-para-la-inclusion-laboral-de-perfiles-neurodivergentes\\\/#primaryimage\"},\"image\":{\"@id\":\"https:\\\/\\\/revistapotencialhumano.com.mx\\\/revistadigital\\\/tecnologias-emergentes-para-la-inclusion-laboral-de-perfiles-neurodivergentes\\\/#primaryimage\"},\"thumbnailUrl\":\"https:\\\/\\\/revistapotencialhumano.com.mx\\\/revistadigital\\\/wp-content\\\/uploads\\\/2025\\\/10\\\/OSCAR-BENJAMIN-PEREZ-OLVERA_6.png\",\"datePublished\":\"2025-10-31T07:09:00+00:00\",\"description\":\"Los entornos laborales estructurados con flexibilidad y previsibilidad reducen el riesgo de agotamiento psicol\u00f3gico.\",\"breadcrumb\":{\"@id\":\"https:\\\/\\\/revistapotencialhumano.com.mx\\\/revistadigital\\\/tecnologias-emergentes-para-la-inclusion-laboral-de-perfiles-neurodivergentes\\\/#breadcrumb\"},\"inLanguage\":\"es\",\"potentialAction\":[{\"@type\":\"ReadAction\",\"target\":[\"https:\\\/\\\/revistapotencialhumano.com.mx\\\/revistadigital\\\/tecnologias-emergentes-para-la-inclusion-laboral-de-perfiles-neurodivergentes\\\/\"]}]},{\"@type\":\"ImageObject\",\"inLanguage\":\"es\",\"@id\":\"https:\\\/\\\/revistapotencialhumano.com.mx\\\/revistadigital\\\/tecnologias-emergentes-para-la-inclusion-laboral-de-perfiles-neurodivergentes\\\/#primaryimage\",\"url\":\"https:\\\/\\\/revistapotencialhumano.com.mx\\\/revistadigital\\\/wp-content\\\/uploads\\\/2025\\\/10\\\/OSCAR-BENJAMIN-PEREZ-OLVERA_6.png\",\"contentUrl\":\"https:\\\/\\\/revistapotencialhumano.com.mx\\\/revistadigital\\\/wp-content\\\/uploads\\\/2025\\\/10\\\/OSCAR-BENJAMIN-PEREZ-OLVERA_6.png\",\"width\":1000,\"height\":1370},{\"@type\":\"BreadcrumbList\",\"@id\":\"https:\\\/\\\/revistapotencialhumano.com.mx\\\/revistadigital\\\/tecnologias-emergentes-para-la-inclusion-laboral-de-perfiles-neurodivergentes\\\/#breadcrumb\",\"itemListElement\":[{\"@type\":\"ListItem\",\"position\":1,\"name\":\"Home\",\"item\":\"https:\\\/\\\/revistapotencialhumano.com.mx\\\/revistadigital\\\/\"},{\"@type\":\"ListItem\",\"position\":2,\"name\":\"Tecnolog\u00edas emergentes para la inclusi\u00f3n laboral de perfiles neurodivergentes\"}]},{\"@type\":\"WebSite\",\"@id\":\"https:\\\/\\\/revistapotencialhumano.com.mx\\\/revistadigital\\\/#website\",\"url\":\"https:\\\/\\\/revistapotencialhumano.com.mx\\\/revistadigital\\\/\",\"name\":\"Revista Potencial Humano\",\"description\":\"Revista digital\",\"publisher\":{\"@id\":\"https:\\\/\\\/revistapotencialhumano.com.mx\\\/revistadigital\\\/#organization\"},\"potentialAction\":[{\"@type\":\"SearchAction\",\"target\":{\"@type\":\"EntryPoint\",\"urlTemplate\":\"https:\\\/\\\/revistapotencialhumano.com.mx\\\/revistadigital\\\/?s={search_term_string}\"},\"query-input\":{\"@type\":\"PropertyValueSpecification\",\"valueRequired\":true,\"valueName\":\"search_term_string\"}}],\"inLanguage\":\"es\"},{\"@type\":\"Organization\",\"@id\":\"https:\\\/\\\/revistapotencialhumano.com.mx\\\/revistadigital\\\/#organization\",\"name\":\"Revista Potencial Humano\",\"url\":\"https:\\\/\\\/revistapotencialhumano.com.mx\\\/revistadigital\\\/\",\"logo\":{\"@type\":\"ImageObject\",\"inLanguage\":\"es\",\"@id\":\"https:\\\/\\\/revistapotencialhumano.com.mx\\\/revistadigital\\\/#\\\/schema\\\/logo\\\/image\\\/\",\"url\":\"https:\\\/\\\/revistapotencialhumano.com.mx\\\/revistadigital\\\/wp-content\\\/uploads\\\/2023\\\/09\\\/logo_ph_gris.png\",\"contentUrl\":\"https:\\\/\\\/revistapotencialhumano.com.mx\\\/revistadigital\\\/wp-content\\\/uploads\\\/2023\\\/09\\\/logo_ph_gris.png\",\"width\":1920,\"height\":1080,\"caption\":\"Revista Potencial Humano\"},\"image\":{\"@id\":\"https:\\\/\\\/revistapotencialhumano.com.mx\\\/revistadigital\\\/#\\\/schema\\\/logo\\\/image\\\/\"},\"sameAs\":[\"https:\\\/\\\/open.spotify.com\\\/show\\\/2pIEFqnQDVKaEQzKkIOtQw?si=08622ad32ea742cb\"]},{\"@type\":\"Person\",\"@id\":\"https:\\\/\\\/revistapotencialhumano.com.mx\\\/revistadigital\\\/#\\\/schema\\\/person\\\/c15a4d9b0bcd4a8160bd7018497e2a62\",\"name\":\"Cesar Aldana\",\"image\":{\"@type\":\"ImageObject\",\"inLanguage\":\"es\",\"@id\":\"https:\\\/\\\/secure.gravatar.com\\\/avatar\\\/450d0f79afa319363394649e6db54defdeb1e27cdb703b1b90293cd7b11ed3f5?s=96&d=mm&r=g\",\"url\":\"https:\\\/\\\/secure.gravatar.com\\\/avatar\\\/450d0f79afa319363394649e6db54defdeb1e27cdb703b1b90293cd7b11ed3f5?s=96&d=mm&r=g\",\"contentUrl\":\"https:\\\/\\\/secure.gravatar.com\\\/avatar\\\/450d0f79afa319363394649e6db54defdeb1e27cdb703b1b90293cd7b11ed3f5?s=96&d=mm&r=g\",\"caption\":\"Cesar Aldana\"},\"url\":\"https:\\\/\\\/revistapotencialhumano.com.mx\\\/revistadigital\\\/author\\\/cesar\\\/\"}]}<\/script>\n<!-- \/ Yoast SEO plugin. -->","yoast_head_json":{"title":"Tecnolog\u00edas emergentes para la inclusi\u00f3n laboral de perfiles neurodivergentes - Potencial Humano","description":"Los entornos laborales estructurados con flexibilidad y previsibilidad reducen el riesgo de agotamiento psicol\u00f3gico.","robots":{"index":"index","follow":"follow","max-snippet":"max-snippet:-1","max-image-preview":"max-image-preview:large","max-video-preview":"max-video-preview:-1"},"canonical":"https:\/\/revistapotencialhumano.com.mx\/revistadigital\/tecnologias-emergentes-para-la-inclusion-laboral-de-perfiles-neurodivergentes\/","og_locale":"es_ES","og_type":"article","og_title":"Tecnolog\u00edas emergentes para la inclusi\u00f3n laboral de perfiles neurodivergentes","og_description":"Los entornos laborales estructurados con flexibilidad y previsibilidad reducen el riesgo de agotamiento psicol\u00f3gico.","og_url":"https:\/\/revistapotencialhumano.com.mx\/revistadigital\/tecnologias-emergentes-para-la-inclusion-laboral-de-perfiles-neurodivergentes\/","og_site_name":"Potencial Humano","article_published_time":"2025-10-31T07:09:00+00:00","og_image":[{"width":1200,"height":630,"url":"https:\/\/revistapotencialhumano.com.mx\/revistadigital\/wp-content\/uploads\/2025\/10\/OSCAR-BENJAMIN-PEREZ-OLVERA_2.png","type":"image\/png"}],"author":"Cesar Aldana","twitter_card":"summary_large_image","twitter_misc":{"Written by":"Cesar Aldana","Est. reading time":"8 minutos"},"schema":{"@context":"https:\/\/schema.org","@graph":[{"@type":"Article","@id":"https:\/\/revistapotencialhumano.com.mx\/revistadigital\/tecnologias-emergentes-para-la-inclusion-laboral-de-perfiles-neurodivergentes\/#article","isPartOf":{"@id":"https:\/\/revistapotencialhumano.com.mx\/revistadigital\/tecnologias-emergentes-para-la-inclusion-laboral-de-perfiles-neurodivergentes\/"},"author":{"name":"Cesar Aldana","@id":"https:\/\/revistapotencialhumano.com.mx\/revistadigital\/#\/schema\/person\/c15a4d9b0bcd4a8160bd7018497e2a62"},"headline":"Tecnolog\u00edas emergentes para la inclusi\u00f3n laboral de perfiles neurodivergentes","datePublished":"2025-10-31T07:09:00+00:00","mainEntityOfPage":{"@id":"https:\/\/revistapotencialhumano.com.mx\/revistadigital\/tecnologias-emergentes-para-la-inclusion-laboral-de-perfiles-neurodivergentes\/"},"wordCount":1597,"commentCount":0,"publisher":{"@id":"https:\/\/revistapotencialhumano.com.mx\/revistadigital\/#organization"},"image":{"@id":"https:\/\/revistapotencialhumano.com.mx\/revistadigital\/tecnologias-emergentes-para-la-inclusion-laboral-de-perfiles-neurodivergentes\/#primaryimage"},"thumbnailUrl":"https:\/\/revistapotencialhumano.com.mx\/revistadigital\/wp-content\/uploads\/2025\/10\/OSCAR-BENJAMIN-PEREZ-OLVERA_6.png","keywords":["articulo","humano","liderazgo","revista"],"articleSection":["Liderazgo"],"inLanguage":"es","potentialAction":[{"@type":"CommentAction","name":"Comment","target":["https:\/\/revistapotencialhumano.com.mx\/revistadigital\/tecnologias-emergentes-para-la-inclusion-laboral-de-perfiles-neurodivergentes\/#respond"]}]},{"@type":"WebPage","@id":"https:\/\/revistapotencialhumano.com.mx\/revistadigital\/tecnologias-emergentes-para-la-inclusion-laboral-de-perfiles-neurodivergentes\/","url":"https:\/\/revistapotencialhumano.com.mx\/revistadigital\/tecnologias-emergentes-para-la-inclusion-laboral-de-perfiles-neurodivergentes\/","name":"Tecnolog\u00edas emergentes para la inclusi\u00f3n laboral de perfiles neurodivergentes - Potencial Humano","isPartOf":{"@id":"https:\/\/revistapotencialhumano.com.mx\/revistadigital\/#website"},"primaryImageOfPage":{"@id":"https:\/\/revistapotencialhumano.com.mx\/revistadigital\/tecnologias-emergentes-para-la-inclusion-laboral-de-perfiles-neurodivergentes\/#primaryimage"},"image":{"@id":"https:\/\/revistapotencialhumano.com.mx\/revistadigital\/tecnologias-emergentes-para-la-inclusion-laboral-de-perfiles-neurodivergentes\/#primaryimage"},"thumbnailUrl":"https:\/\/revistapotencialhumano.com.mx\/revistadigital\/wp-content\/uploads\/2025\/10\/OSCAR-BENJAMIN-PEREZ-OLVERA_6.png","datePublished":"2025-10-31T07:09:00+00:00","description":"Los entornos laborales estructurados con flexibilidad y previsibilidad reducen el riesgo de agotamiento psicol\u00f3gico.","breadcrumb":{"@id":"https:\/\/revistapotencialhumano.com.mx\/revistadigital\/tecnologias-emergentes-para-la-inclusion-laboral-de-perfiles-neurodivergentes\/#breadcrumb"},"inLanguage":"es","potentialAction":[{"@type":"ReadAction","target":["https:\/\/revistapotencialhumano.com.mx\/revistadigital\/tecnologias-emergentes-para-la-inclusion-laboral-de-perfiles-neurodivergentes\/"]}]},{"@type":"ImageObject","inLanguage":"es","@id":"https:\/\/revistapotencialhumano.com.mx\/revistadigital\/tecnologias-emergentes-para-la-inclusion-laboral-de-perfiles-neurodivergentes\/#primaryimage","url":"https:\/\/revistapotencialhumano.com.mx\/revistadigital\/wp-content\/uploads\/2025\/10\/OSCAR-BENJAMIN-PEREZ-OLVERA_6.png","contentUrl":"https:\/\/revistapotencialhumano.com.mx\/revistadigital\/wp-content\/uploads\/2025\/10\/OSCAR-BENJAMIN-PEREZ-OLVERA_6.png","width":1000,"height":1370},{"@type":"BreadcrumbList","@id":"https:\/\/revistapotencialhumano.com.mx\/revistadigital\/tecnologias-emergentes-para-la-inclusion-laboral-de-perfiles-neurodivergentes\/#breadcrumb","itemListElement":[{"@type":"ListItem","position":1,"name":"Home","item":"https:\/\/revistapotencialhumano.com.mx\/revistadigital\/"},{"@type":"ListItem","position":2,"name":"Tecnolog\u00edas emergentes para la inclusi\u00f3n laboral de perfiles neurodivergentes"}]},{"@type":"WebSite","@id":"https:\/\/revistapotencialhumano.com.mx\/revistadigital\/#website","url":"https:\/\/revistapotencialhumano.com.mx\/revistadigital\/","name":"Revista Potencial Humano","description":"Revista digital","publisher":{"@id":"https:\/\/revistapotencialhumano.com.mx\/revistadigital\/#organization"},"potentialAction":[{"@type":"SearchAction","target":{"@type":"EntryPoint","urlTemplate":"https:\/\/revistapotencialhumano.com.mx\/revistadigital\/?s={search_term_string}"},"query-input":{"@type":"PropertyValueSpecification","valueRequired":true,"valueName":"search_term_string"}}],"inLanguage":"es"},{"@type":"Organization","@id":"https:\/\/revistapotencialhumano.com.mx\/revistadigital\/#organization","name":"Revista Potencial Humano","url":"https:\/\/revistapotencialhumano.com.mx\/revistadigital\/","logo":{"@type":"ImageObject","inLanguage":"es","@id":"https:\/\/revistapotencialhumano.com.mx\/revistadigital\/#\/schema\/logo\/image\/","url":"https:\/\/revistapotencialhumano.com.mx\/revistadigital\/wp-content\/uploads\/2023\/09\/logo_ph_gris.png","contentUrl":"https:\/\/revistapotencialhumano.com.mx\/revistadigital\/wp-content\/uploads\/2023\/09\/logo_ph_gris.png","width":1920,"height":1080,"caption":"Revista Potencial Humano"},"image":{"@id":"https:\/\/revistapotencialhumano.com.mx\/revistadigital\/#\/schema\/logo\/image\/"},"sameAs":["https:\/\/open.spotify.com\/show\/2pIEFqnQDVKaEQzKkIOtQw?si=08622ad32ea742cb"]},{"@type":"Person","@id":"https:\/\/revistapotencialhumano.com.mx\/revistadigital\/#\/schema\/person\/c15a4d9b0bcd4a8160bd7018497e2a62","name":"Cesar Aldana","image":{"@type":"ImageObject","inLanguage":"es","@id":"https:\/\/secure.gravatar.com\/avatar\/450d0f79afa319363394649e6db54defdeb1e27cdb703b1b90293cd7b11ed3f5?s=96&d=mm&r=g","url":"https:\/\/secure.gravatar.com\/avatar\/450d0f79afa319363394649e6db54defdeb1e27cdb703b1b90293cd7b11ed3f5?s=96&d=mm&r=g","contentUrl":"https:\/\/secure.gravatar.com\/avatar\/450d0f79afa319363394649e6db54defdeb1e27cdb703b1b90293cd7b11ed3f5?s=96&d=mm&r=g","caption":"Cesar Aldana"},"url":"https:\/\/revistapotencialhumano.com.mx\/revistadigital\/author\/cesar\/"}]}},"jetpack_featured_media_url":"https:\/\/revistapotencialhumano.com.mx\/revistadigital\/wp-content\/uploads\/2025\/10\/OSCAR-BENJAMIN-PEREZ-OLVERA_6.png","jetpack_sharing_enabled":true,"_links":{"self":[{"href":"https:\/\/revistapotencialhumano.com.mx\/revistadigital\/wp-json\/wp\/v2\/posts\/3168","targetHints":{"allow":["GET"]}}],"collection":[{"href":"https:\/\/revistapotencialhumano.com.mx\/revistadigital\/wp-json\/wp\/v2\/posts"}],"about":[{"href":"https:\/\/revistapotencialhumano.com.mx\/revistadigital\/wp-json\/wp\/v2\/types\/post"}],"author":[{"embeddable":true,"href":"https:\/\/revistapotencialhumano.com.mx\/revistadigital\/wp-json\/wp\/v2\/users\/3"}],"replies":[{"embeddable":true,"href":"https:\/\/revistapotencialhumano.com.mx\/revistadigital\/wp-json\/wp\/v2\/comments?post=3168"}],"version-history":[{"count":1,"href":"https:\/\/revistapotencialhumano.com.mx\/revistadigital\/wp-json\/wp\/v2\/posts\/3168\/revisions"}],"predecessor-version":[{"id":3174,"href":"https:\/\/revistapotencialhumano.com.mx\/revistadigital\/wp-json\/wp\/v2\/posts\/3168\/revisions\/3174"}],"wp:featuredmedia":[{"embeddable":true,"href":"https:\/\/revistapotencialhumano.com.mx\/revistadigital\/wp-json\/wp\/v2\/media\/3173"}],"wp:attachment":[{"href":"https:\/\/revistapotencialhumano.com.mx\/revistadigital\/wp-json\/wp\/v2\/media?parent=3168"}],"wp:term":[{"taxonomy":"category","embeddable":true,"href":"https:\/\/revistapotencialhumano.com.mx\/revistadigital\/wp-json\/wp\/v2\/categories?post=3168"},{"taxonomy":"post_tag","embeddable":true,"href":"https:\/\/revistapotencialhumano.com.mx\/revistadigital\/wp-json\/wp\/v2\/tags?post=3168"}],"curies":[{"name":"wp","href":"https:\/\/api.w.org\/{rel}","templated":true}]}}