{"id":3282,"date":"2025-11-29T07:14:00","date_gmt":"2025-11-29T07:14:00","guid":{"rendered":"https:\/\/revistapotencialhumano.com.mx\/revistadigital\/?p=3282"},"modified":"2025-11-25T20:13:43","modified_gmt":"2025-11-25T20:13:43","slug":"elia-favela-vara-estrategia-liderazgo-y-vision-en-el-corazon-del-vino-mexicano","status":"publish","type":"post","link":"https:\/\/revistapotencialhumano.com.mx\/revistadigital\/elia-favela-vara-estrategia-liderazgo-y-vision-en-el-corazon-del-vino-mexicano\/","title":{"rendered":"Elia Favela Vara: Estrategia, liderazgo y visi\u00f3n en el coraz\u00f3n del vino mexicano"},"content":{"rendered":"\n<p><strong>Entrevista por Christopher Trejo<\/strong><\/p>\n\n\n\n<p>Con una s\u00f3lida formaci\u00f3n financiera y una visi\u00f3n estrat\u00e9gica que equilibra precisi\u00f3n anal\u00edtica con sensibilidad humana, Elia Favela Vara ha logrado consolidar a Ch\u00e2teau Camou como una de las vin\u00edcolas m\u00e1s reconocidas y respetadas de M\u00e9xico. Su liderazgo combina tradici\u00f3n e innovaci\u00f3n, sostenibilidad y rentabilidad, familia y futuro. Muchas gracias por estar hoy con nosotros, bienvenida. Me gustar\u00eda comenzar con la siguiente pregunta.<\/p>\n\n\n\n<p class=\"has-medium-font-size\"><strong>Ch\u00e2teau Camou naci\u00f3 con la misi\u00f3n de elaborar vinos mexicanos de clase mundial. Desde tu perspectiva como l\u00edder, \u00bfc\u00f3mo se traduce esa filosof\u00eda en una estrategia empresarial que combine prop\u00f3sito, calidad y crecimiento sostenido?<\/strong><\/p>\n\n\n\n<p>Definitivamente, la misi\u00f3n de elaborar vinos 100% mexicanos que puedan competir con los mejores del mundo es lo que nos gu\u00eda. Creemos profundamente en que en M\u00e9xico se pueden hacer las cosas bien, y eso se refleja en cada decisi\u00f3n que tomamos. Transmitir esta filosof\u00eda al equipo ha sido esencial: cada persona, cada proceso y cada detalle cuentan.<br><br>Desde el principio, esa cultura se ha mantenido viva gracias a la confianza mutua y al compromiso compartido. Contamos con colaboradores que llevan muchos a\u00f1os con nosotros, personas que sienten la empresa como propia. En Ch\u00e2teau Camou somos una familia unida por un mismo prop\u00f3sito: crear calidad con sentido y crecer juntos, tanto en lo personal como en lo empresarial.<\/p>\n\n\n\n<p class=\"has-medium-font-size\"><strong>Las empresas familiares enfrentan el reto de evolucionar sin perder su esencia. \u00bfC\u00f3mo has logrado consolidar una estructura de gobierno corporativo moderna dentro del corporativo Favela e Hijos, manteniendo al mismo tiempo los valores que los distinguen?<\/strong><\/p>\n\n\n\n<p>Desde el inicio buscamos una estructura corporativa din\u00e1mica, funcional y operativa. Sin embargo, no siempre es sencillo dejar de lado el rol familiar para asumir plenamente el rol empresarial. En ocasiones es necesario ejercer liderazgos en momentos clave de manera informal y despu\u00e9s formalizarlos; ese equilibrio es parte del proceso.<br><br>Somos una empresa familiar peque\u00f1a, y adem\u00e1s vivimos en distintas partes de la Rep\u00fablica, lo cual representa un reto adicional. Actualmente estamos enfocados en preparar a la tercera generaci\u00f3n, de modo que pueda incorporarse con una base s\u00f3lida y una visi\u00f3n compartida. Sabemos que es un proceso continuo y estamos comprometidos con hacerlo de forma ordenada y con prop\u00f3sito.<\/p>\n\n\n\n<figure class=\"wp-block-image alignfull size-large\"><img fetchpriority=\"high\" decoding=\"async\" width=\"747\" height=\"1024\" src=\"https:\/\/revistapotencialhumano.com.mx\/revistadigital\/wp-content\/uploads\/2025\/11\/ELIA-FAVELA-VARA_1-747x1024.png\" alt=\"\" class=\"wp-image-3283\" srcset=\"https:\/\/revistapotencialhumano.com.mx\/revistadigital\/wp-content\/uploads\/2025\/11\/ELIA-FAVELA-VARA_1-747x1024.png 747w, https:\/\/revistapotencialhumano.com.mx\/revistadigital\/wp-content\/uploads\/2025\/11\/ELIA-FAVELA-VARA_1-219x300.png 219w, https:\/\/revistapotencialhumano.com.mx\/revistadigital\/wp-content\/uploads\/2025\/11\/ELIA-FAVELA-VARA_1-768x1052.png 768w, https:\/\/revistapotencialhumano.com.mx\/revistadigital\/wp-content\/uploads\/2025\/11\/ELIA-FAVELA-VARA_1.png 1000w\" sizes=\"(max-width: 747px) 100vw, 747px\" \/><\/figure>\n\n\n\n<p class=\"has-medium-font-size\"><strong>En una industria donde las inversiones se siembran a largo plazo, \u00bfcu\u00e1les son las claves financieras que garantizan la rentabilidad, la continuidad y el equilibrio entre riesgo y oportunidad?<\/strong><\/p>\n\n\n\n<p>Desde el inicio planificamos una vin\u00edcola con una capacidad de producci\u00f3n amplia y potencial de crecimiento, apoyada en tecnolog\u00eda de punta que, hasta hoy, sigue vigente. Cuidar nuestros activos ha sido fundamental.<br><br>Adem\u00e1s, la relaci\u00f3n cercana y de largo plazo con nuestros proveedores ha sido clave para mantener estabilidad y eficiencia. Entender el flujo del capital de trabajo y el ciclo de producci\u00f3n ha sido esencial para tomar decisiones acertadas.<br><br>En cuanto al equilibrio entre riesgo y oportunidad, es indispensable mantenerse atentos al mercado. Han surgido nuevos competidores y regiones vitivin\u00edcolas en el pa\u00eds, pero nuestra consistencia en la calidad nos ha permitido mantenernos vigentes, obtener reconocimientos y conservar la confianza de nuestros clientes.<\/p>\n\n\n\n<p class=\"has-medium-font-size\"><strong>Ch\u00e2teau Camou ha competido con \u00e9xito frente a grandes casas vin\u00edcolas internacionales. \u00bfQu\u00e9 papel juegan la innovaci\u00f3n, la tecnolog\u00eda y la visi\u00f3n estrat\u00e9gica en el posicionamiento global de la marca?<\/strong><\/p>\n\n\n\n<p>Hace una d\u00e9cada realizamos una evaluaci\u00f3n profunda del pasado y de las nuevas tendencias del mercado para redefinirnos. Decidimos renovar nuestra enolog\u00eda y nuestra imagen. Contamos con la colaboraci\u00f3n del en\u00f3logo mexicano Adolfo Alarc\u00f3n, quien nos ayud\u00f3 a desarrollar t\u00e9cnicas que nos permitieron obtener vinos m\u00e1s frescos, sin perder el potencial de guarda que siempre nos ha distinguido.<br><br>A partir de entonces, establecimos una enolog\u00eda institucional, es decir, una identidad propia de la vin\u00edcola m\u00e1s all\u00e1 del en\u00f3logo en turno. Con la incorporaci\u00f3n de la tercera generaci\u00f3n al \u00e1rea comercial, hemos enriquecido la visi\u00f3n estrat\u00e9gica de Ch\u00e2teau Camou, sumando miradas j\u00f3venes e innovadoras que fortalecen nuestro posicionamiento.<\/p>\n\n\n\n<figure class=\"wp-block-image alignfull size-large\"><img decoding=\"async\" width=\"747\" height=\"1024\" src=\"https:\/\/revistapotencialhumano.com.mx\/revistadigital\/wp-content\/uploads\/2025\/11\/ELIA-FAVELA-VARA_2-747x1024.png\" alt=\"\" class=\"wp-image-3284\" srcset=\"https:\/\/revistapotencialhumano.com.mx\/revistadigital\/wp-content\/uploads\/2025\/11\/ELIA-FAVELA-VARA_2-747x1024.png 747w, https:\/\/revistapotencialhumano.com.mx\/revistadigital\/wp-content\/uploads\/2025\/11\/ELIA-FAVELA-VARA_2-219x300.png 219w, https:\/\/revistapotencialhumano.com.mx\/revistadigital\/wp-content\/uploads\/2025\/11\/ELIA-FAVELA-VARA_2-768x1052.png 768w, https:\/\/revistapotencialhumano.com.mx\/revistadigital\/wp-content\/uploads\/2025\/11\/ELIA-FAVELA-VARA_2.png 1000w\" sizes=\"(max-width: 747px) 100vw, 747px\" \/><\/figure>\n\n\n\n<p class=\"has-medium-font-size\"><strong>El consumidor mexicano ha pasado de ver el vino como un lujo a considerarlo parte de su estilo de vida. \u00bfC\u00f3mo ha evolucionado la estrategia comercial de Ch\u00e2teau Camou para responder a este cambio sin perder su car\u00e1cter premium?<\/strong><\/p>\n\n\n\n<p>Con la redefinici\u00f3n de hace 10 a\u00f1os decidimos mantenernos enfocados en la calidad y la consistencia, pilares que nos distinguen como una de las vin\u00edcolas m\u00e1s premiadas de M\u00e9xico.<br><br>Nos encanta participar en eventos y festivales donde podemos compartir, de viva voz, nuestra historia y nuestros vinos. La familia participa activamente, lo que genera cercan\u00eda con el consumidor. Los nuevos clientes se sorprenden al descubrir nuestra trayectoria, mientras que los clientes fieles valoran nuestra evoluci\u00f3n.<br><br>Tambi\u00e9n hemos fortalecido nuestra presencia digital, compartiendo en redes sociales nuestro compromiso con la calidad y la experiencia sensorial que representa cada botella de Ch\u00e2teau Camou. Queremos que, al llegar a tu mesa, nuestro vino sea sin\u00f3nimo de confianza, autenticidad y placer.<\/p>\n\n\n\n<p class=\"has-medium-font-size\"><strong>Detr\u00e1s de cada botella hay un equipo comprometido con la excelencia. \u00bfC\u00f3mo fomentan una cultura empresarial que combine la pasi\u00f3n artesanal con la disciplina corporativa?<\/strong><\/p>\n\n\n\n<p>Nuestra fortaleza radica en el sentido de pertenencia. Cada trabajador es considerado parte de la familia Ch\u00e2teau Camou, y ese orgullo se refleja en su trabajo. Conocen el prestigio de la marca y se comprometen con la calidad en cada etapa del proceso.<br><br>Con el tiempo hemos desarrollado una cultura corporativa s\u00f3lida, en la que el talento individual se integra con la estructura formal de producci\u00f3n. Incluso, algunos detalles est\u00e9ticos \u2014como los dise\u00f1os en nuestra cava\u2014 son fruto de las propuestas creativas de nuestro propio equipo. Ese equilibrio entre arte y disciplina nos define.<\/p>\n\n\n\n<figure class=\"wp-block-image size-large\"><img decoding=\"async\" width=\"1024\" height=\"538\" src=\"https:\/\/revistapotencialhumano.com.mx\/revistadigital\/wp-content\/uploads\/2025\/11\/ELIA-FAVELA-VARA_6-1024x538.png\" alt=\"\" class=\"wp-image-3285\" srcset=\"https:\/\/revistapotencialhumano.com.mx\/revistadigital\/wp-content\/uploads\/2025\/11\/ELIA-FAVELA-VARA_6-1024x538.png 1024w, https:\/\/revistapotencialhumano.com.mx\/revistadigital\/wp-content\/uploads\/2025\/11\/ELIA-FAVELA-VARA_6-300x158.png 300w, https:\/\/revistapotencialhumano.com.mx\/revistadigital\/wp-content\/uploads\/2025\/11\/ELIA-FAVELA-VARA_6-768x403.png 768w, https:\/\/revistapotencialhumano.com.mx\/revistadigital\/wp-content\/uploads\/2025\/11\/ELIA-FAVELA-VARA_6.png 1200w\" sizes=\"(max-width: 1024px) 100vw, 1024px\" \/><\/figure>\n\n\n\n<p class=\"has-medium-font-size\"><strong>Frente al cambio clim\u00e1tico y los desaf\u00edos del sector agroindustrial, \u00bfqu\u00e9 acciones estrat\u00e9gicas han adoptado para asegurar la sustentabilidad ambiental y social de la vin\u00edcola a largo plazo?<\/strong><\/p>\n\n\n\n<p>Sin duda, el tema del agua representa uno de los mayores retos. Las tomas irregulares y la escasez han afectado significativamente la producci\u00f3n. Actualmente estamos implementando estrategias de captaci\u00f3n pluvial y aprovechamiento del agua en temporada de lluvias, buscando soluciones que nos permitan operar de forma sostenible.<br><br>Nos gustar\u00eda que existiera un mayor apoyo institucional, pues los intereses en la zona son diversos. Sin embargo, seguimos comprometidos con la sustentabilidad, conscientes de que cuidar la tierra es cuidar nuestro futuro y el legado que queremos dejar.<\/p>\n\n\n\n<p class=\"has-medium-font-size\"><strong>\u00bfCu\u00e1l es tu visi\u00f3n para Ch\u00e2teau Camou en los pr\u00f3ximos a\u00f1os y qu\u00e9 legado te gustar\u00eda dejar en la industria vitivin\u00edcola mexicana?<\/strong><\/p>\n\n\n\n<p>Queremos seguir siendo reconocidos por nuestra calidad, consistencia y autenticidad. Haber sido la primera vin\u00edcola mexicana en obtener una medalla internacional nos compromete a mantener ese est\u00e1ndar como una constante, no como un recuerdo.<br><br>Adem\u00e1s, buscamos consolidarnos como un destino enotur\u00edstico esencial en el Valle de Guadalupe, promoviendo nuestra sala de degustaci\u00f3n, nuestros vi\u00f1edos y la experiencia integral que ofrecemos. En resumen, queremos dar a conocer nuestros vinos, nuestra historia y nuestro entorno, compartiendo con cada visitante el esp\u00edritu de Ch\u00e2teau Camou.<\/p>\n\n\n\n<figure class=\"wp-block-image size-large\"><img loading=\"lazy\" decoding=\"async\" width=\"1024\" height=\"538\" src=\"https:\/\/revistapotencialhumano.com.mx\/revistadigital\/wp-content\/uploads\/2025\/11\/ELIA-FAVELA-VARA_5-1024x538.png\" alt=\"\" class=\"wp-image-3286\" srcset=\"https:\/\/revistapotencialhumano.com.mx\/revistadigital\/wp-content\/uploads\/2025\/11\/ELIA-FAVELA-VARA_5-1024x538.png 1024w, https:\/\/revistapotencialhumano.com.mx\/revistadigital\/wp-content\/uploads\/2025\/11\/ELIA-FAVELA-VARA_5-300x158.png 300w, https:\/\/revistapotencialhumano.com.mx\/revistadigital\/wp-content\/uploads\/2025\/11\/ELIA-FAVELA-VARA_5-768x403.png 768w, https:\/\/revistapotencialhumano.com.mx\/revistadigital\/wp-content\/uploads\/2025\/11\/ELIA-FAVELA-VARA_5.png 1200w\" sizes=\"(max-width: 1024px) 100vw, 1024px\" \/><\/figure>\n\n\n\n<p class=\"has-medium-font-size\"><strong>M\u00e1s all\u00e1 de los n\u00fameros y los reconocimientos, \u00bfqu\u00e9 te inspira personalmente a seguir liderando con pasi\u00f3n? \u00bfQu\u00e9 significado tiene para ti ver c\u00f3mo el trabajo, la familia y la tierra se entrelazan en una copa de vino que representa a M\u00e9xico en el mundo?<\/strong><\/p>\n\n\n\n<p>Trabajar con la tierra es una experiencia profundamente humana. La vitivinicultura transforma el esfuerzo del campo en arte, y eso me inspira todos los d\u00edas. Una copa de vino es mucho m\u00e1s que una bebida: es una historia l\u00edquida que despierta los sentidos, evoca recuerdos y conecta corazones.<br><br>Ser parte de una vin\u00edcola mexicana pionera, reconocida por su calidad, representa un orgullo profesional, empresarial, familiar y personal. Es el reflejo de que, cuando se trabaja con pasi\u00f3n, compromiso y amor por la tierra, M\u00e9xico puede conquistar el mundo, una copa a la vez.<\/p>\n\n\n\n<p class=\"has-medium-font-size\"><strong>Gracias nuevamente por compartir un poco de la pasi\u00f3n y de la historia de esta vin\u00edcola.<\/strong><\/p>\n\n\n\n<p>Muchas gracias a ti y a todo el equipo de Potencial Humano por la entrevista. Espero pronto estar nuevamente con ustedes para compartir m\u00e1s historias.<\/p>\n\n\n\n<figure class=\"wp-block-image size-large is-resized\"><img loading=\"lazy\" decoding=\"async\" width=\"1024\" height=\"538\" src=\"https:\/\/revistapotencialhumano.com.mx\/revistadigital\/wp-content\/uploads\/2025\/11\/ELIA-FAVELA-VARA_4-1024x538.png\" alt=\"\" class=\"wp-image-3287\" style=\"width:1042px;height:auto\" srcset=\"https:\/\/revistapotencialhumano.com.mx\/revistadigital\/wp-content\/uploads\/2025\/11\/ELIA-FAVELA-VARA_4-1024x538.png 1024w, https:\/\/revistapotencialhumano.com.mx\/revistadigital\/wp-content\/uploads\/2025\/11\/ELIA-FAVELA-VARA_4-300x158.png 300w, https:\/\/revistapotencialhumano.com.mx\/revistadigital\/wp-content\/uploads\/2025\/11\/ELIA-FAVELA-VARA_4-768x403.png 768w, https:\/\/revistapotencialhumano.com.mx\/revistadigital\/wp-content\/uploads\/2025\/11\/ELIA-FAVELA-VARA_4.png 1200w\" sizes=\"(max-width: 1024px) 100vw, 1024px\" \/><\/figure>\n\n\n\n<p>Fotograf\u00edas por: <em>Carlos Gerardo Malanche Flore y Jos\u00e9 Armando Chimal Mujica<\/em><\/p>\n\n\n\n<p><\/p>\n","protected":false},"excerpt":{"rendered":"<p>Ch\u00e2teau Camou, una de las vin\u00edcolas m\u00e1s reconocidas y respetadas de M\u00e9xico. Su liderazgo combina tradici\u00f3n e innovaci\u00f3n, sostenibilidad y rentabilidad, familia y futuro. <\/p>\n","protected":false},"author":3,"featured_media":3288,"comment_status":"open","ping_status":"open","sticky":false,"template":"","format":"standard","meta":{"_monsterinsights_skip_tracking":false,"_monsterinsights_sitenote_active":false,"_monsterinsights_sitenote_note":"","_monsterinsights_sitenote_category":0,"site-sidebar-layout":"default","site-content-layout":"","ast-site-content-layout":"default","site-content-style":"default","site-sidebar-style":"default","ast-global-header-display":"","ast-banner-title-visibility":"","ast-main-header-display":"","ast-hfb-above-header-display":"","ast-hfb-below-header-display":"","ast-hfb-mobile-header-display":"","site-post-title":"","ast-breadcrumbs-content":"","ast-featured-img":"","footer-sml-layout":"","theme-transparent-header-meta":"","adv-header-id-meta":"","stick-header-meta":"","header-above-stick-meta":"","header-main-stick-meta":"","header-below-stick-meta":"","astra-migrate-meta-layouts":"set","ast-page-background-enabled":"default","ast-page-background-meta":{"desktop":{"background-color":"","background-image":"","background-repeat":"repeat","background-position":"center center","background-size":"auto","background-attachment":"scroll","background-type":"","background-media":"","overlay-type":"","overlay-color":"","overlay-opacity":"","overlay-gradient":""},"tablet":{"background-color":"","background-image":"","background-repeat":"repeat","background-position":"center center","background-size":"auto","background-attachment":"scroll","background-type":"","background-media":"","overlay-type":"","overlay-color":"","overlay-opacity":"","overlay-gradient":""},"mobile":{"background-color":"","background-image":"","background-repeat":"repeat","background-position":"center center","background-size":"auto","background-attachment":"scroll","background-type":"","background-media":"","overlay-type":"","overlay-color":"","overlay-opacity":"","overlay-gradient":""}},"ast-content-background-meta":{"desktop":{"background-color":"var(--ast-global-color-5)","background-image":"","background-repeat":"repeat","background-position":"center center","background-size":"auto","background-attachment":"scroll","background-type":"","background-media":"","overlay-type":"","overlay-color":"","overlay-opacity":"","overlay-gradient":""},"tablet":{"background-color":"var(--ast-global-color-5)","background-image":"","background-repeat":"repeat","background-position":"center center","background-size":"auto","background-attachment":"scroll","background-type":"","background-media":"","overlay-type":"","overlay-color":"","overlay-opacity":"","overlay-gradient":""},"mobile":{"background-color":"var(--ast-global-color-5)","background-image":"","background-repeat":"repeat","background-position":"center center","background-size":"auto","background-attachment":"scroll","background-type":"","background-media":"","overlay-type":"","overlay-color":"","overlay-opacity":"","overlay-gradient":""}},"_jetpack_memberships_contains_paid_content":false,"footnotes":""},"categories":[2],"tags":[32,27,29,33,28,25],"class_list":["post-3282","post","type-post","status-publish","format-standard","has-post-thumbnail","hentry","category-liderazgo","tag-articulo","tag-entrevistas","tag-humano","tag-liderazgo","tag-potencial","tag-revista"],"yoast_head":"<!-- This site is optimized with the Yoast SEO plugin v27.4 - https:\/\/yoast.com\/product\/yoast-seo-wordpress\/ -->\n<title>Elia Favela Vara: Estrategia, liderazgo y visi\u00f3n en el coraz\u00f3n del vino mexicano - Potencial Humano<\/title>\n<meta name=\"description\" content=\"Ch\u00e2teau Camou, una de las vin\u00edcolas m\u00e1s reconocidas y respetadas de M\u00e9xico. Su liderazgo combina tradici\u00f3n e innovaci\u00f3n, sostenibilidad y rentabilidad, familia y futuro.\" \/>\n<meta name=\"robots\" content=\"index, follow, max-snippet:-1, max-image-preview:large, max-video-preview:-1\" \/>\n<link rel=\"canonical\" href=\"https:\/\/revistapotencialhumano.com.mx\/revistadigital\/elia-favela-vara-estrategia-liderazgo-y-vision-en-el-corazon-del-vino-mexicano\/\" \/>\n<meta property=\"og:locale\" content=\"es_ES\" \/>\n<meta property=\"og:type\" content=\"article\" \/>\n<meta property=\"og:title\" content=\"Elia Favela Vara: Estrategia, liderazgo y visi\u00f3n en el coraz\u00f3n del vino mexicano\" \/>\n<meta property=\"og:description\" content=\"Ch\u00e2teau Camou, una de las vin\u00edcolas m\u00e1s reconocidas y respetadas de M\u00e9xico. Su liderazgo combina tradici\u00f3n e innovaci\u00f3n, sostenibilidad y rentabilidad, familia y futuro.\" \/>\n<meta property=\"og:url\" content=\"https:\/\/revistapotencialhumano.com.mx\/revistadigital\/elia-favela-vara-estrategia-liderazgo-y-vision-en-el-corazon-del-vino-mexicano\/\" \/>\n<meta property=\"og:site_name\" content=\"Potencial Humano\" \/>\n<meta property=\"article:published_time\" content=\"2025-11-29T07:14:00+00:00\" \/>\n<meta property=\"og:image\" content=\"https:\/\/revistapotencialhumano.com.mx\/revistadigital\/wp-content\/uploads\/2025\/11\/ELIA-FAVELA-VARA_5.png\" \/>\n\t<meta property=\"og:image:width\" content=\"1200\" \/>\n\t<meta property=\"og:image:height\" content=\"630\" \/>\n\t<meta property=\"og:image:type\" content=\"image\/png\" \/>\n<meta name=\"author\" content=\"Cesar Aldana\" \/>\n<meta name=\"twitter:card\" content=\"summary_large_image\" \/>\n<meta name=\"twitter:label1\" content=\"Written by\" \/>\n\t<meta name=\"twitter:data1\" content=\"Cesar Aldana\" \/>\n\t<meta name=\"twitter:label2\" content=\"Est. reading time\" \/>\n\t<meta name=\"twitter:data2\" content=\"8 minutos\" \/>\n<script type=\"application\/ld+json\" class=\"yoast-schema-graph\">{\"@context\":\"https:\\\/\\\/schema.org\",\"@graph\":[{\"@type\":\"Article\",\"@id\":\"https:\\\/\\\/revistapotencialhumano.com.mx\\\/revistadigital\\\/elia-favela-vara-estrategia-liderazgo-y-vision-en-el-corazon-del-vino-mexicano\\\/#article\",\"isPartOf\":{\"@id\":\"https:\\\/\\\/revistapotencialhumano.com.mx\\\/revistadigital\\\/elia-favela-vara-estrategia-liderazgo-y-vision-en-el-corazon-del-vino-mexicano\\\/\"},\"author\":{\"name\":\"Cesar Aldana\",\"@id\":\"https:\\\/\\\/revistapotencialhumano.com.mx\\\/revistadigital\\\/#\\\/schema\\\/person\\\/c15a4d9b0bcd4a8160bd7018497e2a62\"},\"headline\":\"Elia Favela Vara: Estrategia, liderazgo y visi\u00f3n en el coraz\u00f3n del vino mexicano\",\"datePublished\":\"2025-11-29T07:14:00+00:00\",\"mainEntityOfPage\":{\"@id\":\"https:\\\/\\\/revistapotencialhumano.com.mx\\\/revistadigital\\\/elia-favela-vara-estrategia-liderazgo-y-vision-en-el-corazon-del-vino-mexicano\\\/\"},\"wordCount\":1469,\"commentCount\":0,\"publisher\":{\"@id\":\"https:\\\/\\\/revistapotencialhumano.com.mx\\\/revistadigital\\\/#organization\"},\"image\":{\"@id\":\"https:\\\/\\\/revistapotencialhumano.com.mx\\\/revistadigital\\\/elia-favela-vara-estrategia-liderazgo-y-vision-en-el-corazon-del-vino-mexicano\\\/#primaryimage\"},\"thumbnailUrl\":\"https:\\\/\\\/revistapotencialhumano.com.mx\\\/revistadigital\\\/wp-content\\\/uploads\\\/2025\\\/11\\\/ELIA-FAVELA-VARA_3.png\",\"keywords\":[\"articulo\",\"entrevistas\",\"humano\",\"liderazgo\",\"potencial\",\"revista\"],\"articleSection\":[\"Liderazgo\"],\"inLanguage\":\"es\",\"potentialAction\":[{\"@type\":\"CommentAction\",\"name\":\"Comment\",\"target\":[\"https:\\\/\\\/revistapotencialhumano.com.mx\\\/revistadigital\\\/elia-favela-vara-estrategia-liderazgo-y-vision-en-el-corazon-del-vino-mexicano\\\/#respond\"]}]},{\"@type\":\"WebPage\",\"@id\":\"https:\\\/\\\/revistapotencialhumano.com.mx\\\/revistadigital\\\/elia-favela-vara-estrategia-liderazgo-y-vision-en-el-corazon-del-vino-mexicano\\\/\",\"url\":\"https:\\\/\\\/revistapotencialhumano.com.mx\\\/revistadigital\\\/elia-favela-vara-estrategia-liderazgo-y-vision-en-el-corazon-del-vino-mexicano\\\/\",\"name\":\"Elia Favela Vara: Estrategia, liderazgo y visi\u00f3n en el coraz\u00f3n del vino mexicano - Potencial Humano\",\"isPartOf\":{\"@id\":\"https:\\\/\\\/revistapotencialhumano.com.mx\\\/revistadigital\\\/#website\"},\"primaryImageOfPage\":{\"@id\":\"https:\\\/\\\/revistapotencialhumano.com.mx\\\/revistadigital\\\/elia-favela-vara-estrategia-liderazgo-y-vision-en-el-corazon-del-vino-mexicano\\\/#primaryimage\"},\"image\":{\"@id\":\"https:\\\/\\\/revistapotencialhumano.com.mx\\\/revistadigital\\\/elia-favela-vara-estrategia-liderazgo-y-vision-en-el-corazon-del-vino-mexicano\\\/#primaryimage\"},\"thumbnailUrl\":\"https:\\\/\\\/revistapotencialhumano.com.mx\\\/revistadigital\\\/wp-content\\\/uploads\\\/2025\\\/11\\\/ELIA-FAVELA-VARA_3.png\",\"datePublished\":\"2025-11-29T07:14:00+00:00\",\"description\":\"Ch\u00e2teau Camou, una de las vin\u00edcolas m\u00e1s reconocidas y respetadas de M\u00e9xico. Su liderazgo combina tradici\u00f3n e innovaci\u00f3n, sostenibilidad y rentabilidad, familia y futuro.\",\"breadcrumb\":{\"@id\":\"https:\\\/\\\/revistapotencialhumano.com.mx\\\/revistadigital\\\/elia-favela-vara-estrategia-liderazgo-y-vision-en-el-corazon-del-vino-mexicano\\\/#breadcrumb\"},\"inLanguage\":\"es\",\"potentialAction\":[{\"@type\":\"ReadAction\",\"target\":[\"https:\\\/\\\/revistapotencialhumano.com.mx\\\/revistadigital\\\/elia-favela-vara-estrategia-liderazgo-y-vision-en-el-corazon-del-vino-mexicano\\\/\"]}]},{\"@type\":\"ImageObject\",\"inLanguage\":\"es\",\"@id\":\"https:\\\/\\\/revistapotencialhumano.com.mx\\\/revistadigital\\\/elia-favela-vara-estrategia-liderazgo-y-vision-en-el-corazon-del-vino-mexicano\\\/#primaryimage\",\"url\":\"https:\\\/\\\/revistapotencialhumano.com.mx\\\/revistadigital\\\/wp-content\\\/uploads\\\/2025\\\/11\\\/ELIA-FAVELA-VARA_3.png\",\"contentUrl\":\"https:\\\/\\\/revistapotencialhumano.com.mx\\\/revistadigital\\\/wp-content\\\/uploads\\\/2025\\\/11\\\/ELIA-FAVELA-VARA_3.png\",\"width\":1000,\"height\":1370},{\"@type\":\"BreadcrumbList\",\"@id\":\"https:\\\/\\\/revistapotencialhumano.com.mx\\\/revistadigital\\\/elia-favela-vara-estrategia-liderazgo-y-vision-en-el-corazon-del-vino-mexicano\\\/#breadcrumb\",\"itemListElement\":[{\"@type\":\"ListItem\",\"position\":1,\"name\":\"Home\",\"item\":\"https:\\\/\\\/revistapotencialhumano.com.mx\\\/revistadigital\\\/\"},{\"@type\":\"ListItem\",\"position\":2,\"name\":\"Elia Favela Vara: Estrategia, liderazgo y visi\u00f3n en el coraz\u00f3n del vino mexicano\"}]},{\"@type\":\"WebSite\",\"@id\":\"https:\\\/\\\/revistapotencialhumano.com.mx\\\/revistadigital\\\/#website\",\"url\":\"https:\\\/\\\/revistapotencialhumano.com.mx\\\/revistadigital\\\/\",\"name\":\"Revista Potencial Humano\",\"description\":\"Revista digital\",\"publisher\":{\"@id\":\"https:\\\/\\\/revistapotencialhumano.com.mx\\\/revistadigital\\\/#organization\"},\"potentialAction\":[{\"@type\":\"SearchAction\",\"target\":{\"@type\":\"EntryPoint\",\"urlTemplate\":\"https:\\\/\\\/revistapotencialhumano.com.mx\\\/revistadigital\\\/?s={search_term_string}\"},\"query-input\":{\"@type\":\"PropertyValueSpecification\",\"valueRequired\":true,\"valueName\":\"search_term_string\"}}],\"inLanguage\":\"es\"},{\"@type\":\"Organization\",\"@id\":\"https:\\\/\\\/revistapotencialhumano.com.mx\\\/revistadigital\\\/#organization\",\"name\":\"Revista Potencial Humano\",\"url\":\"https:\\\/\\\/revistapotencialhumano.com.mx\\\/revistadigital\\\/\",\"logo\":{\"@type\":\"ImageObject\",\"inLanguage\":\"es\",\"@id\":\"https:\\\/\\\/revistapotencialhumano.com.mx\\\/revistadigital\\\/#\\\/schema\\\/logo\\\/image\\\/\",\"url\":\"https:\\\/\\\/revistapotencialhumano.com.mx\\\/revistadigital\\\/wp-content\\\/uploads\\\/2023\\\/09\\\/logo_ph_gris.png\",\"contentUrl\":\"https:\\\/\\\/revistapotencialhumano.com.mx\\\/revistadigital\\\/wp-content\\\/uploads\\\/2023\\\/09\\\/logo_ph_gris.png\",\"width\":1920,\"height\":1080,\"caption\":\"Revista Potencial Humano\"},\"image\":{\"@id\":\"https:\\\/\\\/revistapotencialhumano.com.mx\\\/revistadigital\\\/#\\\/schema\\\/logo\\\/image\\\/\"},\"sameAs\":[\"https:\\\/\\\/open.spotify.com\\\/show\\\/2pIEFqnQDVKaEQzKkIOtQw?si=08622ad32ea742cb\"]},{\"@type\":\"Person\",\"@id\":\"https:\\\/\\\/revistapotencialhumano.com.mx\\\/revistadigital\\\/#\\\/schema\\\/person\\\/c15a4d9b0bcd4a8160bd7018497e2a62\",\"name\":\"Cesar Aldana\",\"image\":{\"@type\":\"ImageObject\",\"inLanguage\":\"es\",\"@id\":\"https:\\\/\\\/secure.gravatar.com\\\/avatar\\\/450d0f79afa319363394649e6db54defdeb1e27cdb703b1b90293cd7b11ed3f5?s=96&d=mm&r=g\",\"url\":\"https:\\\/\\\/secure.gravatar.com\\\/avatar\\\/450d0f79afa319363394649e6db54defdeb1e27cdb703b1b90293cd7b11ed3f5?s=96&d=mm&r=g\",\"contentUrl\":\"https:\\\/\\\/secure.gravatar.com\\\/avatar\\\/450d0f79afa319363394649e6db54defdeb1e27cdb703b1b90293cd7b11ed3f5?s=96&d=mm&r=g\",\"caption\":\"Cesar Aldana\"},\"url\":\"https:\\\/\\\/revistapotencialhumano.com.mx\\\/revistadigital\\\/author\\\/cesar\\\/\"}]}<\/script>\n<!-- \/ Yoast SEO plugin. -->","yoast_head_json":{"title":"Elia Favela Vara: Estrategia, liderazgo y visi\u00f3n en el coraz\u00f3n del vino mexicano - Potencial Humano","description":"Ch\u00e2teau Camou, una de las vin\u00edcolas m\u00e1s reconocidas y respetadas de M\u00e9xico. Su liderazgo combina tradici\u00f3n e innovaci\u00f3n, sostenibilidad y rentabilidad, familia y futuro.","robots":{"index":"index","follow":"follow","max-snippet":"max-snippet:-1","max-image-preview":"max-image-preview:large","max-video-preview":"max-video-preview:-1"},"canonical":"https:\/\/revistapotencialhumano.com.mx\/revistadigital\/elia-favela-vara-estrategia-liderazgo-y-vision-en-el-corazon-del-vino-mexicano\/","og_locale":"es_ES","og_type":"article","og_title":"Elia Favela Vara: Estrategia, liderazgo y visi\u00f3n en el coraz\u00f3n del vino mexicano","og_description":"Ch\u00e2teau Camou, una de las vin\u00edcolas m\u00e1s reconocidas y respetadas de M\u00e9xico. Su liderazgo combina tradici\u00f3n e innovaci\u00f3n, sostenibilidad y rentabilidad, familia y futuro.","og_url":"https:\/\/revistapotencialhumano.com.mx\/revistadigital\/elia-favela-vara-estrategia-liderazgo-y-vision-en-el-corazon-del-vino-mexicano\/","og_site_name":"Potencial Humano","article_published_time":"2025-11-29T07:14:00+00:00","og_image":[{"width":1200,"height":630,"url":"https:\/\/revistapotencialhumano.com.mx\/revistadigital\/wp-content\/uploads\/2025\/11\/ELIA-FAVELA-VARA_5.png","type":"image\/png"}],"author":"Cesar Aldana","twitter_card":"summary_large_image","twitter_misc":{"Written by":"Cesar Aldana","Est. reading time":"8 minutos"},"schema":{"@context":"https:\/\/schema.org","@graph":[{"@type":"Article","@id":"https:\/\/revistapotencialhumano.com.mx\/revistadigital\/elia-favela-vara-estrategia-liderazgo-y-vision-en-el-corazon-del-vino-mexicano\/#article","isPartOf":{"@id":"https:\/\/revistapotencialhumano.com.mx\/revistadigital\/elia-favela-vara-estrategia-liderazgo-y-vision-en-el-corazon-del-vino-mexicano\/"},"author":{"name":"Cesar Aldana","@id":"https:\/\/revistapotencialhumano.com.mx\/revistadigital\/#\/schema\/person\/c15a4d9b0bcd4a8160bd7018497e2a62"},"headline":"Elia Favela Vara: Estrategia, liderazgo y visi\u00f3n en el coraz\u00f3n del vino mexicano","datePublished":"2025-11-29T07:14:00+00:00","mainEntityOfPage":{"@id":"https:\/\/revistapotencialhumano.com.mx\/revistadigital\/elia-favela-vara-estrategia-liderazgo-y-vision-en-el-corazon-del-vino-mexicano\/"},"wordCount":1469,"commentCount":0,"publisher":{"@id":"https:\/\/revistapotencialhumano.com.mx\/revistadigital\/#organization"},"image":{"@id":"https:\/\/revistapotencialhumano.com.mx\/revistadigital\/elia-favela-vara-estrategia-liderazgo-y-vision-en-el-corazon-del-vino-mexicano\/#primaryimage"},"thumbnailUrl":"https:\/\/revistapotencialhumano.com.mx\/revistadigital\/wp-content\/uploads\/2025\/11\/ELIA-FAVELA-VARA_3.png","keywords":["articulo","entrevistas","humano","liderazgo","potencial","revista"],"articleSection":["Liderazgo"],"inLanguage":"es","potentialAction":[{"@type":"CommentAction","name":"Comment","target":["https:\/\/revistapotencialhumano.com.mx\/revistadigital\/elia-favela-vara-estrategia-liderazgo-y-vision-en-el-corazon-del-vino-mexicano\/#respond"]}]},{"@type":"WebPage","@id":"https:\/\/revistapotencialhumano.com.mx\/revistadigital\/elia-favela-vara-estrategia-liderazgo-y-vision-en-el-corazon-del-vino-mexicano\/","url":"https:\/\/revistapotencialhumano.com.mx\/revistadigital\/elia-favela-vara-estrategia-liderazgo-y-vision-en-el-corazon-del-vino-mexicano\/","name":"Elia Favela Vara: Estrategia, liderazgo y visi\u00f3n en el coraz\u00f3n del vino mexicano - Potencial Humano","isPartOf":{"@id":"https:\/\/revistapotencialhumano.com.mx\/revistadigital\/#website"},"primaryImageOfPage":{"@id":"https:\/\/revistapotencialhumano.com.mx\/revistadigital\/elia-favela-vara-estrategia-liderazgo-y-vision-en-el-corazon-del-vino-mexicano\/#primaryimage"},"image":{"@id":"https:\/\/revistapotencialhumano.com.mx\/revistadigital\/elia-favela-vara-estrategia-liderazgo-y-vision-en-el-corazon-del-vino-mexicano\/#primaryimage"},"thumbnailUrl":"https:\/\/revistapotencialhumano.com.mx\/revistadigital\/wp-content\/uploads\/2025\/11\/ELIA-FAVELA-VARA_3.png","datePublished":"2025-11-29T07:14:00+00:00","description":"Ch\u00e2teau Camou, una de las vin\u00edcolas m\u00e1s reconocidas y respetadas de M\u00e9xico. Su liderazgo combina tradici\u00f3n e innovaci\u00f3n, sostenibilidad y rentabilidad, familia y futuro.","breadcrumb":{"@id":"https:\/\/revistapotencialhumano.com.mx\/revistadigital\/elia-favela-vara-estrategia-liderazgo-y-vision-en-el-corazon-del-vino-mexicano\/#breadcrumb"},"inLanguage":"es","potentialAction":[{"@type":"ReadAction","target":["https:\/\/revistapotencialhumano.com.mx\/revistadigital\/elia-favela-vara-estrategia-liderazgo-y-vision-en-el-corazon-del-vino-mexicano\/"]}]},{"@type":"ImageObject","inLanguage":"es","@id":"https:\/\/revistapotencialhumano.com.mx\/revistadigital\/elia-favela-vara-estrategia-liderazgo-y-vision-en-el-corazon-del-vino-mexicano\/#primaryimage","url":"https:\/\/revistapotencialhumano.com.mx\/revistadigital\/wp-content\/uploads\/2025\/11\/ELIA-FAVELA-VARA_3.png","contentUrl":"https:\/\/revistapotencialhumano.com.mx\/revistadigital\/wp-content\/uploads\/2025\/11\/ELIA-FAVELA-VARA_3.png","width":1000,"height":1370},{"@type":"BreadcrumbList","@id":"https:\/\/revistapotencialhumano.com.mx\/revistadigital\/elia-favela-vara-estrategia-liderazgo-y-vision-en-el-corazon-del-vino-mexicano\/#breadcrumb","itemListElement":[{"@type":"ListItem","position":1,"name":"Home","item":"https:\/\/revistapotencialhumano.com.mx\/revistadigital\/"},{"@type":"ListItem","position":2,"name":"Elia Favela Vara: Estrategia, liderazgo y visi\u00f3n en el coraz\u00f3n del vino mexicano"}]},{"@type":"WebSite","@id":"https:\/\/revistapotencialhumano.com.mx\/revistadigital\/#website","url":"https:\/\/revistapotencialhumano.com.mx\/revistadigital\/","name":"Revista Potencial Humano","description":"Revista digital","publisher":{"@id":"https:\/\/revistapotencialhumano.com.mx\/revistadigital\/#organization"},"potentialAction":[{"@type":"SearchAction","target":{"@type":"EntryPoint","urlTemplate":"https:\/\/revistapotencialhumano.com.mx\/revistadigital\/?s={search_term_string}"},"query-input":{"@type":"PropertyValueSpecification","valueRequired":true,"valueName":"search_term_string"}}],"inLanguage":"es"},{"@type":"Organization","@id":"https:\/\/revistapotencialhumano.com.mx\/revistadigital\/#organization","name":"Revista Potencial Humano","url":"https:\/\/revistapotencialhumano.com.mx\/revistadigital\/","logo":{"@type":"ImageObject","inLanguage":"es","@id":"https:\/\/revistapotencialhumano.com.mx\/revistadigital\/#\/schema\/logo\/image\/","url":"https:\/\/revistapotencialhumano.com.mx\/revistadigital\/wp-content\/uploads\/2023\/09\/logo_ph_gris.png","contentUrl":"https:\/\/revistapotencialhumano.com.mx\/revistadigital\/wp-content\/uploads\/2023\/09\/logo_ph_gris.png","width":1920,"height":1080,"caption":"Revista Potencial Humano"},"image":{"@id":"https:\/\/revistapotencialhumano.com.mx\/revistadigital\/#\/schema\/logo\/image\/"},"sameAs":["https:\/\/open.spotify.com\/show\/2pIEFqnQDVKaEQzKkIOtQw?si=08622ad32ea742cb"]},{"@type":"Person","@id":"https:\/\/revistapotencialhumano.com.mx\/revistadigital\/#\/schema\/person\/c15a4d9b0bcd4a8160bd7018497e2a62","name":"Cesar Aldana","image":{"@type":"ImageObject","inLanguage":"es","@id":"https:\/\/secure.gravatar.com\/avatar\/450d0f79afa319363394649e6db54defdeb1e27cdb703b1b90293cd7b11ed3f5?s=96&d=mm&r=g","url":"https:\/\/secure.gravatar.com\/avatar\/450d0f79afa319363394649e6db54defdeb1e27cdb703b1b90293cd7b11ed3f5?s=96&d=mm&r=g","contentUrl":"https:\/\/secure.gravatar.com\/avatar\/450d0f79afa319363394649e6db54defdeb1e27cdb703b1b90293cd7b11ed3f5?s=96&d=mm&r=g","caption":"Cesar Aldana"},"url":"https:\/\/revistapotencialhumano.com.mx\/revistadigital\/author\/cesar\/"}]}},"jetpack_featured_media_url":"https:\/\/revistapotencialhumano.com.mx\/revistadigital\/wp-content\/uploads\/2025\/11\/ELIA-FAVELA-VARA_3.png","jetpack_sharing_enabled":true,"_links":{"self":[{"href":"https:\/\/revistapotencialhumano.com.mx\/revistadigital\/wp-json\/wp\/v2\/posts\/3282","targetHints":{"allow":["GET"]}}],"collection":[{"href":"https:\/\/revistapotencialhumano.com.mx\/revistadigital\/wp-json\/wp\/v2\/posts"}],"about":[{"href":"https:\/\/revistapotencialhumano.com.mx\/revistadigital\/wp-json\/wp\/v2\/types\/post"}],"author":[{"embeddable":true,"href":"https:\/\/revistapotencialhumano.com.mx\/revistadigital\/wp-json\/wp\/v2\/users\/3"}],"replies":[{"embeddable":true,"href":"https:\/\/revistapotencialhumano.com.mx\/revistadigital\/wp-json\/wp\/v2\/comments?post=3282"}],"version-history":[{"count":1,"href":"https:\/\/revistapotencialhumano.com.mx\/revistadigital\/wp-json\/wp\/v2\/posts\/3282\/revisions"}],"predecessor-version":[{"id":3289,"href":"https:\/\/revistapotencialhumano.com.mx\/revistadigital\/wp-json\/wp\/v2\/posts\/3282\/revisions\/3289"}],"wp:featuredmedia":[{"embeddable":true,"href":"https:\/\/revistapotencialhumano.com.mx\/revistadigital\/wp-json\/wp\/v2\/media\/3288"}],"wp:attachment":[{"href":"https:\/\/revistapotencialhumano.com.mx\/revistadigital\/wp-json\/wp\/v2\/media?parent=3282"}],"wp:term":[{"taxonomy":"category","embeddable":true,"href":"https:\/\/revistapotencialhumano.com.mx\/revistadigital\/wp-json\/wp\/v2\/categories?post=3282"},{"taxonomy":"post_tag","embeddable":true,"href":"https:\/\/revistapotencialhumano.com.mx\/revistadigital\/wp-json\/wp\/v2\/tags?post=3282"}],"curies":[{"name":"wp","href":"https:\/\/api.w.org\/{rel}","templated":true}]}}