{"id":3401,"date":"2026-01-30T17:55:41","date_gmt":"2026-01-30T17:55:41","guid":{"rendered":"https:\/\/revistapotencialhumano.com.mx\/revistadigital\/?p=3401"},"modified":"2026-01-30T17:57:41","modified_gmt":"2026-01-30T17:57:41","slug":"la-factura-oculta-de-la-colaboracion-el-verdadero-dilema-de-sheinbaum-frente-a-trump","status":"publish","type":"post","link":"https:\/\/revistapotencialhumano.com.mx\/revistadigital\/la-factura-oculta-de-la-colaboracion-el-verdadero-dilema-de-sheinbaum-frente-a-trump\/","title":{"rendered":"La factura oculta de la \u201ccolaboraci\u00f3n\u201d: el verdadero dilema de Sheinbaum frente a Trump"},"content":{"rendered":"\n<p><strong>Presiones externas, costos internos y el impacto silencioso en la estabilidad pol\u00edtica y econ\u00f3mica de M\u00e9xico en 2026<\/strong><\/p>\n\n\n\n<p class=\"has-cyan-bluish-gray-color has-text-color has-link-color has-small-font-size wp-elements-bff1f2d3a87a65037fa4731012cb9615\"><strong><em>Art\u00edculo por Javier Jaramillo<\/em><\/strong><\/p>\n\n\n\n<p>Febrero de 2026 encuentra a M\u00e9xico en una posici\u00f3n compleja, inc\u00f3moda y estrat\u00e9gicamente delicada. A poco m\u00e1s de un a\u00f1o del inicio simult\u00e1neo de las administraciones de Claudia Sheinbaum y Donald Trump, la relaci\u00f3n bilateral se ha convertido en un ejercicio permanente de contenci\u00f3n, donde cada gesto de cooperaci\u00f3n es seguido por una nueva exigencia y cada avance operativo parece insuficiente para satisfacer a Washington.<\/p>\n\n\n\n<p>Desde la \u00f3ptica de la Casa Blanca, el diagn\u00f3stico es reiterativo: el narcotr\u00e1fico sigue siendo una amenaza directa a la seguridad nacional de Estados Unidos y M\u00e9xico, que es visto no solo como vecino, sino como eslab\u00f3n cr\u00edtico del problema. Desde Palacio Nacional, en cambio, el \u00e9nfasis ha estado en subrayar la cooperaci\u00f3n hist\u00f3rica entre ambos pa\u00edses, los decomisos r\u00e9cord, la captura de objetivos prioritarios y la in\u00e9dita entrega expedita de figuras emblem\u00e1ticas del crimen organizado.<\/p>\n\n\n\n<p>Sin embargo, en pol\u00edtica \u2014y particularmente en la relaci\u00f3n con Donald Trump\u2014 los hechos no siempre pesan tanto como las se\u00f1ales.<\/p>\n\n\n\n<p>La exigencia de \u201cm\u00e1s colaboraci\u00f3n\u201d, repetida una y otra vez por el presidente estadounidense, no tiene una definici\u00f3n t\u00e9cnica ni un par\u00e1metro p\u00fablico. No se expresa en m\u00e9tricas claras ni en objetivos verificables. Es, m\u00e1s bien, una consigna pol\u00edtica que funciona como herramienta de presi\u00f3n constante y que coloca al gobierno mexicano en una posici\u00f3n de defensa permanente.<\/p>\n\n\n\n<p>En el fondo, Trump no parece estar reclamando solo m\u00e1s decomisos o m\u00e1s detenciones. Lo que exige es una demostraci\u00f3n inequ\u00edvoca de control. Control territorial, control institucional y, sobre todo, control pol\u00edtico.<\/p>\n\n\n\n<p>Ah\u00ed es donde el dilema de Claudia Sheinbaum se vuelve especialmente delicado.<\/p>\n\n\n\n<figure class=\"wp-block-image size-large\"><img fetchpriority=\"high\" decoding=\"async\" width=\"1024\" height=\"538\" src=\"https:\/\/revistapotencialhumano.com.mx\/revistadigital\/wp-content\/uploads\/2026\/01\/JAVIER-JARAMILLO_6-1-1024x538.png\" alt=\"\" class=\"wp-image-3402\" srcset=\"https:\/\/revistapotencialhumano.com.mx\/revistadigital\/wp-content\/uploads\/2026\/01\/JAVIER-JARAMILLO_6-1-1024x538.png 1024w, https:\/\/revistapotencialhumano.com.mx\/revistadigital\/wp-content\/uploads\/2026\/01\/JAVIER-JARAMILLO_6-1-300x158.png 300w, https:\/\/revistapotencialhumano.com.mx\/revistadigital\/wp-content\/uploads\/2026\/01\/JAVIER-JARAMILLO_6-1-768x403.png 768w, https:\/\/revistapotencialhumano.com.mx\/revistadigital\/wp-content\/uploads\/2026\/01\/JAVIER-JARAMILLO_6-1.png 1200w\" sizes=\"(max-width: 1024px) 100vw, 1024px\" \/><\/figure>\n\n\n\n<p class=\"has-cyan-bluish-gray-color has-text-color has-link-color has-large-font-size wp-elements-3dd41c7d184c7d035c15118ac78b0691\"><strong>\u201cCombatir al crimen organizado tambi\u00e9n implica decidir qui\u00e9n paga el costo pol\u00edtico.\u201d<\/strong><\/p>\n\n\n\n<p>Durante su primer a\u00f1o de gobierno, la presidenta ha mostrado una ruptura evidente con la estrategia de seguridad de su antecesor. El abandono t\u00e1cito del paradigma de \u201cabrazos, no balazos\u201d y el fortalecimiento de la acci\u00f3n del Estado han sido bien recibidos por amplios sectores sociales y empresariales, ansiosos de certidumbre. No obstante, ese viraje tambi\u00e9n ha dejado al descubierto una realidad inc\u00f3moda: la expansi\u00f3n del crimen organizado no ocurri\u00f3 al margen del poder pol\u00edtico, sino que se infiltr\u00f3 en estructuras locales, redes econ\u00f3micas y liderazgos partidistas.<\/p>\n\n\n\n<p>Para Trump, ese es el punto neur\u00e1lgico. La narrativa que insiste en que el narcotr\u00e1fico mantiene relaciones intolerables con sectores del gobierno mexicano no busca \u00fanicamente justificar una postura dura hacia el exterior; tambi\u00e9n funciona como una advertencia. Mientras esas relaciones no sean confrontadas abiertamente, cualquier colaboraci\u00f3n ser\u00e1 considerada insuficiente.<\/p>\n\n\n\n<p>Desde esta perspectiva, el verdadero \u201cgolpe en la mesa\u201d que espera Washington no es militar, sino pol\u00edtico. Un golpe que implique procesos legales, deslindes p\u00fablicos y costos internos reales para el partido en el poder.<\/p>\n\n\n\n<figure class=\"wp-block-image size-large\"><img decoding=\"async\" width=\"1024\" height=\"538\" src=\"https:\/\/revistapotencialhumano.com.mx\/revistadigital\/wp-content\/uploads\/2026\/01\/JAVIER-JARAMILLO_5-1-1024x538.png\" alt=\"\" class=\"wp-image-3403\" srcset=\"https:\/\/revistapotencialhumano.com.mx\/revistadigital\/wp-content\/uploads\/2026\/01\/JAVIER-JARAMILLO_5-1-1024x538.png 1024w, https:\/\/revistapotencialhumano.com.mx\/revistadigital\/wp-content\/uploads\/2026\/01\/JAVIER-JARAMILLO_5-1-300x158.png 300w, https:\/\/revistapotencialhumano.com.mx\/revistadigital\/wp-content\/uploads\/2026\/01\/JAVIER-JARAMILLO_5-1-768x403.png 768w, https:\/\/revistapotencialhumano.com.mx\/revistadigital\/wp-content\/uploads\/2026\/01\/JAVIER-JARAMILLO_5-1.png 1200w\" sizes=\"(max-width: 1024px) 100vw, 1024px\" \/><\/figure>\n\n\n\n<p class=\"has-cyan-bluish-gray-color has-text-color has-link-color has-large-font-size wp-elements-45e744bc0c2e567bc23f33c76b3fe317\"><strong>\u201cTrump no exige m\u00e9tricas; exige se\u00f1ales pol\u00edticas de control absoluto.\u201d<\/strong><\/p>\n\n\n\n<p>Pero ah\u00ed reside el mayor riesgo para Sheinbaum.<\/p>\n\n\n\n<p>Actuar con contundencia contra figuras pol\u00edticas vinculadas al crimen organizado fortalecer\u00eda su liderazgo institucional y enviar\u00eda una se\u00f1al clara de gobernabilidad hacia los mercados y la comunidad internacional. Al mismo tiempo, abrir\u00eda un frente de conflicto dentro del propio movimiento que la llev\u00f3 al poder, donde las lealtades, los equilibrios y las disputas internas siguen teniendo un peso determinante.<\/p>\n\n\n\n<p>Para el sector empresarial, este dilema no es menor. La estabilidad pol\u00edtica, el Estado de derecho y la claridad en la conducci\u00f3n del pa\u00eds son variables esenciales para la inversi\u00f3n, la planeaci\u00f3n de largo plazo y la confianza econ\u00f3mica. Una presidenta fortalecida frente al crimen organizado reduce riesgos estructurales; una presidenta atrapada entre presiones externas y resistencias internas prolonga la incertidumbre.<\/p>\n\n\n\n<figure class=\"wp-block-image alignfull size-large\"><img decoding=\"async\" width=\"747\" height=\"1024\" src=\"https:\/\/revistapotencialhumano.com.mx\/revistadigital\/wp-content\/uploads\/2026\/01\/JAVIER-JARAMILLO_3-1-747x1024.png\" alt=\"\" class=\"wp-image-3404\" srcset=\"https:\/\/revistapotencialhumano.com.mx\/revistadigital\/wp-content\/uploads\/2026\/01\/JAVIER-JARAMILLO_3-1-747x1024.png 747w, https:\/\/revistapotencialhumano.com.mx\/revistadigital\/wp-content\/uploads\/2026\/01\/JAVIER-JARAMILLO_3-1-219x300.png 219w, https:\/\/revistapotencialhumano.com.mx\/revistadigital\/wp-content\/uploads\/2026\/01\/JAVIER-JARAMILLO_3-1-768x1052.png 768w, https:\/\/revistapotencialhumano.com.mx\/revistadigital\/wp-content\/uploads\/2026\/01\/JAVIER-JARAMILLO_3-1.png 1000w\" sizes=\"(max-width: 747px) 100vw, 747px\" \/><\/figure>\n\n\n\n<p class=\"has-cyan-bluish-gray-color has-text-color has-link-color has-large-font-size wp-elements-7cd0d940ed77dd315d19e357b8af1f34\"><strong>\u201cEl mayor riesgo para Sheinbaum no est\u00e1 en Washington, sino dentro de su propio movimiento.\u201d<\/strong><\/p>\n\n\n\n<p>Febrero de 2026 no es, por tanto, un momento de definiciones espectaculares, sino de decisiones silenciosas. La relaci\u00f3n con Trump seguir\u00e1 siendo tensa, impredecible y, en ocasiones, estridente. Pero el desenlace no se jugar\u00e1 en llamadas telef\u00f3nicas ni en declaraciones p\u00fablicas, sino en la capacidad del gobierno mexicano para demostrar que la lucha contra el crimen no tiene zonas grises ni intocables.<\/p>\n\n\n\n<p>En \u00faltima instancia, la pregunta ya no es qu\u00e9 m\u00e1s quiere Trump de M\u00e9xico, sino qu\u00e9 est\u00e1 dispuesta a pagar la presidenta Sheinbaum para demostrar que el poder civil manda sobre el criminal. Esa factura \u2014pol\u00edtica, institucional y econ\u00f3mica\u2014 ser\u00e1 la que marque el rumbo del pa\u00eds en los pr\u00f3ximos a\u00f1os.<\/p>\n\n\n\n<figure class=\"wp-block-image alignfull size-large\"><img loading=\"lazy\" decoding=\"async\" width=\"747\" height=\"1024\" src=\"https:\/\/revistapotencialhumano.com.mx\/revistadigital\/wp-content\/uploads\/2026\/01\/JAVIER-JARAMILLO_2-1-747x1024.png\" alt=\"\" class=\"wp-image-3405\" srcset=\"https:\/\/revistapotencialhumano.com.mx\/revistadigital\/wp-content\/uploads\/2026\/01\/JAVIER-JARAMILLO_2-1-747x1024.png 747w, https:\/\/revistapotencialhumano.com.mx\/revistadigital\/wp-content\/uploads\/2026\/01\/JAVIER-JARAMILLO_2-1-219x300.png 219w, https:\/\/revistapotencialhumano.com.mx\/revistadigital\/wp-content\/uploads\/2026\/01\/JAVIER-JARAMILLO_2-1-768x1052.png 768w, https:\/\/revistapotencialhumano.com.mx\/revistadigital\/wp-content\/uploads\/2026\/01\/JAVIER-JARAMILLO_2-1.png 1000w\" sizes=\"(max-width: 747px) 100vw, 747px\" \/><\/figure>\n\n\n\n<p class=\"has-text-align-center\">\u00bfTe gust\u00f3 este art\u00edculo? Conoce m\u00e1s temas relacionados<\/p>\n\n\n\n<div class=\"wp-block-buttons is-content-justification-center is-layout-flex wp-container-core-buttons-is-layout-5b5683f2 wp-block-buttons-is-layout-flex\">\n<div class=\"wp-block-button\"><a class=\"wp-block-button__link has-cyan-bluish-gray-background-color has-background wp-element-button\" href=\"https:\/\/revistapotencialhumano.com.mx\/revistadigital\/enfrenta-mexico-cuatro-desafios-laborales-en-la-nueva-era-trump\/\">Leer m\u00e1s art\u00edculos<\/a><\/div>\n<\/div>\n\n\n\n<p><\/p>\n","protected":false},"excerpt":{"rendered":"<p>la pregunta ya no es qu\u00e9 m\u00e1s quiere Trump de M\u00e9xico, sino qu\u00e9 est\u00e1 dispuesta a pagar la presidenta Sheinbaum para demostrar que el poder civil manda sobre el criminal. <\/p>\n","protected":false},"author":3,"featured_media":3406,"comment_status":"open","ping_status":"open","sticky":false,"template":"","format":"standard","meta":{"_monsterinsights_skip_tracking":false,"_monsterinsights_sitenote_active":false,"_monsterinsights_sitenote_note":"","_monsterinsights_sitenote_category":0,"site-sidebar-layout":"default","site-content-layout":"","ast-site-content-layout":"default","site-content-style":"default","site-sidebar-style":"default","ast-global-header-display":"","ast-banner-title-visibility":"","ast-main-header-display":"","ast-hfb-above-header-display":"","ast-hfb-below-header-display":"","ast-hfb-mobile-header-display":"","site-post-title":"","ast-breadcrumbs-content":"","ast-featured-img":"","footer-sml-layout":"","theme-transparent-header-meta":"","adv-header-id-meta":"","stick-header-meta":"","header-above-stick-meta":"","header-main-stick-meta":"","header-below-stick-meta":"","astra-migrate-meta-layouts":"set","ast-page-background-enabled":"default","ast-page-background-meta":{"desktop":{"background-color":"","background-image":"","background-repeat":"repeat","background-position":"center center","background-size":"auto","background-attachment":"scroll","background-type":"","background-media":"","overlay-type":"","overlay-color":"","overlay-opacity":"","overlay-gradient":""},"tablet":{"background-color":"","background-image":"","background-repeat":"repeat","background-position":"center center","background-size":"auto","background-attachment":"scroll","background-type":"","background-media":"","overlay-type":"","overlay-color":"","overlay-opacity":"","overlay-gradient":""},"mobile":{"background-color":"","background-image":"","background-repeat":"repeat","background-position":"center center","background-size":"auto","background-attachment":"scroll","background-type":"","background-media":"","overlay-type":"","overlay-color":"","overlay-opacity":"","overlay-gradient":""}},"ast-content-background-meta":{"desktop":{"background-color":"var(--ast-global-color-5)","background-image":"","background-repeat":"repeat","background-position":"center center","background-size":"auto","background-attachment":"scroll","background-type":"","background-media":"","overlay-type":"","overlay-color":"","overlay-opacity":"","overlay-gradient":""},"tablet":{"background-color":"var(--ast-global-color-5)","background-image":"","background-repeat":"repeat","background-position":"center center","background-size":"auto","background-attachment":"scroll","background-type":"","background-media":"","overlay-type":"","overlay-color":"","overlay-opacity":"","overlay-gradient":""},"mobile":{"background-color":"var(--ast-global-color-5)","background-image":"","background-repeat":"repeat","background-position":"center center","background-size":"auto","background-attachment":"scroll","background-type":"","background-media":"","overlay-type":"","overlay-color":"","overlay-opacity":"","overlay-gradient":""}},"_jetpack_memberships_contains_paid_content":false,"footnotes":""},"categories":[30],"tags":[32,27,31,33],"class_list":["post-3401","post","type-post","status-publish","format-standard","has-post-thumbnail","hentry","category-legal","tag-articulo","tag-entrevistas","tag-legal","tag-liderazgo"],"yoast_head":"<!-- This site is optimized with the Yoast SEO plugin v27.4 - https:\/\/yoast.com\/product\/yoast-seo-wordpress\/ -->\n<title>La factura oculta de la \u201ccolaboraci\u00f3n\u201d: el verdadero dilema de Sheinbaum frente a Trump - Potencial Humano<\/title>\n<meta name=\"description\" content=\"La pregunta ya no es qu\u00e9 m\u00e1s quiere Trump de M\u00e9xico, sino qu\u00e9 est\u00e1 dispuesta a pagar la presidenta Sheinbaum para demostrar que el poder civil manda sobre el criminal.\" \/>\n<meta name=\"robots\" content=\"index, follow, max-snippet:-1, max-image-preview:large, max-video-preview:-1\" \/>\n<link rel=\"canonical\" href=\"https:\/\/revistapotencialhumano.com.mx\/revistadigital\/la-factura-oculta-de-la-colaboracion-el-verdadero-dilema-de-sheinbaum-frente-a-trump\/\" \/>\n<meta property=\"og:locale\" content=\"es_ES\" \/>\n<meta property=\"og:type\" content=\"article\" \/>\n<meta property=\"og:title\" content=\"La factura oculta de la \u201ccolaboraci\u00f3n\u201d: el verdadero dilema de Sheinbaum frente a Trump\" \/>\n<meta property=\"og:description\" content=\"La pregunta ya no es qu\u00e9 m\u00e1s quiere Trump de M\u00e9xico, sino qu\u00e9 est\u00e1 dispuesta a pagar la presidenta Sheinbaum para demostrar que el poder civil manda sobre el criminal.\" \/>\n<meta property=\"og:url\" content=\"https:\/\/revistapotencialhumano.com.mx\/revistadigital\/la-factura-oculta-de-la-colaboracion-el-verdadero-dilema-de-sheinbaum-frente-a-trump\/\" \/>\n<meta property=\"og:site_name\" content=\"Potencial Humano\" \/>\n<meta property=\"article:published_time\" content=\"2026-01-30T17:55:41+00:00\" \/>\n<meta property=\"article:modified_time\" content=\"2026-01-30T17:57:41+00:00\" \/>\n<meta property=\"og:image\" content=\"https:\/\/revistapotencialhumano.com.mx\/revistadigital\/wp-content\/uploads\/2026\/01\/JAVIER-JARAMILLO_6-1.png\" \/>\n\t<meta property=\"og:image:width\" content=\"1200\" \/>\n\t<meta property=\"og:image:height\" content=\"630\" \/>\n\t<meta property=\"og:image:type\" content=\"image\/png\" \/>\n<meta name=\"author\" content=\"Cesar Aldana\" \/>\n<meta name=\"twitter:card\" content=\"summary_large_image\" \/>\n<meta name=\"twitter:label1\" content=\"Written by\" \/>\n\t<meta name=\"twitter:data1\" content=\"Cesar Aldana\" \/>\n\t<meta name=\"twitter:label2\" content=\"Est. reading time\" \/>\n\t<meta name=\"twitter:data2\" content=\"5 minutos\" \/>\n<script type=\"application\/ld+json\" class=\"yoast-schema-graph\">{\"@context\":\"https:\\\/\\\/schema.org\",\"@graph\":[{\"@type\":\"Article\",\"@id\":\"https:\\\/\\\/revistapotencialhumano.com.mx\\\/revistadigital\\\/la-factura-oculta-de-la-colaboracion-el-verdadero-dilema-de-sheinbaum-frente-a-trump\\\/#article\",\"isPartOf\":{\"@id\":\"https:\\\/\\\/revistapotencialhumano.com.mx\\\/revistadigital\\\/la-factura-oculta-de-la-colaboracion-el-verdadero-dilema-de-sheinbaum-frente-a-trump\\\/\"},\"author\":{\"name\":\"Cesar Aldana\",\"@id\":\"https:\\\/\\\/revistapotencialhumano.com.mx\\\/revistadigital\\\/#\\\/schema\\\/person\\\/c15a4d9b0bcd4a8160bd7018497e2a62\"},\"headline\":\"La factura oculta de la \u201ccolaboraci\u00f3n\u201d: el verdadero dilema de Sheinbaum frente a Trump\",\"datePublished\":\"2026-01-30T17:55:41+00:00\",\"dateModified\":\"2026-01-30T17:57:41+00:00\",\"mainEntityOfPage\":{\"@id\":\"https:\\\/\\\/revistapotencialhumano.com.mx\\\/revistadigital\\\/la-factura-oculta-de-la-colaboracion-el-verdadero-dilema-de-sheinbaum-frente-a-trump\\\/\"},\"wordCount\":848,\"commentCount\":0,\"publisher\":{\"@id\":\"https:\\\/\\\/revistapotencialhumano.com.mx\\\/revistadigital\\\/#organization\"},\"image\":{\"@id\":\"https:\\\/\\\/revistapotencialhumano.com.mx\\\/revistadigital\\\/la-factura-oculta-de-la-colaboracion-el-verdadero-dilema-de-sheinbaum-frente-a-trump\\\/#primaryimage\"},\"thumbnailUrl\":\"https:\\\/\\\/revistapotencialhumano.com.mx\\\/revistadigital\\\/wp-content\\\/uploads\\\/2026\\\/01\\\/JAVIER-JARAMILLO_1-1.png\",\"keywords\":[\"articulo\",\"entrevistas\",\"legal\",\"liderazgo\"],\"articleSection\":[\"Legal\"],\"inLanguage\":\"es\",\"potentialAction\":[{\"@type\":\"CommentAction\",\"name\":\"Comment\",\"target\":[\"https:\\\/\\\/revistapotencialhumano.com.mx\\\/revistadigital\\\/la-factura-oculta-de-la-colaboracion-el-verdadero-dilema-de-sheinbaum-frente-a-trump\\\/#respond\"]}]},{\"@type\":\"WebPage\",\"@id\":\"https:\\\/\\\/revistapotencialhumano.com.mx\\\/revistadigital\\\/la-factura-oculta-de-la-colaboracion-el-verdadero-dilema-de-sheinbaum-frente-a-trump\\\/\",\"url\":\"https:\\\/\\\/revistapotencialhumano.com.mx\\\/revistadigital\\\/la-factura-oculta-de-la-colaboracion-el-verdadero-dilema-de-sheinbaum-frente-a-trump\\\/\",\"name\":\"La factura oculta de la \u201ccolaboraci\u00f3n\u201d: el verdadero dilema de Sheinbaum frente a Trump - Potencial Humano\",\"isPartOf\":{\"@id\":\"https:\\\/\\\/revistapotencialhumano.com.mx\\\/revistadigital\\\/#website\"},\"primaryImageOfPage\":{\"@id\":\"https:\\\/\\\/revistapotencialhumano.com.mx\\\/revistadigital\\\/la-factura-oculta-de-la-colaboracion-el-verdadero-dilema-de-sheinbaum-frente-a-trump\\\/#primaryimage\"},\"image\":{\"@id\":\"https:\\\/\\\/revistapotencialhumano.com.mx\\\/revistadigital\\\/la-factura-oculta-de-la-colaboracion-el-verdadero-dilema-de-sheinbaum-frente-a-trump\\\/#primaryimage\"},\"thumbnailUrl\":\"https:\\\/\\\/revistapotencialhumano.com.mx\\\/revistadigital\\\/wp-content\\\/uploads\\\/2026\\\/01\\\/JAVIER-JARAMILLO_1-1.png\",\"datePublished\":\"2026-01-30T17:55:41+00:00\",\"dateModified\":\"2026-01-30T17:57:41+00:00\",\"description\":\"La pregunta ya no es qu\u00e9 m\u00e1s quiere Trump de M\u00e9xico, sino qu\u00e9 est\u00e1 dispuesta a pagar la presidenta Sheinbaum para demostrar que el poder civil manda sobre el criminal.\",\"breadcrumb\":{\"@id\":\"https:\\\/\\\/revistapotencialhumano.com.mx\\\/revistadigital\\\/la-factura-oculta-de-la-colaboracion-el-verdadero-dilema-de-sheinbaum-frente-a-trump\\\/#breadcrumb\"},\"inLanguage\":\"es\",\"potentialAction\":[{\"@type\":\"ReadAction\",\"target\":[\"https:\\\/\\\/revistapotencialhumano.com.mx\\\/revistadigital\\\/la-factura-oculta-de-la-colaboracion-el-verdadero-dilema-de-sheinbaum-frente-a-trump\\\/\"]}]},{\"@type\":\"ImageObject\",\"inLanguage\":\"es\",\"@id\":\"https:\\\/\\\/revistapotencialhumano.com.mx\\\/revistadigital\\\/la-factura-oculta-de-la-colaboracion-el-verdadero-dilema-de-sheinbaum-frente-a-trump\\\/#primaryimage\",\"url\":\"https:\\\/\\\/revistapotencialhumano.com.mx\\\/revistadigital\\\/wp-content\\\/uploads\\\/2026\\\/01\\\/JAVIER-JARAMILLO_1-1.png\",\"contentUrl\":\"https:\\\/\\\/revistapotencialhumano.com.mx\\\/revistadigital\\\/wp-content\\\/uploads\\\/2026\\\/01\\\/JAVIER-JARAMILLO_1-1.png\",\"width\":1000,\"height\":1370},{\"@type\":\"BreadcrumbList\",\"@id\":\"https:\\\/\\\/revistapotencialhumano.com.mx\\\/revistadigital\\\/la-factura-oculta-de-la-colaboracion-el-verdadero-dilema-de-sheinbaum-frente-a-trump\\\/#breadcrumb\",\"itemListElement\":[{\"@type\":\"ListItem\",\"position\":1,\"name\":\"Home\",\"item\":\"https:\\\/\\\/revistapotencialhumano.com.mx\\\/revistadigital\\\/\"},{\"@type\":\"ListItem\",\"position\":2,\"name\":\"La factura oculta de la \u201ccolaboraci\u00f3n\u201d: el verdadero dilema de Sheinbaum frente a Trump\"}]},{\"@type\":\"WebSite\",\"@id\":\"https:\\\/\\\/revistapotencialhumano.com.mx\\\/revistadigital\\\/#website\",\"url\":\"https:\\\/\\\/revistapotencialhumano.com.mx\\\/revistadigital\\\/\",\"name\":\"Revista Potencial Humano\",\"description\":\"Revista digital\",\"publisher\":{\"@id\":\"https:\\\/\\\/revistapotencialhumano.com.mx\\\/revistadigital\\\/#organization\"},\"potentialAction\":[{\"@type\":\"SearchAction\",\"target\":{\"@type\":\"EntryPoint\",\"urlTemplate\":\"https:\\\/\\\/revistapotencialhumano.com.mx\\\/revistadigital\\\/?s={search_term_string}\"},\"query-input\":{\"@type\":\"PropertyValueSpecification\",\"valueRequired\":true,\"valueName\":\"search_term_string\"}}],\"inLanguage\":\"es\"},{\"@type\":\"Organization\",\"@id\":\"https:\\\/\\\/revistapotencialhumano.com.mx\\\/revistadigital\\\/#organization\",\"name\":\"Revista Potencial Humano\",\"url\":\"https:\\\/\\\/revistapotencialhumano.com.mx\\\/revistadigital\\\/\",\"logo\":{\"@type\":\"ImageObject\",\"inLanguage\":\"es\",\"@id\":\"https:\\\/\\\/revistapotencialhumano.com.mx\\\/revistadigital\\\/#\\\/schema\\\/logo\\\/image\\\/\",\"url\":\"https:\\\/\\\/revistapotencialhumano.com.mx\\\/revistadigital\\\/wp-content\\\/uploads\\\/2023\\\/09\\\/logo_ph_gris.png\",\"contentUrl\":\"https:\\\/\\\/revistapotencialhumano.com.mx\\\/revistadigital\\\/wp-content\\\/uploads\\\/2023\\\/09\\\/logo_ph_gris.png\",\"width\":1920,\"height\":1080,\"caption\":\"Revista Potencial Humano\"},\"image\":{\"@id\":\"https:\\\/\\\/revistapotencialhumano.com.mx\\\/revistadigital\\\/#\\\/schema\\\/logo\\\/image\\\/\"},\"sameAs\":[\"https:\\\/\\\/open.spotify.com\\\/show\\\/2pIEFqnQDVKaEQzKkIOtQw?si=08622ad32ea742cb\"]},{\"@type\":\"Person\",\"@id\":\"https:\\\/\\\/revistapotencialhumano.com.mx\\\/revistadigital\\\/#\\\/schema\\\/person\\\/c15a4d9b0bcd4a8160bd7018497e2a62\",\"name\":\"Cesar Aldana\",\"image\":{\"@type\":\"ImageObject\",\"inLanguage\":\"es\",\"@id\":\"https:\\\/\\\/secure.gravatar.com\\\/avatar\\\/450d0f79afa319363394649e6db54defdeb1e27cdb703b1b90293cd7b11ed3f5?s=96&d=mm&r=g\",\"url\":\"https:\\\/\\\/secure.gravatar.com\\\/avatar\\\/450d0f79afa319363394649e6db54defdeb1e27cdb703b1b90293cd7b11ed3f5?s=96&d=mm&r=g\",\"contentUrl\":\"https:\\\/\\\/secure.gravatar.com\\\/avatar\\\/450d0f79afa319363394649e6db54defdeb1e27cdb703b1b90293cd7b11ed3f5?s=96&d=mm&r=g\",\"caption\":\"Cesar Aldana\"},\"url\":\"https:\\\/\\\/revistapotencialhumano.com.mx\\\/revistadigital\\\/author\\\/cesar\\\/\"}]}<\/script>\n<!-- \/ Yoast SEO plugin. -->","yoast_head_json":{"title":"La factura oculta de la \u201ccolaboraci\u00f3n\u201d: el verdadero dilema de Sheinbaum frente a Trump - Potencial Humano","description":"La pregunta ya no es qu\u00e9 m\u00e1s quiere Trump de M\u00e9xico, sino qu\u00e9 est\u00e1 dispuesta a pagar la presidenta Sheinbaum para demostrar que el poder civil manda sobre el criminal.","robots":{"index":"index","follow":"follow","max-snippet":"max-snippet:-1","max-image-preview":"max-image-preview:large","max-video-preview":"max-video-preview:-1"},"canonical":"https:\/\/revistapotencialhumano.com.mx\/revistadigital\/la-factura-oculta-de-la-colaboracion-el-verdadero-dilema-de-sheinbaum-frente-a-trump\/","og_locale":"es_ES","og_type":"article","og_title":"La factura oculta de la \u201ccolaboraci\u00f3n\u201d: el verdadero dilema de Sheinbaum frente a Trump","og_description":"La pregunta ya no es qu\u00e9 m\u00e1s quiere Trump de M\u00e9xico, sino qu\u00e9 est\u00e1 dispuesta a pagar la presidenta Sheinbaum para demostrar que el poder civil manda sobre el criminal.","og_url":"https:\/\/revistapotencialhumano.com.mx\/revistadigital\/la-factura-oculta-de-la-colaboracion-el-verdadero-dilema-de-sheinbaum-frente-a-trump\/","og_site_name":"Potencial Humano","article_published_time":"2026-01-30T17:55:41+00:00","article_modified_time":"2026-01-30T17:57:41+00:00","og_image":[{"width":1200,"height":630,"url":"https:\/\/revistapotencialhumano.com.mx\/revistadigital\/wp-content\/uploads\/2026\/01\/JAVIER-JARAMILLO_6-1.png","type":"image\/png"}],"author":"Cesar Aldana","twitter_card":"summary_large_image","twitter_misc":{"Written by":"Cesar Aldana","Est. reading time":"5 minutos"},"schema":{"@context":"https:\/\/schema.org","@graph":[{"@type":"Article","@id":"https:\/\/revistapotencialhumano.com.mx\/revistadigital\/la-factura-oculta-de-la-colaboracion-el-verdadero-dilema-de-sheinbaum-frente-a-trump\/#article","isPartOf":{"@id":"https:\/\/revistapotencialhumano.com.mx\/revistadigital\/la-factura-oculta-de-la-colaboracion-el-verdadero-dilema-de-sheinbaum-frente-a-trump\/"},"author":{"name":"Cesar Aldana","@id":"https:\/\/revistapotencialhumano.com.mx\/revistadigital\/#\/schema\/person\/c15a4d9b0bcd4a8160bd7018497e2a62"},"headline":"La factura oculta de la \u201ccolaboraci\u00f3n\u201d: el verdadero dilema de Sheinbaum frente a Trump","datePublished":"2026-01-30T17:55:41+00:00","dateModified":"2026-01-30T17:57:41+00:00","mainEntityOfPage":{"@id":"https:\/\/revistapotencialhumano.com.mx\/revistadigital\/la-factura-oculta-de-la-colaboracion-el-verdadero-dilema-de-sheinbaum-frente-a-trump\/"},"wordCount":848,"commentCount":0,"publisher":{"@id":"https:\/\/revistapotencialhumano.com.mx\/revistadigital\/#organization"},"image":{"@id":"https:\/\/revistapotencialhumano.com.mx\/revistadigital\/la-factura-oculta-de-la-colaboracion-el-verdadero-dilema-de-sheinbaum-frente-a-trump\/#primaryimage"},"thumbnailUrl":"https:\/\/revistapotencialhumano.com.mx\/revistadigital\/wp-content\/uploads\/2026\/01\/JAVIER-JARAMILLO_1-1.png","keywords":["articulo","entrevistas","legal","liderazgo"],"articleSection":["Legal"],"inLanguage":"es","potentialAction":[{"@type":"CommentAction","name":"Comment","target":["https:\/\/revistapotencialhumano.com.mx\/revistadigital\/la-factura-oculta-de-la-colaboracion-el-verdadero-dilema-de-sheinbaum-frente-a-trump\/#respond"]}]},{"@type":"WebPage","@id":"https:\/\/revistapotencialhumano.com.mx\/revistadigital\/la-factura-oculta-de-la-colaboracion-el-verdadero-dilema-de-sheinbaum-frente-a-trump\/","url":"https:\/\/revistapotencialhumano.com.mx\/revistadigital\/la-factura-oculta-de-la-colaboracion-el-verdadero-dilema-de-sheinbaum-frente-a-trump\/","name":"La factura oculta de la \u201ccolaboraci\u00f3n\u201d: el verdadero dilema de Sheinbaum frente a Trump - Potencial Humano","isPartOf":{"@id":"https:\/\/revistapotencialhumano.com.mx\/revistadigital\/#website"},"primaryImageOfPage":{"@id":"https:\/\/revistapotencialhumano.com.mx\/revistadigital\/la-factura-oculta-de-la-colaboracion-el-verdadero-dilema-de-sheinbaum-frente-a-trump\/#primaryimage"},"image":{"@id":"https:\/\/revistapotencialhumano.com.mx\/revistadigital\/la-factura-oculta-de-la-colaboracion-el-verdadero-dilema-de-sheinbaum-frente-a-trump\/#primaryimage"},"thumbnailUrl":"https:\/\/revistapotencialhumano.com.mx\/revistadigital\/wp-content\/uploads\/2026\/01\/JAVIER-JARAMILLO_1-1.png","datePublished":"2026-01-30T17:55:41+00:00","dateModified":"2026-01-30T17:57:41+00:00","description":"La pregunta ya no es qu\u00e9 m\u00e1s quiere Trump de M\u00e9xico, sino qu\u00e9 est\u00e1 dispuesta a pagar la presidenta Sheinbaum para demostrar que el poder civil manda sobre el criminal.","breadcrumb":{"@id":"https:\/\/revistapotencialhumano.com.mx\/revistadigital\/la-factura-oculta-de-la-colaboracion-el-verdadero-dilema-de-sheinbaum-frente-a-trump\/#breadcrumb"},"inLanguage":"es","potentialAction":[{"@type":"ReadAction","target":["https:\/\/revistapotencialhumano.com.mx\/revistadigital\/la-factura-oculta-de-la-colaboracion-el-verdadero-dilema-de-sheinbaum-frente-a-trump\/"]}]},{"@type":"ImageObject","inLanguage":"es","@id":"https:\/\/revistapotencialhumano.com.mx\/revistadigital\/la-factura-oculta-de-la-colaboracion-el-verdadero-dilema-de-sheinbaum-frente-a-trump\/#primaryimage","url":"https:\/\/revistapotencialhumano.com.mx\/revistadigital\/wp-content\/uploads\/2026\/01\/JAVIER-JARAMILLO_1-1.png","contentUrl":"https:\/\/revistapotencialhumano.com.mx\/revistadigital\/wp-content\/uploads\/2026\/01\/JAVIER-JARAMILLO_1-1.png","width":1000,"height":1370},{"@type":"BreadcrumbList","@id":"https:\/\/revistapotencialhumano.com.mx\/revistadigital\/la-factura-oculta-de-la-colaboracion-el-verdadero-dilema-de-sheinbaum-frente-a-trump\/#breadcrumb","itemListElement":[{"@type":"ListItem","position":1,"name":"Home","item":"https:\/\/revistapotencialhumano.com.mx\/revistadigital\/"},{"@type":"ListItem","position":2,"name":"La factura oculta de la \u201ccolaboraci\u00f3n\u201d: el verdadero dilema de Sheinbaum frente a Trump"}]},{"@type":"WebSite","@id":"https:\/\/revistapotencialhumano.com.mx\/revistadigital\/#website","url":"https:\/\/revistapotencialhumano.com.mx\/revistadigital\/","name":"Revista Potencial Humano","description":"Revista digital","publisher":{"@id":"https:\/\/revistapotencialhumano.com.mx\/revistadigital\/#organization"},"potentialAction":[{"@type":"SearchAction","target":{"@type":"EntryPoint","urlTemplate":"https:\/\/revistapotencialhumano.com.mx\/revistadigital\/?s={search_term_string}"},"query-input":{"@type":"PropertyValueSpecification","valueRequired":true,"valueName":"search_term_string"}}],"inLanguage":"es"},{"@type":"Organization","@id":"https:\/\/revistapotencialhumano.com.mx\/revistadigital\/#organization","name":"Revista Potencial Humano","url":"https:\/\/revistapotencialhumano.com.mx\/revistadigital\/","logo":{"@type":"ImageObject","inLanguage":"es","@id":"https:\/\/revistapotencialhumano.com.mx\/revistadigital\/#\/schema\/logo\/image\/","url":"https:\/\/revistapotencialhumano.com.mx\/revistadigital\/wp-content\/uploads\/2023\/09\/logo_ph_gris.png","contentUrl":"https:\/\/revistapotencialhumano.com.mx\/revistadigital\/wp-content\/uploads\/2023\/09\/logo_ph_gris.png","width":1920,"height":1080,"caption":"Revista Potencial Humano"},"image":{"@id":"https:\/\/revistapotencialhumano.com.mx\/revistadigital\/#\/schema\/logo\/image\/"},"sameAs":["https:\/\/open.spotify.com\/show\/2pIEFqnQDVKaEQzKkIOtQw?si=08622ad32ea742cb"]},{"@type":"Person","@id":"https:\/\/revistapotencialhumano.com.mx\/revistadigital\/#\/schema\/person\/c15a4d9b0bcd4a8160bd7018497e2a62","name":"Cesar Aldana","image":{"@type":"ImageObject","inLanguage":"es","@id":"https:\/\/secure.gravatar.com\/avatar\/450d0f79afa319363394649e6db54defdeb1e27cdb703b1b90293cd7b11ed3f5?s=96&d=mm&r=g","url":"https:\/\/secure.gravatar.com\/avatar\/450d0f79afa319363394649e6db54defdeb1e27cdb703b1b90293cd7b11ed3f5?s=96&d=mm&r=g","contentUrl":"https:\/\/secure.gravatar.com\/avatar\/450d0f79afa319363394649e6db54defdeb1e27cdb703b1b90293cd7b11ed3f5?s=96&d=mm&r=g","caption":"Cesar Aldana"},"url":"https:\/\/revistapotencialhumano.com.mx\/revistadigital\/author\/cesar\/"}]}},"jetpack_featured_media_url":"https:\/\/revistapotencialhumano.com.mx\/revistadigital\/wp-content\/uploads\/2026\/01\/JAVIER-JARAMILLO_1-1.png","jetpack_sharing_enabled":true,"_links":{"self":[{"href":"https:\/\/revistapotencialhumano.com.mx\/revistadigital\/wp-json\/wp\/v2\/posts\/3401","targetHints":{"allow":["GET"]}}],"collection":[{"href":"https:\/\/revistapotencialhumano.com.mx\/revistadigital\/wp-json\/wp\/v2\/posts"}],"about":[{"href":"https:\/\/revistapotencialhumano.com.mx\/revistadigital\/wp-json\/wp\/v2\/types\/post"}],"author":[{"embeddable":true,"href":"https:\/\/revistapotencialhumano.com.mx\/revistadigital\/wp-json\/wp\/v2\/users\/3"}],"replies":[{"embeddable":true,"href":"https:\/\/revistapotencialhumano.com.mx\/revistadigital\/wp-json\/wp\/v2\/comments?post=3401"}],"version-history":[{"count":2,"href":"https:\/\/revistapotencialhumano.com.mx\/revistadigital\/wp-json\/wp\/v2\/posts\/3401\/revisions"}],"predecessor-version":[{"id":3409,"href":"https:\/\/revistapotencialhumano.com.mx\/revistadigital\/wp-json\/wp\/v2\/posts\/3401\/revisions\/3409"}],"wp:featuredmedia":[{"embeddable":true,"href":"https:\/\/revistapotencialhumano.com.mx\/revistadigital\/wp-json\/wp\/v2\/media\/3406"}],"wp:attachment":[{"href":"https:\/\/revistapotencialhumano.com.mx\/revistadigital\/wp-json\/wp\/v2\/media?parent=3401"}],"wp:term":[{"taxonomy":"category","embeddable":true,"href":"https:\/\/revistapotencialhumano.com.mx\/revistadigital\/wp-json\/wp\/v2\/categories?post=3401"},{"taxonomy":"post_tag","embeddable":true,"href":"https:\/\/revistapotencialhumano.com.mx\/revistadigital\/wp-json\/wp\/v2\/tags?post=3401"}],"curies":[{"name":"wp","href":"https:\/\/api.w.org\/{rel}","templated":true}]}}