{"id":3457,"date":"2026-01-30T19:35:13","date_gmt":"2026-01-30T19:35:13","guid":{"rendered":"https:\/\/revistapotencialhumano.com.mx\/revistadigital\/?p=3457"},"modified":"2026-01-30T19:35:15","modified_gmt":"2026-01-30T19:35:15","slug":"liderar-con-vision-finamo-y-el-financiamiento-que-impulsa-a-las-empresas-mexicanas","status":"publish","type":"post","link":"https:\/\/revistapotencialhumano.com.mx\/revistadigital\/liderar-con-vision-finamo-y-el-financiamiento-que-impulsa-a-las-empresas-mexicanas\/","title":{"rendered":"Liderar con visi\u00f3n: F\u00cdNAMO y el financiamiento que impulsa a las empresas mexicanas"},"content":{"rendered":"\n<p><strong><em>Entrevista con Alfonso Vega, director general de F\u00cdNAMO, y Eduardo Mart\u00ednez, director de Arrendadora F\u00cdNAMO<\/em><\/strong><\/p>\n\n\n\n<p><strong>Hablar de finanzas, cuando se hace desde la comprensi\u00f3n del negocio y de las personas, cobra un sentido distinto. En F\u00cdNAMO, esa mirada se traduce en acompa\u00f1amiento, cercan\u00eda y decisiones que buscan generar crecimiento real. Alfonso Vega, Director General<\/strong>, y <strong>Eduardo Mart\u00ednez, Director de Arrendadora<\/strong>,<strong> lideran esta visi\u00f3n con la convicci\u00f3n de que detr\u00e1s de cada empresa hay historias, equipos y proyectos que merecen ser entendidos antes de ser financiados. Con una perspectiva de largo plazo y un enfoque profundamente humano, comparten c\u00f3mo F\u00cdNAMO se ha convertido en un aliado estrat\u00e9gico para el empresariado mexicano. Bienvenidos a esta conversaci\u00f3n.<\/strong><\/p>\n\n\n\n<figure class=\"wp-block-image size-large\"><img fetchpriority=\"high\" decoding=\"async\" width=\"1024\" height=\"538\" src=\"https:\/\/revistapotencialhumano.com.mx\/revistadigital\/wp-content\/uploads\/2026\/01\/FINAMO_3-1024x538.png\" alt=\"\" class=\"wp-image-3458\" srcset=\"https:\/\/revistapotencialhumano.com.mx\/revistadigital\/wp-content\/uploads\/2026\/01\/FINAMO_3-1024x538.png 1024w, https:\/\/revistapotencialhumano.com.mx\/revistadigital\/wp-content\/uploads\/2026\/01\/FINAMO_3-300x158.png 300w, https:\/\/revistapotencialhumano.com.mx\/revistadigital\/wp-content\/uploads\/2026\/01\/FINAMO_3-768x403.png 768w, https:\/\/revistapotencialhumano.com.mx\/revistadigital\/wp-content\/uploads\/2026\/01\/FINAMO_3.png 1200w\" sizes=\"(max-width: 1024px) 100vw, 1024px\" \/><\/figure>\n\n\n\n<p class=\"has-text-color has-link-color wp-elements-ca5a4a8a69d7a193238ec34f75c52b81\" style=\"color:#3f6185\"><strong>Me gustar\u00eda iniciar platicando de la apertura de las nuevas oficinas de F\u00cdNAMO en Polanco. \u00bfQu\u00e9 representa esta expansi\u00f3n en el contexto econ\u00f3mico y empresarial que vive M\u00e9xico?<\/strong><\/p>\n\n\n\n<p><strong>Alfonso Vega \u2013 Director General<\/strong><br>Polanco representa mucho m\u00e1s que una ubicaci\u00f3n estrat\u00e9gica. Es una se\u00f1al clara de confianza en M\u00e9xico, en su empresariado y en el potencial de crecimiento que a\u00fan existe, incluso en un entorno retador. Vivimos un momento complejo, pero tambi\u00e9n profundamente interesante para las empresas que saben adaptarse, innovar y tomar decisiones oportunas. Estar en Polanco nos acerca a tomadores de decisi\u00f3n nacionales, a corporativos y a proyectos que hoy est\u00e1n redefiniendo el rumbo econ\u00f3mico del pa\u00eds.<\/p>\n\n\n\n<p><strong>Eduardo Mart\u00ednez \u2013 Director de Arrendadora<\/strong><br>Esta cercan\u00eda nos permite reforzar el compromiso que tenemos con las empresas mexicanas. La expansi\u00f3n responde directamente a una mayor demanda por soluciones financieras innovadoras, m\u00e1s flexibles y dise\u00f1adas desde la l\u00f3gica del negocio. Queremos estar donde se toman decisiones clave y acompa\u00f1ar de cerca a las empresas en sus planes de crecimiento.<\/p>\n\n\n\n<p class=\"has-text-color has-link-color wp-elements-a64831d77cff78109196efecbe3f13b2\" style=\"color:#3f6185\"><strong>En un entorno marcado por la incertidumbre global, \u00bfcu\u00e1l consideran que es hoy el papel de una instituci\u00f3n financiera como F\u00cdNAMO para las empresas mexicanas?<\/strong><\/p>\n\n\n\n<p><strong>Alfonso Vega \u2013 Director General<\/strong><br>Hoy, m\u00e1s que nunca, el papel de una instituci\u00f3n financiera va mucho m\u00e1s all\u00e1 de otorgar cr\u00e9dito. Se trata de aportar claridad, estructura y visi\u00f3n estrat\u00e9gica. En contextos de incertidumbre, las empresas necesitan aliados que entiendan su negocio, que ayuden a construir escenarios y que acompa\u00f1en la toma de decisiones financieras con impacto real en su crecimiento.<\/p>\n\n\n\n<p><strong>Eduardo Mart\u00ednez \u2013 Director de Arrendadora<\/strong><br>Las empresas no solo buscan capital; buscan tranquilidad. Quieren saber que cuentan con un aliado que responde con rapidez, que es flexible pero tambi\u00e9n responsable. Nuestro rol es convertir la incertidumbre en oportunidades bien estructuradas y correctamente financiadas.<\/p>\n\n\n\n<p class=\"has-text-color has-link-color wp-elements-0ad62e5452a0b04cec3a3a8be5cef6e3\" style=\"color:#3f6185\"><strong>F\u00cdNAMO suele hablar de entender el negocio antes de financiarlo. \u00bfC\u00f3mo se traduce esta filosof\u00eda en su modelo de operaci\u00f3n y toma de decisiones?<\/strong><\/p>\n\n\n\n<p><strong>Eduardo Mart\u00ednez \u2013 Director de Arrendadora<\/strong><br>Se traduce en conversaciones reales y profundas. Antes de hablar de montos o plazos, hablamos del modelo de negocio, del flujo, del activo, del sector y del momento que vive la empresa. Entender el \u201cpara qu\u00e9\u201d del financiamiento cambia por completo la calidad de la decisi\u00f3n.<\/p>\n\n\n\n<p><strong>Alfonso Vega \u2013 Director General<\/strong><br>Esto nos permite dise\u00f1ar soluciones a la medida y no productos gen\u00e9ricos. Financiamos proyectos que comprendemos a fondo, y eso reduce riesgos, fortalece relaciones de largo plazo y genera crecimiento sostenible tanto para nuestros clientes como para F\u00cdNAMO.<\/p>\n\n\n\n<figure class=\"wp-block-image size-large\"><img decoding=\"async\" width=\"1024\" height=\"538\" src=\"https:\/\/revistapotencialhumano.com.mx\/revistadigital\/wp-content\/uploads\/2026\/01\/FINAMO_2-1024x538.png\" alt=\"\" class=\"wp-image-3459\" srcset=\"https:\/\/revistapotencialhumano.com.mx\/revistadigital\/wp-content\/uploads\/2026\/01\/FINAMO_2-1024x538.png 1024w, https:\/\/revistapotencialhumano.com.mx\/revistadigital\/wp-content\/uploads\/2026\/01\/FINAMO_2-300x158.png 300w, https:\/\/revistapotencialhumano.com.mx\/revistadigital\/wp-content\/uploads\/2026\/01\/FINAMO_2-768x403.png 768w, https:\/\/revistapotencialhumano.com.mx\/revistadigital\/wp-content\/uploads\/2026\/01\/FINAMO_2.png 1200w\" sizes=\"(max-width: 1024px) 100vw, 1024px\" \/><\/figure>\n\n\n\n<p class=\"has-text-color has-link-color wp-elements-e93ffc8891d6fb1dd6c8ff5e246bfab7\" style=\"color:#3f6185\"><strong>El cr\u00e9dito empresarial y el arrendamiento puro son ejes centrales de su propuesta. \u00bfPor qu\u00e9 estas herramientas siguen siendo estrat\u00e9gicas para el crecimiento de las empresas?<\/strong><\/p>\n\n\n\n<p><strong>Alfonso Vega \u2013 Director General<\/strong><br>Porque permiten crecer sin frenar la operaci\u00f3n. Un cr\u00e9dito bien estructurado o un esquema de arrendamiento puro libera flujo, optimiza el balance y acompa\u00f1a adecuadamente la operaci\u00f3n diaria del negocio, sin comprometer su estabilidad financiera.<\/p>\n\n\n\n<p><strong>Eduardo Mart\u00ednez \u2013 Director de Arrendadora<\/strong><br>Las empresas que crecen de forma sana entienden que no es necesario inmovilizar capital. Estas herramientas permiten invertir en activos productivos, tecnolog\u00eda o infraestructura sin sacrificar liquidez, lo cual es clave para mantener competitividad.<\/p>\n\n\n\n<p class=\"has-text-color has-link-color wp-elements-80e6ad0f85c71bf57463aed0aa68c2c6\" style=\"color:#3f6185\"><strong>Desde su experiencia, \u00bfqu\u00e9 ventajas competitivas ofrece el arrendamiento puro frente a otros esquemas tradicionales?<\/strong><\/p>\n\n\n\n<p><strong>Eduardo Mart\u00ednez \u2013 Director de Arrendadora<\/strong><br>Flexibilidad, eficiencia fiscal, acceso a tecnolog\u00eda de vanguardia y enfoque total en la operaci\u00f3n. El arrendamiento puro permite usar activos sin necesidad de comprarlos, deducirlos correctamente, mantener liquidez y aprovechar oportunidades de mercado con mayor rapidez.<\/p>\n\n\n\n<p>Es una herramienta probada, adaptable a distintos sectores y tama\u00f1os de empresa, y que hoy cobra a\u00fan m\u00e1s relevancia en un entorno cambiante.<\/p>\n\n\n\n<p class=\"has-text-color has-link-color wp-elements-60465684d547a65f6157ab33211295eb\" style=\"color:#3f6185\"><strong>Formar parte de Talipot, el family office de Agust\u00edn Coppel, aporta una visi\u00f3n de largo plazo. \u00bfC\u00f3mo influye este respaldo en la estrategia y cultura de F\u00cdNAMO?<\/strong><\/p>\n\n\n\n<p><strong>Alfonso Vega \u2013 Director General<\/strong><br>Influye de manera profunda. Nos permite pensar en el largo plazo, construir con paciencia, disciplina y un enfoque empresarial muy claro. No buscamos crecer por volumen, sino por calidad.<br>Este respaldo tambi\u00e9n permea en nuestra cultura interna: hacer las cosas bien, cuidar las relaciones y pensar en d\u00e9cadas, no en trimestres. Nos exige m\u00e1s, nos da credibilidad y fortalece el valor de nuestra marca.<\/p>\n\n\n\n<figure class=\"wp-block-image size-large\"><img decoding=\"async\" width=\"1024\" height=\"538\" src=\"https:\/\/revistapotencialhumano.com.mx\/revistadigital\/wp-content\/uploads\/2026\/01\/FINAMO_1-1024x538.png\" alt=\"\" class=\"wp-image-3460\" srcset=\"https:\/\/revistapotencialhumano.com.mx\/revistadigital\/wp-content\/uploads\/2026\/01\/FINAMO_1-1024x538.png 1024w, https:\/\/revistapotencialhumano.com.mx\/revistadigital\/wp-content\/uploads\/2026\/01\/FINAMO_1-300x158.png 300w, https:\/\/revistapotencialhumano.com.mx\/revistadigital\/wp-content\/uploads\/2026\/01\/FINAMO_1-768x403.png 768w, https:\/\/revistapotencialhumano.com.mx\/revistadigital\/wp-content\/uploads\/2026\/01\/FINAMO_1.png 1200w\" sizes=\"(max-width: 1024px) 100vw, 1024px\" \/><\/figure>\n\n\n\n<p class=\"has-text-color has-link-color wp-elements-d8227aa724e9b41410860457eab7f538\" style=\"color:#3f6185\"><strong>M\u00e1s de 800 empresas han sido impulsadas por F\u00cdNAMO. \u00bfQu\u00e9 aprendizajes les ha dejado acompa\u00f1ar a organizaciones en distintas etapas de crecimiento?<\/strong><\/p>\n\n\n\n<p><strong>Alfonso Vega \u2013 Director General<\/strong><br>Que cada etapa requiere una soluci\u00f3n distinta. No se financia igual a una empresa que inicia que a una que est\u00e1 consolidando operaciones o expandi\u00e9ndose a nivel nacional.<br>Tambi\u00e9n hemos aprendido que el crecimiento no es lineal. Acompa\u00f1amos momentos de expansi\u00f3n, pero tambi\u00e9n ajustes y reestructuras. Es ah\u00ed donde se construyen relaciones aut\u00e9nticas.<\/p>\n\n\n\n<p class=\"has-text-color has-link-color wp-elements-d7adc5f8fc3fe873e48464a4e0103eb2\" style=\"color:#3f6185\"><strong>\u00bfC\u00f3mo logra F\u00cdNAMO equilibrar agilidad en la toma de decisiones con responsabilidad y solidez financiera?<\/strong><\/p>\n\n\n\n<p><strong>Alfonso Vega \u2013 Director General<\/strong><br>Con procesos claros, informaci\u00f3n de calidad y equipos expertos. La agilidad no est\u00e1 peleada con la solidez cuando existe metodolog\u00eda y experiencia.<\/p>\n\n\n\n<p><strong>Eduardo Mart\u00ednez \u2013 Director de Arrendadora<\/strong><br>Tomamos decisiones r\u00e1pidas porque entendemos bien los negocios que financiamos. La velocidad nace del conocimiento, no de la improvisaci\u00f3n.<\/p>\n\n\n\n<p class=\"has-text-color has-link-color wp-elements-804c5f6f5ab8c884afb37d73b7a93709\" style=\"color:#3f6185\"><strong>Desde su perspectiva, \u00bfqu\u00e9 sectores productivos ser\u00e1n clave para el desarrollo econ\u00f3mico de M\u00e9xico en los pr\u00f3ximos a\u00f1os?<\/strong><\/p>\n\n\n\n<p><strong>Eduardo Mart\u00ednez \u2013 Director de Arrendadora<\/strong><br>Log\u00edstica, transporte, infraestructura, salud, turismo especializado y manufactura avanzada seguir\u00e1n siendo motores fundamentales del crecimiento.<\/p>\n\n\n\n<p><strong>Alfonso Vega \u2013 Director General<\/strong><br>Tambi\u00e9n vemos un enorme potencial en empresas que integran tecnolog\u00eda, eficiencia energ\u00e9tica y modelos de negocio m\u00e1s sostenibles. M\u00e9xico tiene talento, mercado y capacidad para avanzar en esa direcci\u00f3n.<\/p>\n\n\n\n<figure class=\"wp-block-image alignfull size-large\"><img loading=\"lazy\" decoding=\"async\" width=\"747\" height=\"1024\" src=\"https:\/\/revistapotencialhumano.com.mx\/revistadigital\/wp-content\/uploads\/2026\/01\/FINAMO_5-747x1024.png\" alt=\"\" class=\"wp-image-3461\" srcset=\"https:\/\/revistapotencialhumano.com.mx\/revistadigital\/wp-content\/uploads\/2026\/01\/FINAMO_5-747x1024.png 747w, https:\/\/revistapotencialhumano.com.mx\/revistadigital\/wp-content\/uploads\/2026\/01\/FINAMO_5-219x300.png 219w, https:\/\/revistapotencialhumano.com.mx\/revistadigital\/wp-content\/uploads\/2026\/01\/FINAMO_5-768x1052.png 768w, https:\/\/revistapotencialhumano.com.mx\/revistadigital\/wp-content\/uploads\/2026\/01\/FINAMO_5.png 1000w\" sizes=\"(max-width: 747px) 100vw, 747px\" \/><\/figure>\n\n\n\n<p class=\"has-text-color has-link-color wp-elements-f3d8ca64c782c4ae3b682bffff097923\" style=\"color:#3f6185\"><strong>\u00bfQu\u00e9 distingue hoy a F\u00cdNAMO dentro del sistema financiero mexicano y cu\u00e1l es su principal propuesta de valor para el empresariado?<\/strong><\/p>\n\n\n\n<p><strong>Alfonso Vega \u2013 Director General<\/strong><br>Nos distingue la cercan\u00eda real con el empresario. No operamos desde el escritorio, sino desde el entendimiento profundo del negocio. Sabemos que un acompa\u00f1amiento puntual y personalizado puede marcar la diferencia entre aprovechar o perder una oportunidad de crecimiento.<\/p>\n\n\n\n<p><strong>Eduardo Mart\u00ednez \u2013 Director de Arrendadora<\/strong><br>Nuestra propuesta es clara: soluciones financieras inteligentes, flexibles, oportunas y alineadas al crecimiento real de las empresas.<\/p>\n\n\n\n<p class=\"has-text-color has-link-color wp-elements-14d9f1dfc43ebdf48ab5f9e9ec93721b\" style=\"color:#3f6185\"><strong>En lo personal, \u00bfqu\u00e9 los motiva a liderar una instituci\u00f3n financiera en un entorno tan exigente y cambiante?<\/strong><\/p>\n\n\n\n<p><strong>Eduardo Mart\u00ednez \u2013 Director de Arrendadora<\/strong><br>La posibilidad de ver c\u00f3mo una buena decisi\u00f3n financiera transforma empresas, equipos y proyectos.<\/p>\n\n\n\n<p><strong>Alfonso Vega \u2013 Director General<\/strong><br>Construir algo que trascienda y tenga un impacto positivo en el desarrollo empresarial del pa\u00eds. Existe una gran responsabilidad en ser respaldo de las empresas que mueven la productividad, el empleo y el crecimiento de M\u00e9xico.<\/p>\n\n\n\n<p class=\"has-text-color has-link-color wp-elements-f29059e4b27f3ebc4c9d501640d3de7e\" style=\"color:#3f6185\"><strong>Si tuvieran que definir el futuro de F\u00cdNAMO en una sola idea, \u00bfcu\u00e1l ser\u00eda y por qu\u00e9?<\/strong><\/p>\n\n\n\n<p><strong>Alfonso Vega \u2013 Director General<\/strong><br>Ser el aliado financiero preferente de las empresas mexicanas, con una visi\u00f3n clara de largo plazo.<\/p>\n\n\n\n<p><strong>Eduardo Mart\u00ednez \u2013 Director de Arrendadora<\/strong><br>Crecimiento inteligente, sostenible y profundamente humano. Porque, al final, los negocios los hacen las personas.<\/p>\n\n\n\n<figure class=\"wp-block-image alignfull size-large\"><img loading=\"lazy\" decoding=\"async\" width=\"747\" height=\"1024\" src=\"https:\/\/revistapotencialhumano.com.mx\/revistadigital\/wp-content\/uploads\/2026\/01\/FINAMO_6-747x1024.png\" alt=\"\" class=\"wp-image-3462\" srcset=\"https:\/\/revistapotencialhumano.com.mx\/revistadigital\/wp-content\/uploads\/2026\/01\/FINAMO_6-747x1024.png 747w, https:\/\/revistapotencialhumano.com.mx\/revistadigital\/wp-content\/uploads\/2026\/01\/FINAMO_6-219x300.png 219w, https:\/\/revistapotencialhumano.com.mx\/revistadigital\/wp-content\/uploads\/2026\/01\/FINAMO_6-768x1052.png 768w, https:\/\/revistapotencialhumano.com.mx\/revistadigital\/wp-content\/uploads\/2026\/01\/FINAMO_6.png 1000w\" sizes=\"(max-width: 747px) 100vw, 747px\" \/><\/figure>\n\n\n\n<p class=\"has-text-color has-link-color wp-elements-f7d14accc29d05de5808caa2fa0acbe2\" style=\"color:#3f6185\"><strong>Conversar con Alfonso Vega y Eduardo Mart\u00ednez confirma que hoy las finanzas pueden y deben pensarse desde un lugar m\u00e1s humano. En un entorno que exige decisiones r\u00e1pidas y estrat\u00e9gicas, encontrar instituciones que escuchen, comprendan y acompa\u00f1en al empresario marca una diferencia real. Agradezco a F\u00cdNAMO la apertura para compartir su visi\u00f3n y su experiencia, que sin duda aportan valor a quienes hoy impulsan el crecimiento de M\u00e9xico.<\/strong><\/p>\n\n\n\n<p><strong>Alfonso Vega \u2013 Director General<\/strong><br>Agradecemos el espacio y la conversaci\u00f3n. Creemos firmemente que el crecimiento empresarial se construye con decisiones bien pensadas, relaciones s\u00f3lidas y una visi\u00f3n de largo plazo. Seguiremos trabajando para ser un respaldo real para las empresas mexicanas.<\/p>\n\n\n\n<p><strong>Eduardo Mart\u00ednez \u2013 Director de Arrendadora<\/strong><br>Gracias por abrir este di\u00e1logo. Para nosotros, acompa\u00f1ar a las empresas es entenderlas, caminar con ellas y ayudarles a convertir sus proyectos en realidades sostenibles. Esa es la esencia de F\u00cdNAMO.<\/p>\n\n\n\n<figure class=\"wp-block-image alignfull size-large\"><img loading=\"lazy\" decoding=\"async\" width=\"747\" height=\"1024\" src=\"https:\/\/revistapotencialhumano.com.mx\/revistadigital\/wp-content\/uploads\/2026\/01\/FINAMO_4-747x1024.png\" alt=\"\" class=\"wp-image-3463\" srcset=\"https:\/\/revistapotencialhumano.com.mx\/revistadigital\/wp-content\/uploads\/2026\/01\/FINAMO_4-747x1024.png 747w, https:\/\/revistapotencialhumano.com.mx\/revistadigital\/wp-content\/uploads\/2026\/01\/FINAMO_4-219x300.png 219w, https:\/\/revistapotencialhumano.com.mx\/revistadigital\/wp-content\/uploads\/2026\/01\/FINAMO_4-768x1052.png 768w, https:\/\/revistapotencialhumano.com.mx\/revistadigital\/wp-content\/uploads\/2026\/01\/FINAMO_4.png 1000w\" sizes=\"(max-width: 747px) 100vw, 747px\" \/><\/figure>\n\n\n\n<p><\/p>\n","protected":false},"excerpt":{"rendered":"<p>F\u00cdNAMO se ha convertido en un aliado estrat\u00e9gico para el empresariado mexicano.<\/p>\n","protected":false},"author":3,"featured_media":3462,"comment_status":"open","ping_status":"open","sticky":false,"template":"","format":"standard","meta":{"_monsterinsights_skip_tracking":false,"_monsterinsights_sitenote_active":false,"_monsterinsights_sitenote_note":"","_monsterinsights_sitenote_category":0,"site-sidebar-layout":"default","site-content-layout":"","ast-site-content-layout":"default","site-content-style":"default","site-sidebar-style":"default","ast-global-header-display":"","ast-banner-title-visibility":"","ast-main-header-display":"","ast-hfb-above-header-display":"","ast-hfb-below-header-display":"","ast-hfb-mobile-header-display":"","site-post-title":"","ast-breadcrumbs-content":"","ast-featured-img":"","footer-sml-layout":"","theme-transparent-header-meta":"","adv-header-id-meta":"","stick-header-meta":"","header-above-stick-meta":"","header-main-stick-meta":"","header-below-stick-meta":"","astra-migrate-meta-layouts":"set","ast-page-background-enabled":"default","ast-page-background-meta":{"desktop":{"background-color":"","background-image":"","background-repeat":"repeat","background-position":"center center","background-size":"auto","background-attachment":"scroll","background-type":"","background-media":"","overlay-type":"","overlay-color":"","overlay-opacity":"","overlay-gradient":""},"tablet":{"background-color":"","background-image":"","background-repeat":"repeat","background-position":"center center","background-size":"auto","background-attachment":"scroll","background-type":"","background-media":"","overlay-type":"","overlay-color":"","overlay-opacity":"","overlay-gradient":""},"mobile":{"background-color":"","background-image":"","background-repeat":"repeat","background-position":"center center","background-size":"auto","background-attachment":"scroll","background-type":"","background-media":"","overlay-type":"","overlay-color":"","overlay-opacity":"","overlay-gradient":""}},"ast-content-background-meta":{"desktop":{"background-color":"var(--ast-global-color-5)","background-image":"","background-repeat":"repeat","background-position":"center center","background-size":"auto","background-attachment":"scroll","background-type":"","background-media":"","overlay-type":"","overlay-color":"","overlay-opacity":"","overlay-gradient":""},"tablet":{"background-color":"var(--ast-global-color-5)","background-image":"","background-repeat":"repeat","background-position":"center center","background-size":"auto","background-attachment":"scroll","background-type":"","background-media":"","overlay-type":"","overlay-color":"","overlay-opacity":"","overlay-gradient":""},"mobile":{"background-color":"var(--ast-global-color-5)","background-image":"","background-repeat":"repeat","background-position":"center center","background-size":"auto","background-attachment":"scroll","background-type":"","background-media":"","overlay-type":"","overlay-color":"","overlay-opacity":"","overlay-gradient":""}},"_jetpack_memberships_contains_paid_content":false,"footnotes":""},"categories":[2],"tags":[32,27,33,25],"class_list":["post-3457","post","type-post","status-publish","format-standard","has-post-thumbnail","hentry","category-liderazgo","tag-articulo","tag-entrevistas","tag-liderazgo","tag-revista"],"yoast_head":"<!-- This site is optimized with the Yoast SEO plugin v27.4 - https:\/\/yoast.com\/product\/yoast-seo-wordpress\/ -->\n<title>Liderar con visi\u00f3n: F\u00cdNAMO y el financiamiento que impulsa a las empresas mexicanas - Potencial Humano<\/title>\n<meta name=\"description\" content=\"F\u00cdNAMO se ha convertido en un aliado estrat\u00e9gico para el empresariado mexicano.\" \/>\n<meta name=\"robots\" content=\"index, follow, max-snippet:-1, max-image-preview:large, max-video-preview:-1\" \/>\n<link rel=\"canonical\" href=\"https:\/\/revistapotencialhumano.com.mx\/revistadigital\/liderar-con-vision-finamo-y-el-financiamiento-que-impulsa-a-las-empresas-mexicanas\/\" \/>\n<meta property=\"og:locale\" content=\"es_ES\" \/>\n<meta property=\"og:type\" content=\"article\" \/>\n<meta property=\"og:title\" content=\"Liderar con visi\u00f3n: F\u00cdNAMO y el financiamiento que impulsa a las empresas mexicanas\" \/>\n<meta property=\"og:description\" content=\"F\u00cdNAMO se ha convertido en un aliado estrat\u00e9gico para el empresariado mexicano.\" \/>\n<meta property=\"og:url\" content=\"https:\/\/revistapotencialhumano.com.mx\/revistadigital\/liderar-con-vision-finamo-y-el-financiamiento-que-impulsa-a-las-empresas-mexicanas\/\" \/>\n<meta property=\"og:site_name\" content=\"Potencial Humano\" \/>\n<meta property=\"article:published_time\" content=\"2026-01-30T19:35:13+00:00\" \/>\n<meta property=\"article:modified_time\" content=\"2026-01-30T19:35:15+00:00\" \/>\n<meta property=\"og:image\" content=\"https:\/\/revistapotencialhumano.com.mx\/revistadigital\/wp-content\/uploads\/2026\/01\/FINAMO_3.png\" \/>\n\t<meta property=\"og:image:width\" content=\"1200\" \/>\n\t<meta property=\"og:image:height\" content=\"630\" \/>\n\t<meta property=\"og:image:type\" content=\"image\/png\" \/>\n<meta name=\"author\" content=\"Cesar Aldana\" \/>\n<meta name=\"twitter:card\" content=\"summary_large_image\" \/>\n<meta name=\"twitter:label1\" content=\"Written by\" \/>\n\t<meta name=\"twitter:data1\" content=\"Cesar Aldana\" \/>\n\t<meta name=\"twitter:label2\" content=\"Est. reading time\" \/>\n\t<meta name=\"twitter:data2\" content=\"8 minutos\" \/>\n<script type=\"application\/ld+json\" class=\"yoast-schema-graph\">{\"@context\":\"https:\\\/\\\/schema.org\",\"@graph\":[{\"@type\":\"Article\",\"@id\":\"https:\\\/\\\/revistapotencialhumano.com.mx\\\/revistadigital\\\/liderar-con-vision-finamo-y-el-financiamiento-que-impulsa-a-las-empresas-mexicanas\\\/#article\",\"isPartOf\":{\"@id\":\"https:\\\/\\\/revistapotencialhumano.com.mx\\\/revistadigital\\\/liderar-con-vision-finamo-y-el-financiamiento-que-impulsa-a-las-empresas-mexicanas\\\/\"},\"author\":{\"name\":\"Cesar Aldana\",\"@id\":\"https:\\\/\\\/revistapotencialhumano.com.mx\\\/revistadigital\\\/#\\\/schema\\\/person\\\/c15a4d9b0bcd4a8160bd7018497e2a62\"},\"headline\":\"Liderar con visi\u00f3n: F\u00cdNAMO y el financiamiento que impulsa a las empresas mexicanas\",\"datePublished\":\"2026-01-30T19:35:13+00:00\",\"dateModified\":\"2026-01-30T19:35:15+00:00\",\"mainEntityOfPage\":{\"@id\":\"https:\\\/\\\/revistapotencialhumano.com.mx\\\/revistadigital\\\/liderar-con-vision-finamo-y-el-financiamiento-que-impulsa-a-las-empresas-mexicanas\\\/\"},\"wordCount\":1540,\"commentCount\":0,\"publisher\":{\"@id\":\"https:\\\/\\\/revistapotencialhumano.com.mx\\\/revistadigital\\\/#organization\"},\"image\":{\"@id\":\"https:\\\/\\\/revistapotencialhumano.com.mx\\\/revistadigital\\\/liderar-con-vision-finamo-y-el-financiamiento-que-impulsa-a-las-empresas-mexicanas\\\/#primaryimage\"},\"thumbnailUrl\":\"https:\\\/\\\/revistapotencialhumano.com.mx\\\/revistadigital\\\/wp-content\\\/uploads\\\/2026\\\/01\\\/FINAMO_6.png\",\"keywords\":[\"articulo\",\"entrevistas\",\"liderazgo\",\"revista\"],\"articleSection\":[\"Liderazgo\"],\"inLanguage\":\"es\",\"potentialAction\":[{\"@type\":\"CommentAction\",\"name\":\"Comment\",\"target\":[\"https:\\\/\\\/revistapotencialhumano.com.mx\\\/revistadigital\\\/liderar-con-vision-finamo-y-el-financiamiento-que-impulsa-a-las-empresas-mexicanas\\\/#respond\"]}]},{\"@type\":\"WebPage\",\"@id\":\"https:\\\/\\\/revistapotencialhumano.com.mx\\\/revistadigital\\\/liderar-con-vision-finamo-y-el-financiamiento-que-impulsa-a-las-empresas-mexicanas\\\/\",\"url\":\"https:\\\/\\\/revistapotencialhumano.com.mx\\\/revistadigital\\\/liderar-con-vision-finamo-y-el-financiamiento-que-impulsa-a-las-empresas-mexicanas\\\/\",\"name\":\"Liderar con visi\u00f3n: F\u00cdNAMO y el financiamiento que impulsa a las empresas mexicanas - Potencial Humano\",\"isPartOf\":{\"@id\":\"https:\\\/\\\/revistapotencialhumano.com.mx\\\/revistadigital\\\/#website\"},\"primaryImageOfPage\":{\"@id\":\"https:\\\/\\\/revistapotencialhumano.com.mx\\\/revistadigital\\\/liderar-con-vision-finamo-y-el-financiamiento-que-impulsa-a-las-empresas-mexicanas\\\/#primaryimage\"},\"image\":{\"@id\":\"https:\\\/\\\/revistapotencialhumano.com.mx\\\/revistadigital\\\/liderar-con-vision-finamo-y-el-financiamiento-que-impulsa-a-las-empresas-mexicanas\\\/#primaryimage\"},\"thumbnailUrl\":\"https:\\\/\\\/revistapotencialhumano.com.mx\\\/revistadigital\\\/wp-content\\\/uploads\\\/2026\\\/01\\\/FINAMO_6.png\",\"datePublished\":\"2026-01-30T19:35:13+00:00\",\"dateModified\":\"2026-01-30T19:35:15+00:00\",\"description\":\"F\u00cdNAMO se ha convertido en un aliado estrat\u00e9gico para el empresariado mexicano.\",\"breadcrumb\":{\"@id\":\"https:\\\/\\\/revistapotencialhumano.com.mx\\\/revistadigital\\\/liderar-con-vision-finamo-y-el-financiamiento-que-impulsa-a-las-empresas-mexicanas\\\/#breadcrumb\"},\"inLanguage\":\"es\",\"potentialAction\":[{\"@type\":\"ReadAction\",\"target\":[\"https:\\\/\\\/revistapotencialhumano.com.mx\\\/revistadigital\\\/liderar-con-vision-finamo-y-el-financiamiento-que-impulsa-a-las-empresas-mexicanas\\\/\"]}]},{\"@type\":\"ImageObject\",\"inLanguage\":\"es\",\"@id\":\"https:\\\/\\\/revistapotencialhumano.com.mx\\\/revistadigital\\\/liderar-con-vision-finamo-y-el-financiamiento-que-impulsa-a-las-empresas-mexicanas\\\/#primaryimage\",\"url\":\"https:\\\/\\\/revistapotencialhumano.com.mx\\\/revistadigital\\\/wp-content\\\/uploads\\\/2026\\\/01\\\/FINAMO_6.png\",\"contentUrl\":\"https:\\\/\\\/revistapotencialhumano.com.mx\\\/revistadigital\\\/wp-content\\\/uploads\\\/2026\\\/01\\\/FINAMO_6.png\",\"width\":1000,\"height\":1370},{\"@type\":\"BreadcrumbList\",\"@id\":\"https:\\\/\\\/revistapotencialhumano.com.mx\\\/revistadigital\\\/liderar-con-vision-finamo-y-el-financiamiento-que-impulsa-a-las-empresas-mexicanas\\\/#breadcrumb\",\"itemListElement\":[{\"@type\":\"ListItem\",\"position\":1,\"name\":\"Home\",\"item\":\"https:\\\/\\\/revistapotencialhumano.com.mx\\\/revistadigital\\\/\"},{\"@type\":\"ListItem\",\"position\":2,\"name\":\"Liderar con visi\u00f3n: F\u00cdNAMO y el financiamiento que impulsa a las empresas mexicanas\"}]},{\"@type\":\"WebSite\",\"@id\":\"https:\\\/\\\/revistapotencialhumano.com.mx\\\/revistadigital\\\/#website\",\"url\":\"https:\\\/\\\/revistapotencialhumano.com.mx\\\/revistadigital\\\/\",\"name\":\"Revista Potencial Humano\",\"description\":\"Revista digital\",\"publisher\":{\"@id\":\"https:\\\/\\\/revistapotencialhumano.com.mx\\\/revistadigital\\\/#organization\"},\"potentialAction\":[{\"@type\":\"SearchAction\",\"target\":{\"@type\":\"EntryPoint\",\"urlTemplate\":\"https:\\\/\\\/revistapotencialhumano.com.mx\\\/revistadigital\\\/?s={search_term_string}\"},\"query-input\":{\"@type\":\"PropertyValueSpecification\",\"valueRequired\":true,\"valueName\":\"search_term_string\"}}],\"inLanguage\":\"es\"},{\"@type\":\"Organization\",\"@id\":\"https:\\\/\\\/revistapotencialhumano.com.mx\\\/revistadigital\\\/#organization\",\"name\":\"Revista Potencial Humano\",\"url\":\"https:\\\/\\\/revistapotencialhumano.com.mx\\\/revistadigital\\\/\",\"logo\":{\"@type\":\"ImageObject\",\"inLanguage\":\"es\",\"@id\":\"https:\\\/\\\/revistapotencialhumano.com.mx\\\/revistadigital\\\/#\\\/schema\\\/logo\\\/image\\\/\",\"url\":\"https:\\\/\\\/revistapotencialhumano.com.mx\\\/revistadigital\\\/wp-content\\\/uploads\\\/2023\\\/09\\\/logo_ph_gris.png\",\"contentUrl\":\"https:\\\/\\\/revistapotencialhumano.com.mx\\\/revistadigital\\\/wp-content\\\/uploads\\\/2023\\\/09\\\/logo_ph_gris.png\",\"width\":1920,\"height\":1080,\"caption\":\"Revista Potencial Humano\"},\"image\":{\"@id\":\"https:\\\/\\\/revistapotencialhumano.com.mx\\\/revistadigital\\\/#\\\/schema\\\/logo\\\/image\\\/\"},\"sameAs\":[\"https:\\\/\\\/open.spotify.com\\\/show\\\/2pIEFqnQDVKaEQzKkIOtQw?si=08622ad32ea742cb\"]},{\"@type\":\"Person\",\"@id\":\"https:\\\/\\\/revistapotencialhumano.com.mx\\\/revistadigital\\\/#\\\/schema\\\/person\\\/c15a4d9b0bcd4a8160bd7018497e2a62\",\"name\":\"Cesar Aldana\",\"image\":{\"@type\":\"ImageObject\",\"inLanguage\":\"es\",\"@id\":\"https:\\\/\\\/secure.gravatar.com\\\/avatar\\\/450d0f79afa319363394649e6db54defdeb1e27cdb703b1b90293cd7b11ed3f5?s=96&d=mm&r=g\",\"url\":\"https:\\\/\\\/secure.gravatar.com\\\/avatar\\\/450d0f79afa319363394649e6db54defdeb1e27cdb703b1b90293cd7b11ed3f5?s=96&d=mm&r=g\",\"contentUrl\":\"https:\\\/\\\/secure.gravatar.com\\\/avatar\\\/450d0f79afa319363394649e6db54defdeb1e27cdb703b1b90293cd7b11ed3f5?s=96&d=mm&r=g\",\"caption\":\"Cesar Aldana\"},\"url\":\"https:\\\/\\\/revistapotencialhumano.com.mx\\\/revistadigital\\\/author\\\/cesar\\\/\"}]}<\/script>\n<!-- \/ Yoast SEO plugin. -->","yoast_head_json":{"title":"Liderar con visi\u00f3n: F\u00cdNAMO y el financiamiento que impulsa a las empresas mexicanas - Potencial Humano","description":"F\u00cdNAMO se ha convertido en un aliado estrat\u00e9gico para el empresariado mexicano.","robots":{"index":"index","follow":"follow","max-snippet":"max-snippet:-1","max-image-preview":"max-image-preview:large","max-video-preview":"max-video-preview:-1"},"canonical":"https:\/\/revistapotencialhumano.com.mx\/revistadigital\/liderar-con-vision-finamo-y-el-financiamiento-que-impulsa-a-las-empresas-mexicanas\/","og_locale":"es_ES","og_type":"article","og_title":"Liderar con visi\u00f3n: F\u00cdNAMO y el financiamiento que impulsa a las empresas mexicanas","og_description":"F\u00cdNAMO se ha convertido en un aliado estrat\u00e9gico para el empresariado mexicano.","og_url":"https:\/\/revistapotencialhumano.com.mx\/revistadigital\/liderar-con-vision-finamo-y-el-financiamiento-que-impulsa-a-las-empresas-mexicanas\/","og_site_name":"Potencial Humano","article_published_time":"2026-01-30T19:35:13+00:00","article_modified_time":"2026-01-30T19:35:15+00:00","og_image":[{"width":1200,"height":630,"url":"https:\/\/revistapotencialhumano.com.mx\/revistadigital\/wp-content\/uploads\/2026\/01\/FINAMO_3.png","type":"image\/png"}],"author":"Cesar Aldana","twitter_card":"summary_large_image","twitter_misc":{"Written by":"Cesar Aldana","Est. reading time":"8 minutos"},"schema":{"@context":"https:\/\/schema.org","@graph":[{"@type":"Article","@id":"https:\/\/revistapotencialhumano.com.mx\/revistadigital\/liderar-con-vision-finamo-y-el-financiamiento-que-impulsa-a-las-empresas-mexicanas\/#article","isPartOf":{"@id":"https:\/\/revistapotencialhumano.com.mx\/revistadigital\/liderar-con-vision-finamo-y-el-financiamiento-que-impulsa-a-las-empresas-mexicanas\/"},"author":{"name":"Cesar Aldana","@id":"https:\/\/revistapotencialhumano.com.mx\/revistadigital\/#\/schema\/person\/c15a4d9b0bcd4a8160bd7018497e2a62"},"headline":"Liderar con visi\u00f3n: F\u00cdNAMO y el financiamiento que impulsa a las empresas mexicanas","datePublished":"2026-01-30T19:35:13+00:00","dateModified":"2026-01-30T19:35:15+00:00","mainEntityOfPage":{"@id":"https:\/\/revistapotencialhumano.com.mx\/revistadigital\/liderar-con-vision-finamo-y-el-financiamiento-que-impulsa-a-las-empresas-mexicanas\/"},"wordCount":1540,"commentCount":0,"publisher":{"@id":"https:\/\/revistapotencialhumano.com.mx\/revistadigital\/#organization"},"image":{"@id":"https:\/\/revistapotencialhumano.com.mx\/revistadigital\/liderar-con-vision-finamo-y-el-financiamiento-que-impulsa-a-las-empresas-mexicanas\/#primaryimage"},"thumbnailUrl":"https:\/\/revistapotencialhumano.com.mx\/revistadigital\/wp-content\/uploads\/2026\/01\/FINAMO_6.png","keywords":["articulo","entrevistas","liderazgo","revista"],"articleSection":["Liderazgo"],"inLanguage":"es","potentialAction":[{"@type":"CommentAction","name":"Comment","target":["https:\/\/revistapotencialhumano.com.mx\/revistadigital\/liderar-con-vision-finamo-y-el-financiamiento-que-impulsa-a-las-empresas-mexicanas\/#respond"]}]},{"@type":"WebPage","@id":"https:\/\/revistapotencialhumano.com.mx\/revistadigital\/liderar-con-vision-finamo-y-el-financiamiento-que-impulsa-a-las-empresas-mexicanas\/","url":"https:\/\/revistapotencialhumano.com.mx\/revistadigital\/liderar-con-vision-finamo-y-el-financiamiento-que-impulsa-a-las-empresas-mexicanas\/","name":"Liderar con visi\u00f3n: F\u00cdNAMO y el financiamiento que impulsa a las empresas mexicanas - Potencial Humano","isPartOf":{"@id":"https:\/\/revistapotencialhumano.com.mx\/revistadigital\/#website"},"primaryImageOfPage":{"@id":"https:\/\/revistapotencialhumano.com.mx\/revistadigital\/liderar-con-vision-finamo-y-el-financiamiento-que-impulsa-a-las-empresas-mexicanas\/#primaryimage"},"image":{"@id":"https:\/\/revistapotencialhumano.com.mx\/revistadigital\/liderar-con-vision-finamo-y-el-financiamiento-que-impulsa-a-las-empresas-mexicanas\/#primaryimage"},"thumbnailUrl":"https:\/\/revistapotencialhumano.com.mx\/revistadigital\/wp-content\/uploads\/2026\/01\/FINAMO_6.png","datePublished":"2026-01-30T19:35:13+00:00","dateModified":"2026-01-30T19:35:15+00:00","description":"F\u00cdNAMO se ha convertido en un aliado estrat\u00e9gico para el empresariado mexicano.","breadcrumb":{"@id":"https:\/\/revistapotencialhumano.com.mx\/revistadigital\/liderar-con-vision-finamo-y-el-financiamiento-que-impulsa-a-las-empresas-mexicanas\/#breadcrumb"},"inLanguage":"es","potentialAction":[{"@type":"ReadAction","target":["https:\/\/revistapotencialhumano.com.mx\/revistadigital\/liderar-con-vision-finamo-y-el-financiamiento-que-impulsa-a-las-empresas-mexicanas\/"]}]},{"@type":"ImageObject","inLanguage":"es","@id":"https:\/\/revistapotencialhumano.com.mx\/revistadigital\/liderar-con-vision-finamo-y-el-financiamiento-que-impulsa-a-las-empresas-mexicanas\/#primaryimage","url":"https:\/\/revistapotencialhumano.com.mx\/revistadigital\/wp-content\/uploads\/2026\/01\/FINAMO_6.png","contentUrl":"https:\/\/revistapotencialhumano.com.mx\/revistadigital\/wp-content\/uploads\/2026\/01\/FINAMO_6.png","width":1000,"height":1370},{"@type":"BreadcrumbList","@id":"https:\/\/revistapotencialhumano.com.mx\/revistadigital\/liderar-con-vision-finamo-y-el-financiamiento-que-impulsa-a-las-empresas-mexicanas\/#breadcrumb","itemListElement":[{"@type":"ListItem","position":1,"name":"Home","item":"https:\/\/revistapotencialhumano.com.mx\/revistadigital\/"},{"@type":"ListItem","position":2,"name":"Liderar con visi\u00f3n: F\u00cdNAMO y el financiamiento que impulsa a las empresas mexicanas"}]},{"@type":"WebSite","@id":"https:\/\/revistapotencialhumano.com.mx\/revistadigital\/#website","url":"https:\/\/revistapotencialhumano.com.mx\/revistadigital\/","name":"Revista Potencial Humano","description":"Revista digital","publisher":{"@id":"https:\/\/revistapotencialhumano.com.mx\/revistadigital\/#organization"},"potentialAction":[{"@type":"SearchAction","target":{"@type":"EntryPoint","urlTemplate":"https:\/\/revistapotencialhumano.com.mx\/revistadigital\/?s={search_term_string}"},"query-input":{"@type":"PropertyValueSpecification","valueRequired":true,"valueName":"search_term_string"}}],"inLanguage":"es"},{"@type":"Organization","@id":"https:\/\/revistapotencialhumano.com.mx\/revistadigital\/#organization","name":"Revista Potencial Humano","url":"https:\/\/revistapotencialhumano.com.mx\/revistadigital\/","logo":{"@type":"ImageObject","inLanguage":"es","@id":"https:\/\/revistapotencialhumano.com.mx\/revistadigital\/#\/schema\/logo\/image\/","url":"https:\/\/revistapotencialhumano.com.mx\/revistadigital\/wp-content\/uploads\/2023\/09\/logo_ph_gris.png","contentUrl":"https:\/\/revistapotencialhumano.com.mx\/revistadigital\/wp-content\/uploads\/2023\/09\/logo_ph_gris.png","width":1920,"height":1080,"caption":"Revista Potencial Humano"},"image":{"@id":"https:\/\/revistapotencialhumano.com.mx\/revistadigital\/#\/schema\/logo\/image\/"},"sameAs":["https:\/\/open.spotify.com\/show\/2pIEFqnQDVKaEQzKkIOtQw?si=08622ad32ea742cb"]},{"@type":"Person","@id":"https:\/\/revistapotencialhumano.com.mx\/revistadigital\/#\/schema\/person\/c15a4d9b0bcd4a8160bd7018497e2a62","name":"Cesar Aldana","image":{"@type":"ImageObject","inLanguage":"es","@id":"https:\/\/secure.gravatar.com\/avatar\/450d0f79afa319363394649e6db54defdeb1e27cdb703b1b90293cd7b11ed3f5?s=96&d=mm&r=g","url":"https:\/\/secure.gravatar.com\/avatar\/450d0f79afa319363394649e6db54defdeb1e27cdb703b1b90293cd7b11ed3f5?s=96&d=mm&r=g","contentUrl":"https:\/\/secure.gravatar.com\/avatar\/450d0f79afa319363394649e6db54defdeb1e27cdb703b1b90293cd7b11ed3f5?s=96&d=mm&r=g","caption":"Cesar Aldana"},"url":"https:\/\/revistapotencialhumano.com.mx\/revistadigital\/author\/cesar\/"}]}},"jetpack_featured_media_url":"https:\/\/revistapotencialhumano.com.mx\/revistadigital\/wp-content\/uploads\/2026\/01\/FINAMO_6.png","jetpack_sharing_enabled":true,"_links":{"self":[{"href":"https:\/\/revistapotencialhumano.com.mx\/revistadigital\/wp-json\/wp\/v2\/posts\/3457","targetHints":{"allow":["GET"]}}],"collection":[{"href":"https:\/\/revistapotencialhumano.com.mx\/revistadigital\/wp-json\/wp\/v2\/posts"}],"about":[{"href":"https:\/\/revistapotencialhumano.com.mx\/revistadigital\/wp-json\/wp\/v2\/types\/post"}],"author":[{"embeddable":true,"href":"https:\/\/revistapotencialhumano.com.mx\/revistadigital\/wp-json\/wp\/v2\/users\/3"}],"replies":[{"embeddable":true,"href":"https:\/\/revistapotencialhumano.com.mx\/revistadigital\/wp-json\/wp\/v2\/comments?post=3457"}],"version-history":[{"count":1,"href":"https:\/\/revistapotencialhumano.com.mx\/revistadigital\/wp-json\/wp\/v2\/posts\/3457\/revisions"}],"predecessor-version":[{"id":3464,"href":"https:\/\/revistapotencialhumano.com.mx\/revistadigital\/wp-json\/wp\/v2\/posts\/3457\/revisions\/3464"}],"wp:featuredmedia":[{"embeddable":true,"href":"https:\/\/revistapotencialhumano.com.mx\/revistadigital\/wp-json\/wp\/v2\/media\/3462"}],"wp:attachment":[{"href":"https:\/\/revistapotencialhumano.com.mx\/revistadigital\/wp-json\/wp\/v2\/media?parent=3457"}],"wp:term":[{"taxonomy":"category","embeddable":true,"href":"https:\/\/revistapotencialhumano.com.mx\/revistadigital\/wp-json\/wp\/v2\/categories?post=3457"},{"taxonomy":"post_tag","embeddable":true,"href":"https:\/\/revistapotencialhumano.com.mx\/revistadigital\/wp-json\/wp\/v2\/tags?post=3457"}],"curies":[{"name":"wp","href":"https:\/\/api.w.org\/{rel}","templated":true}]}}