{"id":3713,"date":"2026-04-29T08:06:00","date_gmt":"2026-04-29T08:06:00","guid":{"rendered":"https:\/\/revistapotencialhumano.com.mx\/revistadigital\/?p=3713"},"modified":"2026-04-27T18:12:37","modified_gmt":"2026-04-27T18:12:37","slug":"mexico-en-2026-el-poder-de-decidir-que-pais-queremos-ser","status":"publish","type":"post","link":"https:\/\/revistapotencialhumano.com.mx\/revistadigital\/mexico-en-2026-el-poder-de-decidir-que-pais-queremos-ser\/","title":{"rendered":"M\u00e9xico en 2026: el poder de decidir qu\u00e9 pa\u00eds queremos ser"},"content":{"rendered":"\n<p><strong>Entre inercias, decisiones y futuro: la pol\u00edtica mexicana frente a su momento m\u00e1s silencioso\u2026 y m\u00e1s decisivo<\/strong><\/p>\n\n\n\n<p><strong><em>Por Gabriel Santoyo<\/em><\/strong><\/p>\n\n\n\n<p>M\u00e9xico no vive hoy una sacudida pol\u00edtica estridente. No hay ruptura visible ni crisis declarada. Y, sin embargo, pocas veces el pa\u00eds hab\u00eda estado tan profundamente tensionado entre lo que es y lo que puede llegar a ser.<\/p>\n\n\n\n<p>En 2026, la pol\u00edtica mexicana se mueve en un terreno m\u00e1s complejo que el del conflicto abierto: el de las decisiones que parecen t\u00e9cnicas, pero que en realidad redefinen el rumbo del pa\u00eds. Es un momento donde la estabilidad se vuelve narrativa y la transformaci\u00f3n, una exigencia menos visible, pero m\u00e1s urgente.<\/p>\n\n\n\n<p>La llegada al poder de Claudia Sheinbaum marc\u00f3 una continuidad pol\u00edtica con matices inevitables. Gobernar despu\u00e9s de un liderazgo tan dominante implica algo m\u00e1s que administrar un legado: implica decidir qu\u00e9 conservar, qu\u00e9 corregir y qu\u00e9 transformar. Y en ese proceso, cada decisi\u00f3n pesa m\u00e1s de lo que aparenta.<\/p>\n\n\n\n<figure class=\"wp-block-image size-large\"><img fetchpriority=\"high\" decoding=\"async\" width=\"1024\" height=\"538\" src=\"https:\/\/revistapotencialhumano.com.mx\/revistadigital\/wp-content\/uploads\/2026\/04\/El-pais-que-queremos-ser_1-1024x538.png\" alt=\"\" class=\"wp-image-3714\" srcset=\"https:\/\/revistapotencialhumano.com.mx\/revistadigital\/wp-content\/uploads\/2026\/04\/El-pais-que-queremos-ser_1-1024x538.png 1024w, https:\/\/revistapotencialhumano.com.mx\/revistadigital\/wp-content\/uploads\/2026\/04\/El-pais-que-queremos-ser_1-300x158.png 300w, https:\/\/revistapotencialhumano.com.mx\/revistadigital\/wp-content\/uploads\/2026\/04\/El-pais-que-queremos-ser_1-768x403.png 768w, https:\/\/revistapotencialhumano.com.mx\/revistadigital\/wp-content\/uploads\/2026\/04\/El-pais-que-queremos-ser_1.png 1200w\" sizes=\"(max-width: 1024px) 100vw, 1024px\" \/><\/figure>\n\n\n\n<p class=\"has-text-align-center has-medium-font-size\"><strong>\u201cM\u00e9xico no est\u00e1 en crisis, pero tampoco est\u00e1 creciendo al ritmo que necesita.\u201d<\/strong><\/p>\n\n\n\n<p>La discusi\u00f3n sobre la reforma electoral, por ejemplo, se ha presentado bajo la l\u00f3gica de la austeridad y la eficiencia. Reducir costos, simplificar estructuras, ajustar el tama\u00f1o de las instituciones. Pero en el fondo, el debate es otro: c\u00f3mo mantener la confianza en un sistema democr\u00e1tico que, m\u00e1s all\u00e1 de sus imperfecciones, ha sido uno de los pilares de estabilidad en las \u00faltimas d\u00e9cadas. No es una discusi\u00f3n t\u00e9cnica, es una conversaci\u00f3n sobre poder.<\/p>\n\n\n\n<p>Al mismo tiempo, la econom\u00eda mexicana ofrece una imagen que podr\u00eda parecer tranquilizadora a primera vista, pero que al observarse con mayor detenimiento revela una fragilidad persistente. El crecimiento ha sido moderado, apenas suficiente para sostener indicadores sin lograr transformar realidades. La inflaci\u00f3n, aunque contenida en comparaci\u00f3n con otros contextos globales, sigue presionando a millones de familias que viven en una econom\u00eda donde cada punto porcentual se siente en la mesa, no en los reportes.<\/p>\n\n\n\n<p>M\u00e9xico no est\u00e1 en crisis, pero tampoco est\u00e1 creciendo al ritmo que necesita. Y esa es, quiz\u00e1s, la forma m\u00e1s silenciosa de estancamiento.<\/p>\n\n\n\n<p>En este escenario, la pol\u00edtica econ\u00f3mica deja de ser un ejercicio de administraci\u00f3n y se convierte en una prueba de visi\u00f3n. Porque crecer poco no solo limita el desarrollo: limita tambi\u00e9n la capacidad del Estado para responder, para invertir, para corregir. Y cuando el Estado se queda corto, la pol\u00edtica se vuelve vulnerable.<\/p>\n\n\n\n<figure class=\"wp-block-image size-large\"><img decoding=\"async\" width=\"1024\" height=\"538\" src=\"https:\/\/revistapotencialhumano.com.mx\/revistadigital\/wp-content\/uploads\/2026\/04\/El-pais-que-queremos-ser_2-1024x538.png\" alt=\"\" class=\"wp-image-3715\" srcset=\"https:\/\/revistapotencialhumano.com.mx\/revistadigital\/wp-content\/uploads\/2026\/04\/El-pais-que-queremos-ser_2-1024x538.png 1024w, https:\/\/revistapotencialhumano.com.mx\/revistadigital\/wp-content\/uploads\/2026\/04\/El-pais-que-queremos-ser_2-300x158.png 300w, https:\/\/revistapotencialhumano.com.mx\/revistadigital\/wp-content\/uploads\/2026\/04\/El-pais-que-queremos-ser_2-768x403.png 768w, https:\/\/revistapotencialhumano.com.mx\/revistadigital\/wp-content\/uploads\/2026\/04\/El-pais-que-queremos-ser_2.png 1200w\" sizes=\"(max-width: 1024px) 100vw, 1024px\" \/><\/figure>\n\n\n\n<p class=\"has-text-align-center has-medium-font-size\"><strong>\u201cLa estabilidad tambi\u00e9n puede ser una forma silenciosa de estancamiento.\u201d<\/strong><\/p>\n\n\n\n<p>Uno de los giros m\u00e1s interesantes \u2014y menos ideologizados de lo que podr\u00eda pensarse\u2014 est\u00e1 ocurriendo en el terreno energ\u00e9tico. La decisi\u00f3n de explorar nuevas formas de extracci\u00f3n de gas, incluso aquellas que antes eran pol\u00edticamente impensables, revela una realidad dif\u00edcil de ignorar: la soberan\u00eda energ\u00e9tica no se construye con discurso, sino con decisiones que muchas veces implican costos pol\u00edticos.<\/p>\n\n\n\n<p>M\u00e9xico depende en gran medida del gas que importa, principalmente de Estados Unidos. Reducir esa dependencia no es solo una meta econ\u00f3mica, es una definici\u00f3n estrat\u00e9gica. Pero hacerlo implica abrir debates inc\u00f3modos, particularmente en un contexto global donde la transici\u00f3n energ\u00e9tica ya no es una opci\u00f3n, sino una obligaci\u00f3n.<\/p>\n\n\n\n<p>La pol\u00edtica, en este punto, deja de ser ideol\u00f3gica y se vuelve profundamente pragm\u00e1tica.<\/p>\n\n\n\n<p>Mientras tanto, el campo mexicano vuelve a recordarle al pa\u00eds que las deudas hist\u00f3ricas no desaparecen, solo se acumulan. Las recientes movilizaciones no son producto de una coyuntura aislada, sino de a\u00f1os de rezago, de falta de inversi\u00f3n, de abandono estructural. El campo no protesta por impulso; protesta cuando ya no tiene margen. Y cuando el campo se mueve, M\u00e9xico deber\u00eda escuchar.<\/p>\n\n\n\n<figure class=\"wp-block-image size-large\"><img decoding=\"async\" width=\"1024\" height=\"538\" src=\"https:\/\/revistapotencialhumano.com.mx\/revistadigital\/wp-content\/uploads\/2026\/04\/El-pais-que-queremos-ser_3-1024x538.png\" alt=\"\" class=\"wp-image-3716\" srcset=\"https:\/\/revistapotencialhumano.com.mx\/revistadigital\/wp-content\/uploads\/2026\/04\/El-pais-que-queremos-ser_3-1024x538.png 1024w, https:\/\/revistapotencialhumano.com.mx\/revistadigital\/wp-content\/uploads\/2026\/04\/El-pais-que-queremos-ser_3-300x158.png 300w, https:\/\/revistapotencialhumano.com.mx\/revistadigital\/wp-content\/uploads\/2026\/04\/El-pais-que-queremos-ser_3-768x403.png 768w, https:\/\/revistapotencialhumano.com.mx\/revistadigital\/wp-content\/uploads\/2026\/04\/El-pais-que-queremos-ser_3.png 1200w\" sizes=\"(max-width: 1024px) 100vw, 1024px\" \/><\/figure>\n\n\n\n<p class=\"has-text-align-center has-medium-font-size\"><strong>\u201cCuando la seguridad falla, la pol\u00edtica pierde credibilidad.\u201d<\/strong><\/p>\n\n\n\n<p>Porque ah\u00ed, lejos de los discursos urbanos y de las m\u00e9tricas macroecon\u00f3micas, se encuentra una parte fundamental de la estabilidad social del pa\u00eds. Ignorar esa realidad no solo es un error econ\u00f3mico, es un riesgo pol\u00edtico.<\/p>\n\n\n\n<p>Pero si hay un tema que sigue definiendo la percepci\u00f3n de gobernabilidad en M\u00e9xico es la seguridad. M\u00e1s all\u00e1 de cifras, estrategias o discursos, la experiencia cotidiana de millones de personas sigue marcada por la incertidumbre. El crimen organizado no solo representa un desaf\u00edo operativo, sino una presi\u00f3n constante sobre la legitimidad del Estado.<\/p>\n\n\n\n<p>Cuando la seguridad falla, la pol\u00edtica pierde credibilidad.<br>Y cuando la credibilidad se erosiona, todo lo dem\u00e1s se vuelve m\u00e1s dif\u00edcil.<\/p>\n\n\n\n<p>A esto se suma una de las heridas m\u00e1s profundas del pa\u00eds: la crisis de desapariciones. No es un tema nuevo, pero s\u00ed uno que sigue exigiendo respuestas que no terminan de llegar con la contundencia necesaria. En este terreno, la pol\u00edtica enfrenta algo m\u00e1s complejo que un problema p\u00fablico: enfrenta una deuda moral. Porque hay temas que no admiten matices. Solo admiten resultados.<\/p>\n\n\n\n<p>En el \u00e1mbito internacional, M\u00e9xico ha optado por una postura que privilegia la estabilidad y el equilibrio. Sin protagonismos innecesarios, pero tambi\u00e9n sin rupturas. Es una pol\u00edtica exterior que entiende el contexto global, pero que, en el fondo, sabe que su principal desaf\u00edo no est\u00e1 afuera. Est\u00e1 dentro.<\/p>\n\n\n\n<figure class=\"wp-block-image alignfull size-large\"><img loading=\"lazy\" decoding=\"async\" width=\"747\" height=\"1024\" src=\"https:\/\/revistapotencialhumano.com.mx\/revistadigital\/wp-content\/uploads\/2026\/04\/El-pais-que-queremos-ser_4-747x1024.png\" alt=\"\" class=\"wp-image-3717\" srcset=\"https:\/\/revistapotencialhumano.com.mx\/revistadigital\/wp-content\/uploads\/2026\/04\/El-pais-que-queremos-ser_4-747x1024.png 747w, https:\/\/revistapotencialhumano.com.mx\/revistadigital\/wp-content\/uploads\/2026\/04\/El-pais-que-queremos-ser_4-219x300.png 219w, https:\/\/revistapotencialhumano.com.mx\/revistadigital\/wp-content\/uploads\/2026\/04\/El-pais-que-queremos-ser_4-768x1052.png 768w, https:\/\/revistapotencialhumano.com.mx\/revistadigital\/wp-content\/uploads\/2026\/04\/El-pais-que-queremos-ser_4.png 1000w\" sizes=\"(max-width: 747px) 100vw, 747px\" \/><\/figure>\n\n\n\n<p class=\"has-text-align-center has-medium-font-size\"><strong>\u201cEl mayor riesgo del pa\u00eds hoy no es el conflicto, es la complacencia.\u201d<\/strong><\/p>\n\n\n\n<p>M\u00e9xico no necesita reinventarse frente al mundo. Necesita consolidarse frente a s\u00ed mismo. Y ah\u00ed es donde la pol\u00edtica adquiere su verdadero peso. No en la coyuntura, no en el discurso, sino en la capacidad de tomar decisiones que trasciendan el corto plazo. Porque el mayor riesgo que enfrenta el pa\u00eds en este momento no es el conflicto abierto, sino la complacencia silenciosa.<\/p>\n\n\n\n<p>Esa que hace pensar que todo est\u00e1 suficientemente bien. Esa que posterga las decisiones dif\u00edciles. Esa que confunde estabilidad con inercia. M\u00e9xico est\u00e1 en transici\u00f3n, aunque no siempre lo parezca. Y como toda transici\u00f3n, no se define por lo que se dice, sino por lo que se hace.<\/p>\n\n\n\n<p>El pa\u00eds tiene hoy las condiciones para dar un salto cualitativo en su desarrollo. Tiene talento, tiene una posici\u00f3n geogr\u00e1fica estrat\u00e9gica, tiene una econom\u00eda con potencial y una sociedad cada vez m\u00e1s participativa. Pero tambi\u00e9n tiene l\u00edmites estructurales que no se resolver\u00e1n solos. La pol\u00edtica mexicana en 2026 no enfrenta una pregunta menor. Enfrenta la pregunta de fondo: \u00bfVa a administrar el presente\u2026 o va a construir el futuro?<\/p>\n\n\n\n<p>Porque al final, m\u00e1s all\u00e1 de partidos, ideolog\u00edas o liderazgos, el verdadero poder de un pa\u00eds no est\u00e1 en quien gobierna, sino en las decisiones que se toman cuando nadie est\u00e1 mirando. Y M\u00e9xico est\u00e1, justamente, en ese momento.<\/p>\n\n\n\n<figure class=\"wp-block-image alignfull size-large\"><img loading=\"lazy\" decoding=\"async\" width=\"747\" height=\"1024\" src=\"https:\/\/revistapotencialhumano.com.mx\/revistadigital\/wp-content\/uploads\/2026\/04\/El-pais-que-queremos-ser_5-747x1024.png\" alt=\"\" class=\"wp-image-3718\" srcset=\"https:\/\/revistapotencialhumano.com.mx\/revistadigital\/wp-content\/uploads\/2026\/04\/El-pais-que-queremos-ser_5-747x1024.png 747w, https:\/\/revistapotencialhumano.com.mx\/revistadigital\/wp-content\/uploads\/2026\/04\/El-pais-que-queremos-ser_5-219x300.png 219w, https:\/\/revistapotencialhumano.com.mx\/revistadigital\/wp-content\/uploads\/2026\/04\/El-pais-que-queremos-ser_5-768x1052.png 768w, https:\/\/revistapotencialhumano.com.mx\/revistadigital\/wp-content\/uploads\/2026\/04\/El-pais-que-queremos-ser_5.png 1000w\" sizes=\"(max-width: 747px) 100vw, 747px\" \/><\/figure>\n\n\n\n<hr class=\"wp-block-separator has-alpha-channel-opacity\"\/>\n\n\n\n<p class=\"has-text-align-center has-medium-font-size\"><strong>Conoce m\u00e1s art\u00edculos relacionados<\/strong><\/p>\n\n\n\n<div class=\"wp-block-buttons is-content-justification-center is-layout-flex wp-container-core-buttons-is-layout-a89b3969 wp-block-buttons-is-layout-flex\">\n<div class=\"wp-block-button\"><a class=\"wp-block-button__link wp-element-button\" href=\"https:\/\/revistapotencialhumano.com.mx\/revistadigital\/category\/liderazgo\/\">ver m\u00e1s<\/a><\/div>\n<\/div>\n\n\n\n<p><\/p>\n\n\n\n<p><\/p>\n\n\n\n<blockquote class=\"wp-block-quote is-layout-flow wp-block-quote-is-layout-flow\">\n<p class=\"has-small-font-size\"><strong>Fuentes<\/strong><\/p>\n<\/blockquote>\n\n\n\n<blockquote class=\"wp-block-quote has-small-font-size is-layout-flow wp-block-quote-is-layout-flow\">\n<p class=\"has-small-font-size\">Reuters \u2013 Inflaci\u00f3n en M\u00e9xico 2026<\/p>\n<\/blockquote>\n\n\n\n<blockquote class=\"wp-block-quote is-layout-flow wp-block-quote-is-layout-flow\">\n<p class=\"has-small-font-size\">El Pa\u00eds \u2013 Energ\u00eda, campo y pol\u00edtica en M\u00e9xico (2026)<\/p>\n<\/blockquote>\n\n\n\n<blockquote class=\"wp-block-quote is-layout-flow wp-block-quote-is-layout-flow\">\n<p class=\"has-small-font-size\">M\u00e9xico, \u00bfC\u00f3mo Vamos? \u2013 Indicadores de crecimiento<\/p>\n<\/blockquote>\n\n\n\n<blockquote class=\"wp-block-quote is-layout-flow wp-block-quote-is-layout-flow\">\n<p class=\"has-small-font-size\">SHCP \u2013 Precriterios de Pol\u00edtica Econ\u00f3mica 2026<\/p>\n<\/blockquote>\n\n\n\n<blockquote class=\"wp-block-quote is-layout-flow wp-block-quote-is-layout-flow\">\n<p class=\"has-small-font-size\">INEGI \u2013 Indicadores econ\u00f3micos nacionales<\/p>\n<\/blockquote>\n\n\n\n<blockquote class=\"wp-block-quote has-small-font-size is-layout-flow wp-block-quote-is-layout-flow\">\n<p class=\"has-small-font-size\">An\u00e1lisis acad\u00e9micos sobre crimen organizado en M\u00e9xico<\/p>\n<\/blockquote>\n\n\n\n<blockquote class=\"wp-block-quote is-layout-flow wp-block-quote-is-layout-flow\">\n<p class=\"has-small-font-size\">Cobertura internacional sobre pol\u00edtica mexicana reciente<\/p>\n<\/blockquote>\n\n\n\n<p><\/p>\n","protected":false},"excerpt":{"rendered":"<p>M\u00e9xico no est\u00e1 en crisis, pero tampoco est\u00e1 creciendo al ritmo que necesita. Y esa es, quiz\u00e1s, la forma m\u00e1s silenciosa de estancamiento.<\/p>\n","protected":false},"author":3,"featured_media":3719,"comment_status":"open","ping_status":"open","sticky":false,"template":"","format":"standard","meta":{"_monsterinsights_skip_tracking":false,"_monsterinsights_sitenote_active":false,"_monsterinsights_sitenote_note":"","_monsterinsights_sitenote_category":0,"site-sidebar-layout":"default","site-content-layout":"","ast-site-content-layout":"default","site-content-style":"default","site-sidebar-style":"default","ast-global-header-display":"","ast-banner-title-visibility":"","ast-main-header-display":"","ast-hfb-above-header-display":"","ast-hfb-below-header-display":"","ast-hfb-mobile-header-display":"","site-post-title":"","ast-breadcrumbs-content":"","ast-featured-img":"","footer-sml-layout":"","theme-transparent-header-meta":"","adv-header-id-meta":"","stick-header-meta":"","header-above-stick-meta":"","header-main-stick-meta":"","header-below-stick-meta":"","astra-migrate-meta-layouts":"set","ast-page-background-enabled":"default","ast-page-background-meta":{"desktop":{"background-color":"","background-image":"","background-repeat":"repeat","background-position":"center center","background-size":"auto","background-attachment":"scroll","background-type":"","background-media":"","overlay-type":"","overlay-color":"","overlay-opacity":"","overlay-gradient":""},"tablet":{"background-color":"","background-image":"","background-repeat":"repeat","background-position":"center center","background-size":"auto","background-attachment":"scroll","background-type":"","background-media":"","overlay-type":"","overlay-color":"","overlay-opacity":"","overlay-gradient":""},"mobile":{"background-color":"","background-image":"","background-repeat":"repeat","background-position":"center center","background-size":"auto","background-attachment":"scroll","background-type":"","background-media":"","overlay-type":"","overlay-color":"","overlay-opacity":"","overlay-gradient":""}},"ast-content-background-meta":{"desktop":{"background-color":"var(--ast-global-color-5)","background-image":"","background-repeat":"repeat","background-position":"center center","background-size":"auto","background-attachment":"scroll","background-type":"","background-media":"","overlay-type":"","overlay-color":"","overlay-opacity":"","overlay-gradient":""},"tablet":{"background-color":"var(--ast-global-color-5)","background-image":"","background-repeat":"repeat","background-position":"center center","background-size":"auto","background-attachment":"scroll","background-type":"","background-media":"","overlay-type":"","overlay-color":"","overlay-opacity":"","overlay-gradient":""},"mobile":{"background-color":"var(--ast-global-color-5)","background-image":"","background-repeat":"repeat","background-position":"center center","background-size":"auto","background-attachment":"scroll","background-type":"","background-media":"","overlay-type":"","overlay-color":"","overlay-opacity":"","overlay-gradient":""}},"_jetpack_memberships_contains_paid_content":false,"footnotes":""},"categories":[2],"tags":[31,33,28,25],"class_list":["post-3713","post","type-post","status-publish","format-standard","has-post-thumbnail","hentry","category-liderazgo","tag-legal","tag-liderazgo","tag-potencial","tag-revista"],"yoast_head":"<!-- This site is optimized with the Yoast SEO plugin v27.4 - https:\/\/yoast.com\/product\/yoast-seo-wordpress\/ -->\n<title>M\u00e9xico en 2026: el poder de decidir qu\u00e9 pa\u00eds queremos ser - Potencial Humano<\/title>\n<meta name=\"description\" content=\"M\u00e9xico no est\u00e1 en crisis, pero tampoco est\u00e1 creciendo al ritmo que necesita. Y esa es, quiz\u00e1s, la forma m\u00e1s silenciosa de estancamiento.\" \/>\n<meta name=\"robots\" content=\"index, follow, max-snippet:-1, max-image-preview:large, max-video-preview:-1\" \/>\n<link rel=\"canonical\" href=\"https:\/\/revistapotencialhumano.com.mx\/revistadigital\/mexico-en-2026-el-poder-de-decidir-que-pais-queremos-ser\/\" \/>\n<meta property=\"og:locale\" content=\"es_ES\" \/>\n<meta property=\"og:type\" content=\"article\" \/>\n<meta property=\"og:title\" content=\"M\u00e9xico en 2026: el poder de decidir qu\u00e9 pa\u00eds queremos ser\" \/>\n<meta property=\"og:description\" content=\"M\u00e9xico no est\u00e1 en crisis, pero tampoco est\u00e1 creciendo al ritmo que necesita. Y esa es, quiz\u00e1s, la forma m\u00e1s silenciosa de estancamiento.\" \/>\n<meta property=\"og:url\" content=\"https:\/\/revistapotencialhumano.com.mx\/revistadigital\/mexico-en-2026-el-poder-de-decidir-que-pais-queremos-ser\/\" \/>\n<meta property=\"og:site_name\" content=\"Potencial Humano\" \/>\n<meta property=\"article:published_time\" content=\"2026-04-29T08:06:00+00:00\" \/>\n<meta property=\"og:image\" content=\"https:\/\/revistapotencialhumano.com.mx\/revistadigital\/wp-content\/uploads\/2026\/04\/El-pais-que-queremos-ser_3.png\" \/>\n\t<meta property=\"og:image:width\" content=\"1200\" \/>\n\t<meta property=\"og:image:height\" content=\"630\" \/>\n\t<meta property=\"og:image:type\" content=\"image\/png\" \/>\n<meta name=\"author\" content=\"Cesar Aldana\" \/>\n<meta name=\"twitter:card\" content=\"summary_large_image\" \/>\n<meta name=\"twitter:label1\" content=\"Written by\" \/>\n\t<meta name=\"twitter:data1\" content=\"Cesar Aldana\" \/>\n\t<meta name=\"twitter:label2\" content=\"Est. reading time\" \/>\n\t<meta name=\"twitter:data2\" content=\"7 minutos\" \/>\n<script type=\"application\/ld+json\" class=\"yoast-schema-graph\">{\"@context\":\"https:\\\/\\\/schema.org\",\"@graph\":[{\"@type\":\"Article\",\"@id\":\"https:\\\/\\\/revistapotencialhumano.com.mx\\\/revistadigital\\\/mexico-en-2026-el-poder-de-decidir-que-pais-queremos-ser\\\/#article\",\"isPartOf\":{\"@id\":\"https:\\\/\\\/revistapotencialhumano.com.mx\\\/revistadigital\\\/mexico-en-2026-el-poder-de-decidir-que-pais-queremos-ser\\\/\"},\"author\":{\"name\":\"Cesar Aldana\",\"@id\":\"https:\\\/\\\/revistapotencialhumano.com.mx\\\/revistadigital\\\/#\\\/schema\\\/person\\\/c15a4d9b0bcd4a8160bd7018497e2a62\"},\"headline\":\"M\u00e9xico en 2026: el poder de decidir qu\u00e9 pa\u00eds queremos ser\",\"datePublished\":\"2026-04-29T08:06:00+00:00\",\"mainEntityOfPage\":{\"@id\":\"https:\\\/\\\/revistapotencialhumano.com.mx\\\/revistadigital\\\/mexico-en-2026-el-poder-de-decidir-que-pais-queremos-ser\\\/\"},\"wordCount\":1248,\"commentCount\":0,\"publisher\":{\"@id\":\"https:\\\/\\\/revistapotencialhumano.com.mx\\\/revistadigital\\\/#organization\"},\"image\":{\"@id\":\"https:\\\/\\\/revistapotencialhumano.com.mx\\\/revistadigital\\\/mexico-en-2026-el-poder-de-decidir-que-pais-queremos-ser\\\/#primaryimage\"},\"thumbnailUrl\":\"https:\\\/\\\/revistapotencialhumano.com.mx\\\/revistadigital\\\/wp-content\\\/uploads\\\/2026\\\/04\\\/El-pais-que-queremos-ser_6.png\",\"keywords\":[\"legal\",\"liderazgo\",\"potencial\",\"revista\"],\"articleSection\":[\"Liderazgo\"],\"inLanguage\":\"es\",\"potentialAction\":[{\"@type\":\"CommentAction\",\"name\":\"Comment\",\"target\":[\"https:\\\/\\\/revistapotencialhumano.com.mx\\\/revistadigital\\\/mexico-en-2026-el-poder-de-decidir-que-pais-queremos-ser\\\/#respond\"]}]},{\"@type\":\"WebPage\",\"@id\":\"https:\\\/\\\/revistapotencialhumano.com.mx\\\/revistadigital\\\/mexico-en-2026-el-poder-de-decidir-que-pais-queremos-ser\\\/\",\"url\":\"https:\\\/\\\/revistapotencialhumano.com.mx\\\/revistadigital\\\/mexico-en-2026-el-poder-de-decidir-que-pais-queremos-ser\\\/\",\"name\":\"M\u00e9xico en 2026: el poder de decidir qu\u00e9 pa\u00eds queremos ser - Potencial Humano\",\"isPartOf\":{\"@id\":\"https:\\\/\\\/revistapotencialhumano.com.mx\\\/revistadigital\\\/#website\"},\"primaryImageOfPage\":{\"@id\":\"https:\\\/\\\/revistapotencialhumano.com.mx\\\/revistadigital\\\/mexico-en-2026-el-poder-de-decidir-que-pais-queremos-ser\\\/#primaryimage\"},\"image\":{\"@id\":\"https:\\\/\\\/revistapotencialhumano.com.mx\\\/revistadigital\\\/mexico-en-2026-el-poder-de-decidir-que-pais-queremos-ser\\\/#primaryimage\"},\"thumbnailUrl\":\"https:\\\/\\\/revistapotencialhumano.com.mx\\\/revistadigital\\\/wp-content\\\/uploads\\\/2026\\\/04\\\/El-pais-que-queremos-ser_6.png\",\"datePublished\":\"2026-04-29T08:06:00+00:00\",\"description\":\"M\u00e9xico no est\u00e1 en crisis, pero tampoco est\u00e1 creciendo al ritmo que necesita. Y esa es, quiz\u00e1s, la forma m\u00e1s silenciosa de estancamiento.\",\"breadcrumb\":{\"@id\":\"https:\\\/\\\/revistapotencialhumano.com.mx\\\/revistadigital\\\/mexico-en-2026-el-poder-de-decidir-que-pais-queremos-ser\\\/#breadcrumb\"},\"inLanguage\":\"es\",\"potentialAction\":[{\"@type\":\"ReadAction\",\"target\":[\"https:\\\/\\\/revistapotencialhumano.com.mx\\\/revistadigital\\\/mexico-en-2026-el-poder-de-decidir-que-pais-queremos-ser\\\/\"]}]},{\"@type\":\"ImageObject\",\"inLanguage\":\"es\",\"@id\":\"https:\\\/\\\/revistapotencialhumano.com.mx\\\/revistadigital\\\/mexico-en-2026-el-poder-de-decidir-que-pais-queremos-ser\\\/#primaryimage\",\"url\":\"https:\\\/\\\/revistapotencialhumano.com.mx\\\/revistadigital\\\/wp-content\\\/uploads\\\/2026\\\/04\\\/El-pais-que-queremos-ser_6.png\",\"contentUrl\":\"https:\\\/\\\/revistapotencialhumano.com.mx\\\/revistadigital\\\/wp-content\\\/uploads\\\/2026\\\/04\\\/El-pais-que-queremos-ser_6.png\",\"width\":1000,\"height\":1370},{\"@type\":\"BreadcrumbList\",\"@id\":\"https:\\\/\\\/revistapotencialhumano.com.mx\\\/revistadigital\\\/mexico-en-2026-el-poder-de-decidir-que-pais-queremos-ser\\\/#breadcrumb\",\"itemListElement\":[{\"@type\":\"ListItem\",\"position\":1,\"name\":\"Home\",\"item\":\"https:\\\/\\\/revistapotencialhumano.com.mx\\\/revistadigital\\\/\"},{\"@type\":\"ListItem\",\"position\":2,\"name\":\"M\u00e9xico en 2026: el poder de decidir qu\u00e9 pa\u00eds queremos ser\"}]},{\"@type\":\"WebSite\",\"@id\":\"https:\\\/\\\/revistapotencialhumano.com.mx\\\/revistadigital\\\/#website\",\"url\":\"https:\\\/\\\/revistapotencialhumano.com.mx\\\/revistadigital\\\/\",\"name\":\"Revista Potencial Humano\",\"description\":\"Revista digital\",\"publisher\":{\"@id\":\"https:\\\/\\\/revistapotencialhumano.com.mx\\\/revistadigital\\\/#organization\"},\"potentialAction\":[{\"@type\":\"SearchAction\",\"target\":{\"@type\":\"EntryPoint\",\"urlTemplate\":\"https:\\\/\\\/revistapotencialhumano.com.mx\\\/revistadigital\\\/?s={search_term_string}\"},\"query-input\":{\"@type\":\"PropertyValueSpecification\",\"valueRequired\":true,\"valueName\":\"search_term_string\"}}],\"inLanguage\":\"es\"},{\"@type\":\"Organization\",\"@id\":\"https:\\\/\\\/revistapotencialhumano.com.mx\\\/revistadigital\\\/#organization\",\"name\":\"Revista Potencial Humano\",\"url\":\"https:\\\/\\\/revistapotencialhumano.com.mx\\\/revistadigital\\\/\",\"logo\":{\"@type\":\"ImageObject\",\"inLanguage\":\"es\",\"@id\":\"https:\\\/\\\/revistapotencialhumano.com.mx\\\/revistadigital\\\/#\\\/schema\\\/logo\\\/image\\\/\",\"url\":\"https:\\\/\\\/revistapotencialhumano.com.mx\\\/revistadigital\\\/wp-content\\\/uploads\\\/2023\\\/09\\\/logo_ph_gris.png\",\"contentUrl\":\"https:\\\/\\\/revistapotencialhumano.com.mx\\\/revistadigital\\\/wp-content\\\/uploads\\\/2023\\\/09\\\/logo_ph_gris.png\",\"width\":1920,\"height\":1080,\"caption\":\"Revista Potencial Humano\"},\"image\":{\"@id\":\"https:\\\/\\\/revistapotencialhumano.com.mx\\\/revistadigital\\\/#\\\/schema\\\/logo\\\/image\\\/\"},\"sameAs\":[\"https:\\\/\\\/open.spotify.com\\\/show\\\/2pIEFqnQDVKaEQzKkIOtQw?si=08622ad32ea742cb\"]},{\"@type\":\"Person\",\"@id\":\"https:\\\/\\\/revistapotencialhumano.com.mx\\\/revistadigital\\\/#\\\/schema\\\/person\\\/c15a4d9b0bcd4a8160bd7018497e2a62\",\"name\":\"Cesar Aldana\",\"image\":{\"@type\":\"ImageObject\",\"inLanguage\":\"es\",\"@id\":\"https:\\\/\\\/secure.gravatar.com\\\/avatar\\\/450d0f79afa319363394649e6db54defdeb1e27cdb703b1b90293cd7b11ed3f5?s=96&d=mm&r=g\",\"url\":\"https:\\\/\\\/secure.gravatar.com\\\/avatar\\\/450d0f79afa319363394649e6db54defdeb1e27cdb703b1b90293cd7b11ed3f5?s=96&d=mm&r=g\",\"contentUrl\":\"https:\\\/\\\/secure.gravatar.com\\\/avatar\\\/450d0f79afa319363394649e6db54defdeb1e27cdb703b1b90293cd7b11ed3f5?s=96&d=mm&r=g\",\"caption\":\"Cesar Aldana\"},\"url\":\"https:\\\/\\\/revistapotencialhumano.com.mx\\\/revistadigital\\\/author\\\/cesar\\\/\"}]}<\/script>\n<!-- \/ Yoast SEO plugin. -->","yoast_head_json":{"title":"M\u00e9xico en 2026: el poder de decidir qu\u00e9 pa\u00eds queremos ser - Potencial Humano","description":"M\u00e9xico no est\u00e1 en crisis, pero tampoco est\u00e1 creciendo al ritmo que necesita. Y esa es, quiz\u00e1s, la forma m\u00e1s silenciosa de estancamiento.","robots":{"index":"index","follow":"follow","max-snippet":"max-snippet:-1","max-image-preview":"max-image-preview:large","max-video-preview":"max-video-preview:-1"},"canonical":"https:\/\/revistapotencialhumano.com.mx\/revistadigital\/mexico-en-2026-el-poder-de-decidir-que-pais-queremos-ser\/","og_locale":"es_ES","og_type":"article","og_title":"M\u00e9xico en 2026: el poder de decidir qu\u00e9 pa\u00eds queremos ser","og_description":"M\u00e9xico no est\u00e1 en crisis, pero tampoco est\u00e1 creciendo al ritmo que necesita. Y esa es, quiz\u00e1s, la forma m\u00e1s silenciosa de estancamiento.","og_url":"https:\/\/revistapotencialhumano.com.mx\/revistadigital\/mexico-en-2026-el-poder-de-decidir-que-pais-queremos-ser\/","og_site_name":"Potencial Humano","article_published_time":"2026-04-29T08:06:00+00:00","og_image":[{"width":1200,"height":630,"url":"https:\/\/revistapotencialhumano.com.mx\/revistadigital\/wp-content\/uploads\/2026\/04\/El-pais-que-queremos-ser_3.png","type":"image\/png"}],"author":"Cesar Aldana","twitter_card":"summary_large_image","twitter_misc":{"Written by":"Cesar Aldana","Est. reading time":"7 minutos"},"schema":{"@context":"https:\/\/schema.org","@graph":[{"@type":"Article","@id":"https:\/\/revistapotencialhumano.com.mx\/revistadigital\/mexico-en-2026-el-poder-de-decidir-que-pais-queremos-ser\/#article","isPartOf":{"@id":"https:\/\/revistapotencialhumano.com.mx\/revistadigital\/mexico-en-2026-el-poder-de-decidir-que-pais-queremos-ser\/"},"author":{"name":"Cesar Aldana","@id":"https:\/\/revistapotencialhumano.com.mx\/revistadigital\/#\/schema\/person\/c15a4d9b0bcd4a8160bd7018497e2a62"},"headline":"M\u00e9xico en 2026: el poder de decidir qu\u00e9 pa\u00eds queremos ser","datePublished":"2026-04-29T08:06:00+00:00","mainEntityOfPage":{"@id":"https:\/\/revistapotencialhumano.com.mx\/revistadigital\/mexico-en-2026-el-poder-de-decidir-que-pais-queremos-ser\/"},"wordCount":1248,"commentCount":0,"publisher":{"@id":"https:\/\/revistapotencialhumano.com.mx\/revistadigital\/#organization"},"image":{"@id":"https:\/\/revistapotencialhumano.com.mx\/revistadigital\/mexico-en-2026-el-poder-de-decidir-que-pais-queremos-ser\/#primaryimage"},"thumbnailUrl":"https:\/\/revistapotencialhumano.com.mx\/revistadigital\/wp-content\/uploads\/2026\/04\/El-pais-que-queremos-ser_6.png","keywords":["legal","liderazgo","potencial","revista"],"articleSection":["Liderazgo"],"inLanguage":"es","potentialAction":[{"@type":"CommentAction","name":"Comment","target":["https:\/\/revistapotencialhumano.com.mx\/revistadigital\/mexico-en-2026-el-poder-de-decidir-que-pais-queremos-ser\/#respond"]}]},{"@type":"WebPage","@id":"https:\/\/revistapotencialhumano.com.mx\/revistadigital\/mexico-en-2026-el-poder-de-decidir-que-pais-queremos-ser\/","url":"https:\/\/revistapotencialhumano.com.mx\/revistadigital\/mexico-en-2026-el-poder-de-decidir-que-pais-queremos-ser\/","name":"M\u00e9xico en 2026: el poder de decidir qu\u00e9 pa\u00eds queremos ser - Potencial Humano","isPartOf":{"@id":"https:\/\/revistapotencialhumano.com.mx\/revistadigital\/#website"},"primaryImageOfPage":{"@id":"https:\/\/revistapotencialhumano.com.mx\/revistadigital\/mexico-en-2026-el-poder-de-decidir-que-pais-queremos-ser\/#primaryimage"},"image":{"@id":"https:\/\/revistapotencialhumano.com.mx\/revistadigital\/mexico-en-2026-el-poder-de-decidir-que-pais-queremos-ser\/#primaryimage"},"thumbnailUrl":"https:\/\/revistapotencialhumano.com.mx\/revistadigital\/wp-content\/uploads\/2026\/04\/El-pais-que-queremos-ser_6.png","datePublished":"2026-04-29T08:06:00+00:00","description":"M\u00e9xico no est\u00e1 en crisis, pero tampoco est\u00e1 creciendo al ritmo que necesita. Y esa es, quiz\u00e1s, la forma m\u00e1s silenciosa de estancamiento.","breadcrumb":{"@id":"https:\/\/revistapotencialhumano.com.mx\/revistadigital\/mexico-en-2026-el-poder-de-decidir-que-pais-queremos-ser\/#breadcrumb"},"inLanguage":"es","potentialAction":[{"@type":"ReadAction","target":["https:\/\/revistapotencialhumano.com.mx\/revistadigital\/mexico-en-2026-el-poder-de-decidir-que-pais-queremos-ser\/"]}]},{"@type":"ImageObject","inLanguage":"es","@id":"https:\/\/revistapotencialhumano.com.mx\/revistadigital\/mexico-en-2026-el-poder-de-decidir-que-pais-queremos-ser\/#primaryimage","url":"https:\/\/revistapotencialhumano.com.mx\/revistadigital\/wp-content\/uploads\/2026\/04\/El-pais-que-queremos-ser_6.png","contentUrl":"https:\/\/revistapotencialhumano.com.mx\/revistadigital\/wp-content\/uploads\/2026\/04\/El-pais-que-queremos-ser_6.png","width":1000,"height":1370},{"@type":"BreadcrumbList","@id":"https:\/\/revistapotencialhumano.com.mx\/revistadigital\/mexico-en-2026-el-poder-de-decidir-que-pais-queremos-ser\/#breadcrumb","itemListElement":[{"@type":"ListItem","position":1,"name":"Home","item":"https:\/\/revistapotencialhumano.com.mx\/revistadigital\/"},{"@type":"ListItem","position":2,"name":"M\u00e9xico en 2026: el poder de decidir qu\u00e9 pa\u00eds queremos ser"}]},{"@type":"WebSite","@id":"https:\/\/revistapotencialhumano.com.mx\/revistadigital\/#website","url":"https:\/\/revistapotencialhumano.com.mx\/revistadigital\/","name":"Revista Potencial Humano","description":"Revista digital","publisher":{"@id":"https:\/\/revistapotencialhumano.com.mx\/revistadigital\/#organization"},"potentialAction":[{"@type":"SearchAction","target":{"@type":"EntryPoint","urlTemplate":"https:\/\/revistapotencialhumano.com.mx\/revistadigital\/?s={search_term_string}"},"query-input":{"@type":"PropertyValueSpecification","valueRequired":true,"valueName":"search_term_string"}}],"inLanguage":"es"},{"@type":"Organization","@id":"https:\/\/revistapotencialhumano.com.mx\/revistadigital\/#organization","name":"Revista Potencial Humano","url":"https:\/\/revistapotencialhumano.com.mx\/revistadigital\/","logo":{"@type":"ImageObject","inLanguage":"es","@id":"https:\/\/revistapotencialhumano.com.mx\/revistadigital\/#\/schema\/logo\/image\/","url":"https:\/\/revistapotencialhumano.com.mx\/revistadigital\/wp-content\/uploads\/2023\/09\/logo_ph_gris.png","contentUrl":"https:\/\/revistapotencialhumano.com.mx\/revistadigital\/wp-content\/uploads\/2023\/09\/logo_ph_gris.png","width":1920,"height":1080,"caption":"Revista Potencial Humano"},"image":{"@id":"https:\/\/revistapotencialhumano.com.mx\/revistadigital\/#\/schema\/logo\/image\/"},"sameAs":["https:\/\/open.spotify.com\/show\/2pIEFqnQDVKaEQzKkIOtQw?si=08622ad32ea742cb"]},{"@type":"Person","@id":"https:\/\/revistapotencialhumano.com.mx\/revistadigital\/#\/schema\/person\/c15a4d9b0bcd4a8160bd7018497e2a62","name":"Cesar Aldana","image":{"@type":"ImageObject","inLanguage":"es","@id":"https:\/\/secure.gravatar.com\/avatar\/450d0f79afa319363394649e6db54defdeb1e27cdb703b1b90293cd7b11ed3f5?s=96&d=mm&r=g","url":"https:\/\/secure.gravatar.com\/avatar\/450d0f79afa319363394649e6db54defdeb1e27cdb703b1b90293cd7b11ed3f5?s=96&d=mm&r=g","contentUrl":"https:\/\/secure.gravatar.com\/avatar\/450d0f79afa319363394649e6db54defdeb1e27cdb703b1b90293cd7b11ed3f5?s=96&d=mm&r=g","caption":"Cesar Aldana"},"url":"https:\/\/revistapotencialhumano.com.mx\/revistadigital\/author\/cesar\/"}]}},"jetpack_featured_media_url":"https:\/\/revistapotencialhumano.com.mx\/revistadigital\/wp-content\/uploads\/2026\/04\/El-pais-que-queremos-ser_6.png","jetpack_sharing_enabled":true,"_links":{"self":[{"href":"https:\/\/revistapotencialhumano.com.mx\/revistadigital\/wp-json\/wp\/v2\/posts\/3713","targetHints":{"allow":["GET"]}}],"collection":[{"href":"https:\/\/revistapotencialhumano.com.mx\/revistadigital\/wp-json\/wp\/v2\/posts"}],"about":[{"href":"https:\/\/revistapotencialhumano.com.mx\/revistadigital\/wp-json\/wp\/v2\/types\/post"}],"author":[{"embeddable":true,"href":"https:\/\/revistapotencialhumano.com.mx\/revistadigital\/wp-json\/wp\/v2\/users\/3"}],"replies":[{"embeddable":true,"href":"https:\/\/revistapotencialhumano.com.mx\/revistadigital\/wp-json\/wp\/v2\/comments?post=3713"}],"version-history":[{"count":1,"href":"https:\/\/revistapotencialhumano.com.mx\/revistadigital\/wp-json\/wp\/v2\/posts\/3713\/revisions"}],"predecessor-version":[{"id":3720,"href":"https:\/\/revistapotencialhumano.com.mx\/revistadigital\/wp-json\/wp\/v2\/posts\/3713\/revisions\/3720"}],"wp:featuredmedia":[{"embeddable":true,"href":"https:\/\/revistapotencialhumano.com.mx\/revistadigital\/wp-json\/wp\/v2\/media\/3719"}],"wp:attachment":[{"href":"https:\/\/revistapotencialhumano.com.mx\/revistadigital\/wp-json\/wp\/v2\/media?parent=3713"}],"wp:term":[{"taxonomy":"category","embeddable":true,"href":"https:\/\/revistapotencialhumano.com.mx\/revistadigital\/wp-json\/wp\/v2\/categories?post=3713"},{"taxonomy":"post_tag","embeddable":true,"href":"https:\/\/revistapotencialhumano.com.mx\/revistadigital\/wp-json\/wp\/v2\/tags?post=3713"}],"curies":[{"name":"wp","href":"https:\/\/api.w.org\/{rel}","templated":true}]}}