{"id":3736,"date":"2026-04-29T08:12:00","date_gmt":"2026-04-29T08:12:00","guid":{"rendered":"https:\/\/revistapotencialhumano.com.mx\/revistadigital\/?p=3736"},"modified":"2026-04-27T19:00:55","modified_gmt":"2026-04-27T19:00:55","slug":"el-trabajo-hoy-entre-la-exigencia-el-sentido-y-la-posibilidad","status":"publish","type":"post","link":"https:\/\/revistapotencialhumano.com.mx\/revistadigital\/el-trabajo-hoy-entre-la-exigencia-el-sentido-y-la-posibilidad\/","title":{"rendered":"El trabajo hoy: entre la exigencia, el sentido y la posibilidad"},"content":{"rendered":"\n<p><strong><em>M\u00e1s all\u00e1 del empleo, el trabajo se ha convertido en un espacio donde se cruzan la identidad, el bienestar y las decisiones que definen nuestro rumbo personal y profesional<\/em><\/strong><\/p>\n\n\n\n<p class=\"has-vivid-red-color has-text-color has-link-color wp-elements-32d65ab432adb181ae92cd51dddf6732\"><strong><em>Por Mario Molina Silva<\/em><\/strong><\/p>\n\n\n\n<p>Hablar del trabajo hoy es, en realidad, hablar de la vida misma.<\/p>\n\n\n\n<p>Durante mucho tiempo, trabajar significaba cumplir con una rutina clara: horarios definidos, funciones espec\u00edficas y una expectativa m\u00e1s o menos estable de crecimiento. Hab\u00eda certezas. Hab\u00eda una estructura. Y, en muchos casos, hab\u00eda una sensaci\u00f3n de rumbo. Hoy, esa realidad ha cambiado.<\/p>\n\n\n\n<p>El trabajo ya no es solo un lugar al que vamos todos los d\u00edas. Es una experiencia que nos acompa\u00f1a, que se mezcla con nuestra vida personal y que, en muchos sentidos, nos exige mucho m\u00e1s que antes: no solo habilidades t\u00e9cnicas, sino capacidad de adaptaci\u00f3n, gesti\u00f3n emocional y claridad sobre lo que queremos. Y ah\u00ed es donde empieza la conversaci\u00f3n importante.<\/p>\n\n\n\n<figure class=\"wp-block-image size-large\"><img fetchpriority=\"high\" decoding=\"async\" width=\"1024\" height=\"538\" src=\"https:\/\/revistapotencialhumano.com.mx\/revistadigital\/wp-content\/uploads\/2026\/04\/El-trabajo-hoy_1-1024x538.png\" alt=\"\" class=\"wp-image-3737\" srcset=\"https:\/\/revistapotencialhumano.com.mx\/revistadigital\/wp-content\/uploads\/2026\/04\/El-trabajo-hoy_1-1024x538.png 1024w, https:\/\/revistapotencialhumano.com.mx\/revistadigital\/wp-content\/uploads\/2026\/04\/El-trabajo-hoy_1-300x158.png 300w, https:\/\/revistapotencialhumano.com.mx\/revistadigital\/wp-content\/uploads\/2026\/04\/El-trabajo-hoy_1-768x403.png 768w, https:\/\/revistapotencialhumano.com.mx\/revistadigital\/wp-content\/uploads\/2026\/04\/El-trabajo-hoy_1.png 1200w\" sizes=\"(max-width: 1024px) 100vw, 1024px\" \/><\/figure>\n\n\n\n<p class=\"has-text-align-center has-medium-font-size\"><strong>Trabajar ya no es solo producir, es tambi\u00e9n encontrar sentido<\/strong><\/p>\n\n\n\n<p>Cada vez m\u00e1s personas \u2014especialmente en entornos profesionales y empresariales\u2014 se hacen una pregunta que antes parec\u00eda secundaria: <em>\u00bfpara qu\u00e9 trabajo?<\/em><\/p>\n\n\n\n<p>No es una pregunta menor. Es una se\u00f1al de cambio.<\/p>\n\n\n\n<p>Hoy buscamos que el trabajo no solo nos d\u00e9 estabilidad econ\u00f3mica, sino tambi\u00e9n prop\u00f3sito, aprendizaje y bienestar. Queremos sentir que lo que hacemos tiene un impacto, que suma, que construye algo m\u00e1s all\u00e1 de la operaci\u00f3n diaria. Sin embargo, tambi\u00e9n es cierto que no todos parten del mismo lugar.<\/p>\n\n\n\n<p><strong><em>\u201cEl trabajo ya no es solo un lugar al que vamos, es una experiencia que nos acompa\u00f1a.\u201d<\/em><\/strong><strong><\/strong><\/p>\n\n\n\n<p>Datos de la Organizaci\u00f3n Internacional del Trabajo (OIT) se\u00f1alan que m\u00e1s del 60% de la poblaci\u00f3n mundial trabaja en condiciones de informalidad o con acceso limitado a seguridad social. Esto nos recuerda que, mientras algunos hablamos de prop\u00f3sito, millones de personas siguen enfocadas en algo m\u00e1s b\u00e1sico: la estabilidad.<\/p>\n\n\n\n<p>Entender esta dualidad es clave para no romantizar el trabajo, pero tampoco reducirlo \u00fanicamente a una obligaci\u00f3n.<\/p>\n\n\n\n<figure class=\"wp-block-image size-large\"><img decoding=\"async\" width=\"1024\" height=\"538\" src=\"https:\/\/revistapotencialhumano.com.mx\/revistadigital\/wp-content\/uploads\/2026\/04\/El-trabajo-hoy_2-1024x538.png\" alt=\"\" class=\"wp-image-3738\" srcset=\"https:\/\/revistapotencialhumano.com.mx\/revistadigital\/wp-content\/uploads\/2026\/04\/El-trabajo-hoy_2-1024x538.png 1024w, https:\/\/revistapotencialhumano.com.mx\/revistadigital\/wp-content\/uploads\/2026\/04\/El-trabajo-hoy_2-300x158.png 300w, https:\/\/revistapotencialhumano.com.mx\/revistadigital\/wp-content\/uploads\/2026\/04\/El-trabajo-hoy_2-768x403.png 768w, https:\/\/revistapotencialhumano.com.mx\/revistadigital\/wp-content\/uploads\/2026\/04\/El-trabajo-hoy_2.png 1200w\" sizes=\"(max-width: 1024px) 100vw, 1024px\" \/><\/figure>\n\n\n\n<p class=\"has-text-align-center has-medium-font-size\"><strong>La flexibilidad: entre libertad y responsabilidad<\/strong><\/p>\n\n\n\n<p>Uno de los grandes cambios de los \u00faltimos a\u00f1os ha sido la flexibilidad laboral.<\/p>\n\n\n\n<p>Trabajar desde casa, combinar espacios, organizar el tiempo de forma m\u00e1s aut\u00f3noma. En muchos sentidos, esto ha sido un avance importante. Ha permitido mayor equilibrio y ha abierto nuevas posibilidades. Pero tambi\u00e9n ha tra\u00eddo nuevos retos.<\/p>\n\n\n\n<p>Cuando el trabajo deja de tener l\u00edmites claros, aparece una sensaci\u00f3n constante de estar \u201cdisponible\u201d. La l\u00ednea entre lo personal y lo profesional se vuelve difusa. Y, sin darnos cuenta, empezamos a cargar con una responsabilidad mayor: organizarnos, rendir, cumplir\u2026 y adem\u00e1s cuidar nuestro propio bienestar.<\/p>\n\n\n\n<p><strong><em>\u201cHoy, m\u00e1s que tener un empleo, el reto es mantenerse vigente.\u201d<\/em><\/strong><strong><\/strong><\/p>\n\n\n\n<p>El Foro Econ\u00f3mico Mundial ha se\u00f1alado que el agotamiento laboral (burnout) ha crecido, no necesariamente porque trabajemos m\u00e1s horas, sino porque dejamos de desconectarnos. Es decir, ganamos flexibilidad, pero tambi\u00e9n asumimos nuevos costos.<\/p>\n\n\n\n<figure class=\"wp-block-image size-large\"><img decoding=\"async\" width=\"1024\" height=\"538\" src=\"https:\/\/revistapotencialhumano.com.mx\/revistadigital\/wp-content\/uploads\/2026\/04\/El-trabajo-hoy_3-1024x538.png\" alt=\"\" class=\"wp-image-3739\" srcset=\"https:\/\/revistapotencialhumano.com.mx\/revistadigital\/wp-content\/uploads\/2026\/04\/El-trabajo-hoy_3-1024x538.png 1024w, https:\/\/revistapotencialhumano.com.mx\/revistadigital\/wp-content\/uploads\/2026\/04\/El-trabajo-hoy_3-300x158.png 300w, https:\/\/revistapotencialhumano.com.mx\/revistadigital\/wp-content\/uploads\/2026\/04\/El-trabajo-hoy_3-768x403.png 768w, https:\/\/revistapotencialhumano.com.mx\/revistadigital\/wp-content\/uploads\/2026\/04\/El-trabajo-hoy_3.png 1200w\" sizes=\"(max-width: 1024px) 100vw, 1024px\" \/><\/figure>\n\n\n\n<p class=\"has-text-align-center has-medium-font-size\"><strong>Adaptarse se ha vuelto una competencia esencial<\/strong><\/p>\n\n\n\n<p>La tecnolog\u00eda, la automatizaci\u00f3n y la inteligencia artificial est\u00e1n transformando el trabajo a una velocidad que no hab\u00edamos visto antes.<\/p>\n\n\n\n<p>M\u00e1s que desaparecer empleos de forma inmediata, lo que estamos viviendo es una redefinici\u00f3n constante de habilidades. Lo que hoy es suficiente, ma\u00f1ana puede no serlo.<\/p>\n\n\n\n<p>El Banco Mundial estima que alrededor del 40% de los empleos actuales podr\u00edan verse impactados por estos cambios en las pr\u00f3ximas d\u00e9cadas. Esto pone sobre la mesa una realidad importante: el verdadero reto no es solo tener un empleo, sino mantenerse vigente. Y aqu\u00ed aparece una nueva forma de desigualdad: la capacidad de adaptarse.<\/p>\n\n\n\n<p><strong><em>\u201cLa flexibilidad nos dio libertad, pero tambi\u00e9n nos pidi\u00f3 hacernos cargo de nosotros mismos.\u201d<\/em><\/strong><strong><\/strong><\/p>\n\n\n\n<p>Quienes tienen acceso a aprendizaje continuo, tecnolog\u00eda y entornos que impulsan su desarrollo avanzan m\u00e1s r\u00e1pido. Quienes no, enfrentan un camino mucho m\u00e1s complejo.<\/p>\n\n\n\n<p>Por eso, hoy m\u00e1s que nunca, aprender deja de ser una etapa y se convierte en una pr\u00e1ctica permanente.<\/p>\n\n\n\n<figure class=\"wp-block-image alignfull size-large\"><img loading=\"lazy\" decoding=\"async\" width=\"747\" height=\"1024\" src=\"https:\/\/revistapotencialhumano.com.mx\/revistadigital\/wp-content\/uploads\/2026\/04\/El-trabajo-hoy_4-747x1024.png\" alt=\"\" class=\"wp-image-3740\" srcset=\"https:\/\/revistapotencialhumano.com.mx\/revistadigital\/wp-content\/uploads\/2026\/04\/El-trabajo-hoy_4-747x1024.png 747w, https:\/\/revistapotencialhumano.com.mx\/revistadigital\/wp-content\/uploads\/2026\/04\/El-trabajo-hoy_4-219x300.png 219w, https:\/\/revistapotencialhumano.com.mx\/revistadigital\/wp-content\/uploads\/2026\/04\/El-trabajo-hoy_4-768x1052.png 768w, https:\/\/revistapotencialhumano.com.mx\/revistadigital\/wp-content\/uploads\/2026\/04\/El-trabajo-hoy_4.png 1000w\" sizes=\"(max-width: 747px) 100vw, 747px\" \/><\/figure>\n\n\n\n<p class=\"has-text-align-center has-medium-font-size\"><strong>El rol del liderazgo: m\u00e1s humano, m\u00e1s consciente<\/strong><\/p>\n\n\n\n<p>En este contexto, liderar ya no es solo dirigir equipos o alcanzar objetivos. Es acompa\u00f1ar procesos.<\/p>\n\n\n\n<p>Los l\u00edderes hoy enfrentan el reto de gestionar personas que no solo buscan resultados, sino tambi\u00e9n claridad, reconocimiento y equilibrio. Personas que quieren crecer, pero tambi\u00e9n vivir mejor.<\/p>\n\n\n\n<p>Esto exige una transformaci\u00f3n profunda en la forma de liderar: m\u00e1s escucha, m\u00e1s empat\u00eda, m\u00e1s coherencia. No se trata de suavizar la exigencia, sino de hacerla sostenible.<\/p>\n\n\n\n<p>Las organizaciones que est\u00e1n marcando la diferencia no son necesariamente las que presionan m\u00e1s, sino las que logran construir entornos donde las personas pueden dar resultados sin perderse en el camino.<\/p>\n\n\n\n<p class=\"has-text-align-center has-medium-font-size\"><strong>El trabajo tambi\u00e9n es una conversaci\u00f3n social<\/strong><\/p>\n\n\n\n<p>M\u00e1s all\u00e1 de lo individual y lo organizacional, el trabajo sigue siendo un tema colectivo.<\/p>\n\n\n\n<p>Las discusiones sobre jornadas laborales, bienestar, salario digno y regulaci\u00f3n del trabajo digital reflejan que estamos en un momento de ajuste. Estamos redefiniendo las reglas.<\/p>\n\n\n\n<p><strong><em>\u201cEl verdadero \u00e9xito no es solo crecer, es poder hacerlo sin perderse en el camino.\u201d<\/em><\/strong><strong><\/strong><\/p>\n\n\n\n<p>En M\u00e9xico y en Am\u00e9rica Latina, este proceso tiene retos particulares: informalidad, desigualdad y la necesidad de generar oportunidades reales de crecimiento.<\/p>\n\n\n\n<p>Pero tambi\u00e9n tiene una oportunidad: construir modelos de trabajo m\u00e1s conscientes, m\u00e1s equilibrados y m\u00e1s humanos.<\/p>\n\n\n\n<figure class=\"wp-block-image alignfull size-large\"><img loading=\"lazy\" decoding=\"async\" width=\"747\" height=\"1024\" src=\"https:\/\/revistapotencialhumano.com.mx\/revistadigital\/wp-content\/uploads\/2026\/04\/El-trabajo-hoy_5-747x1024.png\" alt=\"\" class=\"wp-image-3741\" srcset=\"https:\/\/revistapotencialhumano.com.mx\/revistadigital\/wp-content\/uploads\/2026\/04\/El-trabajo-hoy_5-747x1024.png 747w, https:\/\/revistapotencialhumano.com.mx\/revistadigital\/wp-content\/uploads\/2026\/04\/El-trabajo-hoy_5-219x300.png 219w, https:\/\/revistapotencialhumano.com.mx\/revistadigital\/wp-content\/uploads\/2026\/04\/El-trabajo-hoy_5-768x1052.png 768w, https:\/\/revistapotencialhumano.com.mx\/revistadigital\/wp-content\/uploads\/2026\/04\/El-trabajo-hoy_5.png 1000w\" sizes=\"(max-width: 747px) 100vw, 747px\" \/><\/figure>\n\n\n\n<p class=\"has-text-align-center has-medium-font-size\"><strong>Una invitaci\u00f3n a repensar nuestra relaci\u00f3n con el trabajo<\/strong><\/p>\n\n\n\n<p>En medio de todos estos cambios, quiz\u00e1 la pregunta m\u00e1s relevante no es qu\u00e9 va a pasar con el trabajo, sino c\u00f3mo queremos vivirlo.<\/p>\n\n\n\n<p>Porque, al final, el trabajo ocupa una parte importante de nuestra vida. Y la forma en que lo experimentamos impacta directamente en nuestro bienestar, en nuestras relaciones y en nuestra percepci\u00f3n de \u00e9xito.<\/p>\n\n\n\n<p>Hoy tenemos la oportunidad \u2014y la responsabilidad\u2014 de construir una relaci\u00f3n m\u00e1s sana con lo que hacemos.<\/p>\n\n\n\n<p>Una relaci\u00f3n donde la exigencia no anule el bienestar. Donde el crecimiento no implique desgaste constante. Y donde el trabajo, adem\u00e1s de sostenernos, tambi\u00e9n nos permita avanzar con sentido.<\/p>\n\n\n\n<p>Creo que estamos viviendo un momento que nos obliga a replantear, con honestidad, nuestra relaci\u00f3n con el trabajo.<\/p>\n\n\n\n<p>No desde el deber ser, ni desde discursos idealizados, sino desde lo que realmente estamos experimentando todos los d\u00edas: la exigencia, la incertidumbre, pero tambi\u00e9n la posibilidad de hacer las cosas distinto.<\/p>\n\n\n\n<p>El trabajo seguir\u00e1 cambiando, con o sin nosotros. La diferencia estar\u00e1 en c\u00f3mo decidimos posicionarnos frente a ese cambio: si solo reaccionamos o si asumimos un papel m\u00e1s consciente en la forma en que trabajamos, lideramos y construimos.<\/p>\n\n\n\n<p>Porque al final, m\u00e1s all\u00e1 de los modelos, las tendencias o la tecnolog\u00eda, el trabajo sigue siendo profundamente humano.<\/p>\n\n\n\n<p>Y quiz\u00e1 ese sea el punto de partida m\u00e1s importante para lo que viene.<\/p>\n\n\n\n<hr class=\"wp-block-separator has-alpha-channel-opacity\"\/>\n\n\n\n<p class=\"has-text-align-center has-medium-font-size\"><strong>\u00bfTe gust\u00f3 este art\u00edculo? Conoce m\u00e1s temas relacionados<\/strong><\/p>\n\n\n\n<div class=\"wp-block-buttons is-content-justification-center is-layout-flex wp-container-core-buttons-is-layout-a89b3969 wp-block-buttons-is-layout-flex\">\n<div class=\"wp-block-button\"><a class=\"wp-block-button__link has-vivid-red-background-color has-background wp-element-button\" href=\"https:\/\/revistapotencialhumano.com.mx\/revistadigital\/category\/legal\/\">ver m\u00e1s art\u00edculos relacionados<\/a><\/div>\n<\/div>\n\n\n\n<p><\/p>\n","protected":false},"excerpt":{"rendered":"<p>El trabajo ya no es solo un lugar al que vamos todos los d\u00edas. Es una experiencia que nos acompa\u00f1a, que se mezcla con nuestra vida personal&#8230;<\/p>\n","protected":false},"author":3,"featured_media":3742,"comment_status":"open","ping_status":"open","sticky":false,"template":"","format":"standard","meta":{"_monsterinsights_skip_tracking":false,"_monsterinsights_sitenote_active":false,"_monsterinsights_sitenote_note":"","_monsterinsights_sitenote_category":0,"site-sidebar-layout":"default","site-content-layout":"","ast-site-content-layout":"default","site-content-style":"default","site-sidebar-style":"default","ast-global-header-display":"","ast-banner-title-visibility":"","ast-main-header-display":"","ast-hfb-above-header-display":"","ast-hfb-below-header-display":"","ast-hfb-mobile-header-display":"","site-post-title":"","ast-breadcrumbs-content":"","ast-featured-img":"","footer-sml-layout":"","theme-transparent-header-meta":"","adv-header-id-meta":"","stick-header-meta":"","header-above-stick-meta":"","header-main-stick-meta":"","header-below-stick-meta":"","astra-migrate-meta-layouts":"set","ast-page-background-enabled":"default","ast-page-background-meta":{"desktop":{"background-color":"","background-image":"","background-repeat":"repeat","background-position":"center center","background-size":"auto","background-attachment":"scroll","background-type":"","background-media":"","overlay-type":"","overlay-color":"","overlay-opacity":"","overlay-gradient":""},"tablet":{"background-color":"","background-image":"","background-repeat":"repeat","background-position":"center center","background-size":"auto","background-attachment":"scroll","background-type":"","background-media":"","overlay-type":"","overlay-color":"","overlay-opacity":"","overlay-gradient":""},"mobile":{"background-color":"","background-image":"","background-repeat":"repeat","background-position":"center center","background-size":"auto","background-attachment":"scroll","background-type":"","background-media":"","overlay-type":"","overlay-color":"","overlay-opacity":"","overlay-gradient":""}},"ast-content-background-meta":{"desktop":{"background-color":"var(--ast-global-color-5)","background-image":"","background-repeat":"repeat","background-position":"center center","background-size":"auto","background-attachment":"scroll","background-type":"","background-media":"","overlay-type":"","overlay-color":"","overlay-opacity":"","overlay-gradient":""},"tablet":{"background-color":"var(--ast-global-color-5)","background-image":"","background-repeat":"repeat","background-position":"center center","background-size":"auto","background-attachment":"scroll","background-type":"","background-media":"","overlay-type":"","overlay-color":"","overlay-opacity":"","overlay-gradient":""},"mobile":{"background-color":"var(--ast-global-color-5)","background-image":"","background-repeat":"repeat","background-position":"center center","background-size":"auto","background-attachment":"scroll","background-type":"","background-media":"","overlay-type":"","overlay-color":"","overlay-opacity":"","overlay-gradient":""}},"_jetpack_memberships_contains_paid_content":false,"footnotes":""},"categories":[30],"tags":[32,31,25],"class_list":["post-3736","post","type-post","status-publish","format-standard","has-post-thumbnail","hentry","category-legal","tag-articulo","tag-legal","tag-revista"],"yoast_head":"<!-- This site is optimized with the Yoast SEO plugin v27.4 - https:\/\/yoast.com\/product\/yoast-seo-wordpress\/ -->\n<title>El trabajo hoy: entre la exigencia, el sentido y la posibilidad - Potencial Humano<\/title>\n<meta name=\"description\" content=\"El trabajo ya no es solo un lugar al que vamos todos los d\u00edas. Es una experiencia que nos acompa\u00f1a, que se mezcla con nuestra vida personal...\" \/>\n<meta name=\"robots\" content=\"index, follow, max-snippet:-1, max-image-preview:large, max-video-preview:-1\" \/>\n<link rel=\"canonical\" href=\"https:\/\/revistapotencialhumano.com.mx\/revistadigital\/el-trabajo-hoy-entre-la-exigencia-el-sentido-y-la-posibilidad\/\" \/>\n<meta property=\"og:locale\" content=\"es_ES\" \/>\n<meta property=\"og:type\" content=\"article\" \/>\n<meta property=\"og:title\" content=\"El trabajo hoy: entre la exigencia, el sentido y la posibilidad\" \/>\n<meta property=\"og:description\" content=\"El trabajo ya no es solo un lugar al que vamos todos los d\u00edas. Es una experiencia que nos acompa\u00f1a, que se mezcla con nuestra vida personal...\" \/>\n<meta property=\"og:url\" content=\"https:\/\/revistapotencialhumano.com.mx\/revistadigital\/el-trabajo-hoy-entre-la-exigencia-el-sentido-y-la-posibilidad\/\" \/>\n<meta property=\"og:site_name\" content=\"Potencial Humano\" \/>\n<meta property=\"article:published_time\" content=\"2026-04-29T08:12:00+00:00\" \/>\n<meta property=\"og:image\" content=\"https:\/\/revistapotencialhumano.com.mx\/revistadigital\/wp-content\/uploads\/2026\/04\/El-trabajo-hoy_3.png\" \/>\n\t<meta property=\"og:image:width\" content=\"1200\" \/>\n\t<meta property=\"og:image:height\" content=\"630\" \/>\n\t<meta property=\"og:image:type\" content=\"image\/png\" \/>\n<meta name=\"author\" content=\"Cesar Aldana\" \/>\n<meta name=\"twitter:card\" content=\"summary_large_image\" \/>\n<meta name=\"twitter:label1\" content=\"Written by\" \/>\n\t<meta name=\"twitter:data1\" content=\"Cesar Aldana\" \/>\n\t<meta name=\"twitter:label2\" content=\"Est. reading time\" \/>\n\t<meta name=\"twitter:data2\" content=\"7 minutos\" \/>\n<script type=\"application\/ld+json\" class=\"yoast-schema-graph\">{\"@context\":\"https:\\\/\\\/schema.org\",\"@graph\":[{\"@type\":\"Article\",\"@id\":\"https:\\\/\\\/revistapotencialhumano.com.mx\\\/revistadigital\\\/el-trabajo-hoy-entre-la-exigencia-el-sentido-y-la-posibilidad\\\/#article\",\"isPartOf\":{\"@id\":\"https:\\\/\\\/revistapotencialhumano.com.mx\\\/revistadigital\\\/el-trabajo-hoy-entre-la-exigencia-el-sentido-y-la-posibilidad\\\/\"},\"author\":{\"name\":\"Cesar Aldana\",\"@id\":\"https:\\\/\\\/revistapotencialhumano.com.mx\\\/revistadigital\\\/#\\\/schema\\\/person\\\/c15a4d9b0bcd4a8160bd7018497e2a62\"},\"headline\":\"El trabajo hoy: entre la exigencia, el sentido y la posibilidad\",\"datePublished\":\"2026-04-29T08:12:00+00:00\",\"mainEntityOfPage\":{\"@id\":\"https:\\\/\\\/revistapotencialhumano.com.mx\\\/revistadigital\\\/el-trabajo-hoy-entre-la-exigencia-el-sentido-y-la-posibilidad\\\/\"},\"wordCount\":1205,\"commentCount\":0,\"publisher\":{\"@id\":\"https:\\\/\\\/revistapotencialhumano.com.mx\\\/revistadigital\\\/#organization\"},\"image\":{\"@id\":\"https:\\\/\\\/revistapotencialhumano.com.mx\\\/revistadigital\\\/el-trabajo-hoy-entre-la-exigencia-el-sentido-y-la-posibilidad\\\/#primaryimage\"},\"thumbnailUrl\":\"https:\\\/\\\/revistapotencialhumano.com.mx\\\/revistadigital\\\/wp-content\\\/uploads\\\/2026\\\/04\\\/El-trabajo-hoy_6.png\",\"keywords\":[\"articulo\",\"legal\",\"revista\"],\"articleSection\":[\"Legal\"],\"inLanguage\":\"es\",\"potentialAction\":[{\"@type\":\"CommentAction\",\"name\":\"Comment\",\"target\":[\"https:\\\/\\\/revistapotencialhumano.com.mx\\\/revistadigital\\\/el-trabajo-hoy-entre-la-exigencia-el-sentido-y-la-posibilidad\\\/#respond\"]}]},{\"@type\":\"WebPage\",\"@id\":\"https:\\\/\\\/revistapotencialhumano.com.mx\\\/revistadigital\\\/el-trabajo-hoy-entre-la-exigencia-el-sentido-y-la-posibilidad\\\/\",\"url\":\"https:\\\/\\\/revistapotencialhumano.com.mx\\\/revistadigital\\\/el-trabajo-hoy-entre-la-exigencia-el-sentido-y-la-posibilidad\\\/\",\"name\":\"El trabajo hoy: entre la exigencia, el sentido y la posibilidad - Potencial Humano\",\"isPartOf\":{\"@id\":\"https:\\\/\\\/revistapotencialhumano.com.mx\\\/revistadigital\\\/#website\"},\"primaryImageOfPage\":{\"@id\":\"https:\\\/\\\/revistapotencialhumano.com.mx\\\/revistadigital\\\/el-trabajo-hoy-entre-la-exigencia-el-sentido-y-la-posibilidad\\\/#primaryimage\"},\"image\":{\"@id\":\"https:\\\/\\\/revistapotencialhumano.com.mx\\\/revistadigital\\\/el-trabajo-hoy-entre-la-exigencia-el-sentido-y-la-posibilidad\\\/#primaryimage\"},\"thumbnailUrl\":\"https:\\\/\\\/revistapotencialhumano.com.mx\\\/revistadigital\\\/wp-content\\\/uploads\\\/2026\\\/04\\\/El-trabajo-hoy_6.png\",\"datePublished\":\"2026-04-29T08:12:00+00:00\",\"description\":\"El trabajo ya no es solo un lugar al que vamos todos los d\u00edas. Es una experiencia que nos acompa\u00f1a, que se mezcla con nuestra vida personal...\",\"breadcrumb\":{\"@id\":\"https:\\\/\\\/revistapotencialhumano.com.mx\\\/revistadigital\\\/el-trabajo-hoy-entre-la-exigencia-el-sentido-y-la-posibilidad\\\/#breadcrumb\"},\"inLanguage\":\"es\",\"potentialAction\":[{\"@type\":\"ReadAction\",\"target\":[\"https:\\\/\\\/revistapotencialhumano.com.mx\\\/revistadigital\\\/el-trabajo-hoy-entre-la-exigencia-el-sentido-y-la-posibilidad\\\/\"]}]},{\"@type\":\"ImageObject\",\"inLanguage\":\"es\",\"@id\":\"https:\\\/\\\/revistapotencialhumano.com.mx\\\/revistadigital\\\/el-trabajo-hoy-entre-la-exigencia-el-sentido-y-la-posibilidad\\\/#primaryimage\",\"url\":\"https:\\\/\\\/revistapotencialhumano.com.mx\\\/revistadigital\\\/wp-content\\\/uploads\\\/2026\\\/04\\\/El-trabajo-hoy_6.png\",\"contentUrl\":\"https:\\\/\\\/revistapotencialhumano.com.mx\\\/revistadigital\\\/wp-content\\\/uploads\\\/2026\\\/04\\\/El-trabajo-hoy_6.png\",\"width\":1000,\"height\":1370},{\"@type\":\"BreadcrumbList\",\"@id\":\"https:\\\/\\\/revistapotencialhumano.com.mx\\\/revistadigital\\\/el-trabajo-hoy-entre-la-exigencia-el-sentido-y-la-posibilidad\\\/#breadcrumb\",\"itemListElement\":[{\"@type\":\"ListItem\",\"position\":1,\"name\":\"Home\",\"item\":\"https:\\\/\\\/revistapotencialhumano.com.mx\\\/revistadigital\\\/\"},{\"@type\":\"ListItem\",\"position\":2,\"name\":\"El trabajo hoy: entre la exigencia, el sentido y la posibilidad\"}]},{\"@type\":\"WebSite\",\"@id\":\"https:\\\/\\\/revistapotencialhumano.com.mx\\\/revistadigital\\\/#website\",\"url\":\"https:\\\/\\\/revistapotencialhumano.com.mx\\\/revistadigital\\\/\",\"name\":\"Revista Potencial Humano\",\"description\":\"Revista digital\",\"publisher\":{\"@id\":\"https:\\\/\\\/revistapotencialhumano.com.mx\\\/revistadigital\\\/#organization\"},\"potentialAction\":[{\"@type\":\"SearchAction\",\"target\":{\"@type\":\"EntryPoint\",\"urlTemplate\":\"https:\\\/\\\/revistapotencialhumano.com.mx\\\/revistadigital\\\/?s={search_term_string}\"},\"query-input\":{\"@type\":\"PropertyValueSpecification\",\"valueRequired\":true,\"valueName\":\"search_term_string\"}}],\"inLanguage\":\"es\"},{\"@type\":\"Organization\",\"@id\":\"https:\\\/\\\/revistapotencialhumano.com.mx\\\/revistadigital\\\/#organization\",\"name\":\"Revista Potencial Humano\",\"url\":\"https:\\\/\\\/revistapotencialhumano.com.mx\\\/revistadigital\\\/\",\"logo\":{\"@type\":\"ImageObject\",\"inLanguage\":\"es\",\"@id\":\"https:\\\/\\\/revistapotencialhumano.com.mx\\\/revistadigital\\\/#\\\/schema\\\/logo\\\/image\\\/\",\"url\":\"https:\\\/\\\/revistapotencialhumano.com.mx\\\/revistadigital\\\/wp-content\\\/uploads\\\/2023\\\/09\\\/logo_ph_gris.png\",\"contentUrl\":\"https:\\\/\\\/revistapotencialhumano.com.mx\\\/revistadigital\\\/wp-content\\\/uploads\\\/2023\\\/09\\\/logo_ph_gris.png\",\"width\":1920,\"height\":1080,\"caption\":\"Revista Potencial Humano\"},\"image\":{\"@id\":\"https:\\\/\\\/revistapotencialhumano.com.mx\\\/revistadigital\\\/#\\\/schema\\\/logo\\\/image\\\/\"},\"sameAs\":[\"https:\\\/\\\/open.spotify.com\\\/show\\\/2pIEFqnQDVKaEQzKkIOtQw?si=08622ad32ea742cb\"]},{\"@type\":\"Person\",\"@id\":\"https:\\\/\\\/revistapotencialhumano.com.mx\\\/revistadigital\\\/#\\\/schema\\\/person\\\/c15a4d9b0bcd4a8160bd7018497e2a62\",\"name\":\"Cesar Aldana\",\"image\":{\"@type\":\"ImageObject\",\"inLanguage\":\"es\",\"@id\":\"https:\\\/\\\/secure.gravatar.com\\\/avatar\\\/450d0f79afa319363394649e6db54defdeb1e27cdb703b1b90293cd7b11ed3f5?s=96&d=mm&r=g\",\"url\":\"https:\\\/\\\/secure.gravatar.com\\\/avatar\\\/450d0f79afa319363394649e6db54defdeb1e27cdb703b1b90293cd7b11ed3f5?s=96&d=mm&r=g\",\"contentUrl\":\"https:\\\/\\\/secure.gravatar.com\\\/avatar\\\/450d0f79afa319363394649e6db54defdeb1e27cdb703b1b90293cd7b11ed3f5?s=96&d=mm&r=g\",\"caption\":\"Cesar Aldana\"},\"url\":\"https:\\\/\\\/revistapotencialhumano.com.mx\\\/revistadigital\\\/author\\\/cesar\\\/\"}]}<\/script>\n<!-- \/ Yoast SEO plugin. -->","yoast_head_json":{"title":"El trabajo hoy: entre la exigencia, el sentido y la posibilidad - Potencial Humano","description":"El trabajo ya no es solo un lugar al que vamos todos los d\u00edas. Es una experiencia que nos acompa\u00f1a, que se mezcla con nuestra vida personal...","robots":{"index":"index","follow":"follow","max-snippet":"max-snippet:-1","max-image-preview":"max-image-preview:large","max-video-preview":"max-video-preview:-1"},"canonical":"https:\/\/revistapotencialhumano.com.mx\/revistadigital\/el-trabajo-hoy-entre-la-exigencia-el-sentido-y-la-posibilidad\/","og_locale":"es_ES","og_type":"article","og_title":"El trabajo hoy: entre la exigencia, el sentido y la posibilidad","og_description":"El trabajo ya no es solo un lugar al que vamos todos los d\u00edas. Es una experiencia que nos acompa\u00f1a, que se mezcla con nuestra vida personal...","og_url":"https:\/\/revistapotencialhumano.com.mx\/revistadigital\/el-trabajo-hoy-entre-la-exigencia-el-sentido-y-la-posibilidad\/","og_site_name":"Potencial Humano","article_published_time":"2026-04-29T08:12:00+00:00","og_image":[{"width":1200,"height":630,"url":"https:\/\/revistapotencialhumano.com.mx\/revistadigital\/wp-content\/uploads\/2026\/04\/El-trabajo-hoy_3.png","type":"image\/png"}],"author":"Cesar Aldana","twitter_card":"summary_large_image","twitter_misc":{"Written by":"Cesar Aldana","Est. reading time":"7 minutos"},"schema":{"@context":"https:\/\/schema.org","@graph":[{"@type":"Article","@id":"https:\/\/revistapotencialhumano.com.mx\/revistadigital\/el-trabajo-hoy-entre-la-exigencia-el-sentido-y-la-posibilidad\/#article","isPartOf":{"@id":"https:\/\/revistapotencialhumano.com.mx\/revistadigital\/el-trabajo-hoy-entre-la-exigencia-el-sentido-y-la-posibilidad\/"},"author":{"name":"Cesar Aldana","@id":"https:\/\/revistapotencialhumano.com.mx\/revistadigital\/#\/schema\/person\/c15a4d9b0bcd4a8160bd7018497e2a62"},"headline":"El trabajo hoy: entre la exigencia, el sentido y la posibilidad","datePublished":"2026-04-29T08:12:00+00:00","mainEntityOfPage":{"@id":"https:\/\/revistapotencialhumano.com.mx\/revistadigital\/el-trabajo-hoy-entre-la-exigencia-el-sentido-y-la-posibilidad\/"},"wordCount":1205,"commentCount":0,"publisher":{"@id":"https:\/\/revistapotencialhumano.com.mx\/revistadigital\/#organization"},"image":{"@id":"https:\/\/revistapotencialhumano.com.mx\/revistadigital\/el-trabajo-hoy-entre-la-exigencia-el-sentido-y-la-posibilidad\/#primaryimage"},"thumbnailUrl":"https:\/\/revistapotencialhumano.com.mx\/revistadigital\/wp-content\/uploads\/2026\/04\/El-trabajo-hoy_6.png","keywords":["articulo","legal","revista"],"articleSection":["Legal"],"inLanguage":"es","potentialAction":[{"@type":"CommentAction","name":"Comment","target":["https:\/\/revistapotencialhumano.com.mx\/revistadigital\/el-trabajo-hoy-entre-la-exigencia-el-sentido-y-la-posibilidad\/#respond"]}]},{"@type":"WebPage","@id":"https:\/\/revistapotencialhumano.com.mx\/revistadigital\/el-trabajo-hoy-entre-la-exigencia-el-sentido-y-la-posibilidad\/","url":"https:\/\/revistapotencialhumano.com.mx\/revistadigital\/el-trabajo-hoy-entre-la-exigencia-el-sentido-y-la-posibilidad\/","name":"El trabajo hoy: entre la exigencia, el sentido y la posibilidad - Potencial Humano","isPartOf":{"@id":"https:\/\/revistapotencialhumano.com.mx\/revistadigital\/#website"},"primaryImageOfPage":{"@id":"https:\/\/revistapotencialhumano.com.mx\/revistadigital\/el-trabajo-hoy-entre-la-exigencia-el-sentido-y-la-posibilidad\/#primaryimage"},"image":{"@id":"https:\/\/revistapotencialhumano.com.mx\/revistadigital\/el-trabajo-hoy-entre-la-exigencia-el-sentido-y-la-posibilidad\/#primaryimage"},"thumbnailUrl":"https:\/\/revistapotencialhumano.com.mx\/revistadigital\/wp-content\/uploads\/2026\/04\/El-trabajo-hoy_6.png","datePublished":"2026-04-29T08:12:00+00:00","description":"El trabajo ya no es solo un lugar al que vamos todos los d\u00edas. Es una experiencia que nos acompa\u00f1a, que se mezcla con nuestra vida personal...","breadcrumb":{"@id":"https:\/\/revistapotencialhumano.com.mx\/revistadigital\/el-trabajo-hoy-entre-la-exigencia-el-sentido-y-la-posibilidad\/#breadcrumb"},"inLanguage":"es","potentialAction":[{"@type":"ReadAction","target":["https:\/\/revistapotencialhumano.com.mx\/revistadigital\/el-trabajo-hoy-entre-la-exigencia-el-sentido-y-la-posibilidad\/"]}]},{"@type":"ImageObject","inLanguage":"es","@id":"https:\/\/revistapotencialhumano.com.mx\/revistadigital\/el-trabajo-hoy-entre-la-exigencia-el-sentido-y-la-posibilidad\/#primaryimage","url":"https:\/\/revistapotencialhumano.com.mx\/revistadigital\/wp-content\/uploads\/2026\/04\/El-trabajo-hoy_6.png","contentUrl":"https:\/\/revistapotencialhumano.com.mx\/revistadigital\/wp-content\/uploads\/2026\/04\/El-trabajo-hoy_6.png","width":1000,"height":1370},{"@type":"BreadcrumbList","@id":"https:\/\/revistapotencialhumano.com.mx\/revistadigital\/el-trabajo-hoy-entre-la-exigencia-el-sentido-y-la-posibilidad\/#breadcrumb","itemListElement":[{"@type":"ListItem","position":1,"name":"Home","item":"https:\/\/revistapotencialhumano.com.mx\/revistadigital\/"},{"@type":"ListItem","position":2,"name":"El trabajo hoy: entre la exigencia, el sentido y la posibilidad"}]},{"@type":"WebSite","@id":"https:\/\/revistapotencialhumano.com.mx\/revistadigital\/#website","url":"https:\/\/revistapotencialhumano.com.mx\/revistadigital\/","name":"Revista Potencial Humano","description":"Revista digital","publisher":{"@id":"https:\/\/revistapotencialhumano.com.mx\/revistadigital\/#organization"},"potentialAction":[{"@type":"SearchAction","target":{"@type":"EntryPoint","urlTemplate":"https:\/\/revistapotencialhumano.com.mx\/revistadigital\/?s={search_term_string}"},"query-input":{"@type":"PropertyValueSpecification","valueRequired":true,"valueName":"search_term_string"}}],"inLanguage":"es"},{"@type":"Organization","@id":"https:\/\/revistapotencialhumano.com.mx\/revistadigital\/#organization","name":"Revista Potencial Humano","url":"https:\/\/revistapotencialhumano.com.mx\/revistadigital\/","logo":{"@type":"ImageObject","inLanguage":"es","@id":"https:\/\/revistapotencialhumano.com.mx\/revistadigital\/#\/schema\/logo\/image\/","url":"https:\/\/revistapotencialhumano.com.mx\/revistadigital\/wp-content\/uploads\/2023\/09\/logo_ph_gris.png","contentUrl":"https:\/\/revistapotencialhumano.com.mx\/revistadigital\/wp-content\/uploads\/2023\/09\/logo_ph_gris.png","width":1920,"height":1080,"caption":"Revista Potencial Humano"},"image":{"@id":"https:\/\/revistapotencialhumano.com.mx\/revistadigital\/#\/schema\/logo\/image\/"},"sameAs":["https:\/\/open.spotify.com\/show\/2pIEFqnQDVKaEQzKkIOtQw?si=08622ad32ea742cb"]},{"@type":"Person","@id":"https:\/\/revistapotencialhumano.com.mx\/revistadigital\/#\/schema\/person\/c15a4d9b0bcd4a8160bd7018497e2a62","name":"Cesar Aldana","image":{"@type":"ImageObject","inLanguage":"es","@id":"https:\/\/secure.gravatar.com\/avatar\/450d0f79afa319363394649e6db54defdeb1e27cdb703b1b90293cd7b11ed3f5?s=96&d=mm&r=g","url":"https:\/\/secure.gravatar.com\/avatar\/450d0f79afa319363394649e6db54defdeb1e27cdb703b1b90293cd7b11ed3f5?s=96&d=mm&r=g","contentUrl":"https:\/\/secure.gravatar.com\/avatar\/450d0f79afa319363394649e6db54defdeb1e27cdb703b1b90293cd7b11ed3f5?s=96&d=mm&r=g","caption":"Cesar Aldana"},"url":"https:\/\/revistapotencialhumano.com.mx\/revistadigital\/author\/cesar\/"}]}},"jetpack_featured_media_url":"https:\/\/revistapotencialhumano.com.mx\/revistadigital\/wp-content\/uploads\/2026\/04\/El-trabajo-hoy_6.png","jetpack_sharing_enabled":true,"_links":{"self":[{"href":"https:\/\/revistapotencialhumano.com.mx\/revistadigital\/wp-json\/wp\/v2\/posts\/3736","targetHints":{"allow":["GET"]}}],"collection":[{"href":"https:\/\/revistapotencialhumano.com.mx\/revistadigital\/wp-json\/wp\/v2\/posts"}],"about":[{"href":"https:\/\/revistapotencialhumano.com.mx\/revistadigital\/wp-json\/wp\/v2\/types\/post"}],"author":[{"embeddable":true,"href":"https:\/\/revistapotencialhumano.com.mx\/revistadigital\/wp-json\/wp\/v2\/users\/3"}],"replies":[{"embeddable":true,"href":"https:\/\/revistapotencialhumano.com.mx\/revistadigital\/wp-json\/wp\/v2\/comments?post=3736"}],"version-history":[{"count":1,"href":"https:\/\/revistapotencialhumano.com.mx\/revistadigital\/wp-json\/wp\/v2\/posts\/3736\/revisions"}],"predecessor-version":[{"id":3743,"href":"https:\/\/revistapotencialhumano.com.mx\/revistadigital\/wp-json\/wp\/v2\/posts\/3736\/revisions\/3743"}],"wp:featuredmedia":[{"embeddable":true,"href":"https:\/\/revistapotencialhumano.com.mx\/revistadigital\/wp-json\/wp\/v2\/media\/3742"}],"wp:attachment":[{"href":"https:\/\/revistapotencialhumano.com.mx\/revistadigital\/wp-json\/wp\/v2\/media?parent=3736"}],"wp:term":[{"taxonomy":"category","embeddable":true,"href":"https:\/\/revistapotencialhumano.com.mx\/revistadigital\/wp-json\/wp\/v2\/categories?post=3736"},{"taxonomy":"post_tag","embeddable":true,"href":"https:\/\/revistapotencialhumano.com.mx\/revistadigital\/wp-json\/wp\/v2\/tags?post=3736"}],"curies":[{"name":"wp","href":"https:\/\/api.w.org\/{rel}","templated":true}]}}