{"id":3754,"date":"2026-04-29T08:16:00","date_gmt":"2026-04-29T08:16:00","guid":{"rendered":"https:\/\/revistapotencialhumano.com.mx\/revistadigital\/?p=3754"},"modified":"2026-04-27T19:17:28","modified_gmt":"2026-04-27T19:17:28","slug":"dra-lizi-rodriguez-la-mente-como-estrategia-de-liderazgo","status":"publish","type":"post","link":"https:\/\/revistapotencialhumano.com.mx\/revistadigital\/dra-lizi-rodriguez-la-mente-como-estrategia-de-liderazgo\/","title":{"rendered":"Dra. Lizi Rodr\u00edguez: La mente como estrategia de liderazgo"},"content":{"rendered":"\n<p><strong>El liderazgo consciente como clave para el alto desempe\u00f1o sostenible<\/strong><\/p>\n\n\n\n<p class=\"has-ast-global-color-1-color has-text-color has-link-color has-small-font-size wp-elements-cb035830ad9c9bb1aeec4e6c6f10fd52\"><strong><em>Entrevista por Christopher Trejo<\/em><\/strong><\/p>\n\n\n\n<p><strong>Antes de entrar en materia, quisimos conversar con la Dra. Lizi Rodr\u00edguez sobre lo que hay detr\u00e1s del liderazgo que vemos todos los d\u00edas. Hablamos de mente, emociones, decisiones y del costo personal que muchas veces no se ve. Tambi\u00e9n de lo que realmente implica liderar en un entorno cada vez m\u00e1s exigente. Esta es una conversaci\u00f3n honesta, cercana y profundamente humana. Un espacio para cuestionarnos, entendernos y, quiz\u00e1, empezar a transformarnos. Ojal\u00e1 la disfrutes tanto como nosotros al tenerla.Bienvenida Lizi, muchas gracias por el tiempo que vas a compartir con nosotros.<\/strong><\/p>\n\n\n\n<p>Muchas gracias a ti a tu equipo porque creo que esta entrevista ser\u00e1 muy enriquecedora.<\/p>\n\n\n\n<p><strong>A lo largo de tu trayectoria has transitado por televisi\u00f3n, radio, conferencias y consultor\u00eda. \u00bfEn qu\u00e9 momento descubriste que tu misi\u00f3n estaba en impulsar procesos de transformaci\u00f3n personal y profesional en las personas?<\/strong><\/p>\n\n\n\n<p>M\u00e1s que un momento espec\u00edfico, fue un proceso que se fue revelando con los a\u00f1os. Desde muy temprano en mi carrera como psic\u00f3loga observ\u00e9 algo muy claro: las personas no carecen de talento, inteligencia o capacidad; lo que muchas veces les falta es amor propio, cre\u00e9rsela y contar con herramientas pr\u00e1cticas para gestionar sus emociones y enfrentar los miedos e inseguridades que inevitablemente aparecen en la vida.<\/p>\n\n\n\n<p>A veces, esa falta de seguridad interior se disfraza detr\u00e1s de un ego fuerte \u2014o de la idea de que \u201ctodo lo podemos\u201d\u2014 cuando en realidad suele esconder inseguridades profundas y viene acompa\u00f1ada de un desgaste silencioso que termina afectando no solo a la persona, sino a su vida en general. Con el tiempo, tanto en consulta como en mi trabajo en medios, conferencias y procesos de consultor\u00eda con l\u00edderes y organizaciones, identifiqu\u00e9 un patr\u00f3n recurrente: para ser un l\u00edder exitoso en la vida y en las organizaciones, primero hay que aprender a liderarse a uno mismo. Eso implica convertirse en una prioridad, cuidar la salud mental y f\u00edsica, y desarrollar mayor conciencia sobre c\u00f3mo pensamos, reaccionamos y tomamos decisiones.<\/p>\n\n\n\n<p>De esa comprensi\u00f3n nacieron metodolog\u00edas como <em>Descubre a tu superh\u00e9roe<\/em> y <em>The Accountability Experience<\/em>. M\u00e1s que inspirar, estos programas buscan que las personas descubran su verdadero potencial y tambi\u00e9n reconozcan esa parte interna que las sabotea.<\/p>\n\n\n\n<p>Cuando alguien identifica su superpoder y tambi\u00e9n su \u201cdiablito cabr\u00f3n\u201d, cambia la forma en que se mira a s\u00ed mismo y lo que cree que puede lograr. Y cuando eso sucede, cambia todo: la manera en que vive, lidera y construye su futuro.<\/p>\n\n\n\n<figure class=\"wp-block-image size-large\"><img fetchpriority=\"high\" decoding=\"async\" width=\"1024\" height=\"538\" src=\"https:\/\/revistapotencialhumano.com.mx\/revistadigital\/wp-content\/uploads\/2026\/04\/Lizi-Rodriguez_1-1024x538.png\" alt=\"\" class=\"wp-image-3755\" srcset=\"https:\/\/revistapotencialhumano.com.mx\/revistadigital\/wp-content\/uploads\/2026\/04\/Lizi-Rodriguez_1-1024x538.png 1024w, https:\/\/revistapotencialhumano.com.mx\/revistadigital\/wp-content\/uploads\/2026\/04\/Lizi-Rodriguez_1-300x158.png 300w, https:\/\/revistapotencialhumano.com.mx\/revistadigital\/wp-content\/uploads\/2026\/04\/Lizi-Rodriguez_1-768x403.png 768w, https:\/\/revistapotencialhumano.com.mx\/revistadigital\/wp-content\/uploads\/2026\/04\/Lizi-Rodriguez_1.png 1200w\" sizes=\"(max-width: 1024px) 100vw, 1024px\" \/><\/figure>\n\n\n\n<p><strong>Has trabajado con audiencias muy diversas: desde familias y parejas hasta ejecutivos y organizaciones. Desde tu experiencia, \u00bfqu\u00e9 desaf\u00edos emocionales y mentales son hoy los m\u00e1s frecuentes en quienes tienen responsabilidades de liderazgo?<\/strong><\/p>\n\n\n\n<p>Uno de los desaf\u00edos m\u00e1s frecuentes que observo en quienes ocupan posiciones de liderazgo es la enorme presi\u00f3n por sostener resultados en entornos cada vez m\u00e1s exigentes, mientras intentan mantener el equilibrio en su vida personal, cuidar su salud y encontrar espacio para disfrutar lo que hacen.<\/p>\n\n\n\n<p>Muchos l\u00edderes viven en un estado constante de exigencia: toman decisiones complejas, responden a expectativas altas, gestionan equipos y enfrentan incertidumbre, proyectando al mismo tiempo seguridad hacia los dem\u00e1s.<\/p>\n\n\n\n<p>Ese nivel de presi\u00f3n sostenida suele venir acompa\u00f1ado de estr\u00e9s, desgaste emocional y, en muchos casos, una sensaci\u00f3n de soledad de la que pocas veces se habla abiertamente.<\/p>\n\n\n\n<p>Cuando ese desgaste se prolonga, no es raro que empiece a manifestarse tambi\u00e9n en el plano personal: descuido de la salud, sobrepeso, presi\u00f3n arterial alta, dificultades para desconectarse del trabajo o incluso abuso de sustancias como forma de lidiar con el estr\u00e9s.<\/p>\n\n\n\n<p>Son se\u00f1ales de una disfunci\u00f3n personal que muchas veces permanece invisible, pero que inevitablemente termina afectando la calidad del liderazgo.<\/p>\n\n\n\n<p>Por eso, hoy m\u00e1s que nunca, el liderazgo exige algo m\u00e1s que habilidades t\u00e9cnicas o estrat\u00e9gicas. Exige conciencia personal, inteligencia emocional y la capacidad de gestionar la propia mente y las emociones.<\/p>\n\n\n\n<p>Cuando un l\u00edder desarrolla ese nivel de autoconocimiento, no solo mejora su desempe\u00f1o, sino que tambi\u00e9n crea entornos de trabajo m\u00e1s sanos, humanos y efectivos.<\/p>\n\n\n\n<p><strong>Durante m\u00e1s de 30 a\u00f1os has impartido conferencias y seminarios. \u00bfC\u00f3mo ha evolucionado la forma en que las personas \u2014y particularmente los l\u00edderes\u2014 se acercan hoy al desarrollo personal y profesional?<\/strong><\/p>\n\n\n\n<p>Ha evolucionado de manera radical. Durante mucho tiempo, el desarrollo personal se ve\u00eda como algo complementario, casi decorativo, y no como un factor directamente relacionado con el desempe\u00f1o.<\/p>\n\n\n\n<p>Hace 30 a\u00f1os ni siquiera habl\u00e1bamos de <em>burnout<\/em> con la naturalidad con la que hoy lo hacemos. El l\u00edder era evaluado por lo que lograba, no por el costo interno con el que lo lograba.<\/p>\n\n\n\n<p>Eso cambi\u00f3 cuando empez\u00f3 a hacerse evidente algo muy concreto: el desgaste s\u00ed factura.<\/p>\n\n\n\n<p>Factura en baja productividad, malas decisiones, desconexi\u00f3n con los equipos, p\u00e9rdida de creatividad, conflictos innecesarios y en l\u00edderes que, aun siendo muy capaces, ya no pueden sostener el ritmo sin romperse por dentro. Sin duda, la pandemia aceler\u00f3 esa conciencia.<\/p>\n\n\n\n<p>A partir de ah\u00ed, las personas \u2014y especialmente los l\u00edderes\u2014 dejaron de buscar solo inspiraci\u00f3n. Empezaron a buscar herramientas reales, soluciones pr\u00e1cticas y procesos que no solo les digan qu\u00e9 les pasa, sino qu\u00e9 hacer con ello.<\/p>\n\n\n\n<p>Tambi\u00e9n nos volvimos mucho m\u00e1s tecnol\u00f3gicos. Hoy el desarrollo personal y profesional ya no depende \u00fanicamente de asistir a una conferencia o a un taller presencial; ahora puede vivirse a trav\u00e9s de plataformas, metodolog\u00edas y experiencias <em>online<\/em> que permiten acceder a procesos profundos de transformaci\u00f3n de manera pr\u00e1ctica, flexible y escalable.<\/p>\n\n\n\n<p>Hoy un l\u00edder no solo quiere crecer; quiere entenderse, regularse, sostenerse y rendir mejor sin perderse a s\u00ed mismo en el proceso.<\/p>\n\n\n\n<p>Ah\u00ed es donde metodolog\u00edas como <em>Descubre a tu Superh\u00e9roe\u00ae\ufe0f<\/em>, ahora disponible en plataforma digital, responden a una necesidad muy actual: ayudar a las personas a dejar de vivir en piloto autom\u00e1tico, identificar sus patrones, recuperar su poder personal y traducir ese trabajo interno en resultados reales.<\/p>\n\n\n\n<p>Porque, al final, el liderazgo m\u00e1s poderoso ya no es el que m\u00e1s aguanta, sino el que tiene mayor conciencia de s\u00ed mismo.<\/p>\n\n\n\n<figure class=\"wp-block-image size-large\"><img decoding=\"async\" width=\"1024\" height=\"538\" src=\"https:\/\/revistapotencialhumano.com.mx\/revistadigital\/wp-content\/uploads\/2026\/04\/Lizi-Rodriguez_2-1024x538.png\" alt=\"\" class=\"wp-image-3756\" srcset=\"https:\/\/revistapotencialhumano.com.mx\/revistadigital\/wp-content\/uploads\/2026\/04\/Lizi-Rodriguez_2-1024x538.png 1024w, https:\/\/revistapotencialhumano.com.mx\/revistadigital\/wp-content\/uploads\/2026\/04\/Lizi-Rodriguez_2-300x158.png 300w, https:\/\/revistapotencialhumano.com.mx\/revistadigital\/wp-content\/uploads\/2026\/04\/Lizi-Rodriguez_2-768x403.png 768w, https:\/\/revistapotencialhumano.com.mx\/revistadigital\/wp-content\/uploads\/2026\/04\/Lizi-Rodriguez_2.png 1200w\" sizes=\"(max-width: 1024px) 100vw, 1024px\" \/><\/figure>\n\n\n\n<p><strong>Tus talleres \u201cDescubre a tu superh\u00e9roe\u201d y <em>The Accountability Experience<\/em> han impactado a miles de personas. \u00bfCu\u00e1l es la filosof\u00eda detr\u00e1s de estos programas y qu\u00e9 tipo de mentalidad buscas desarrollar en quienes participan?<\/strong><\/p>\n\n\n\n<p>En <em>Descubre a tu superh\u00e9roe<\/em> partimos de una verdad muy simple: nadie vive por encima de la opini\u00f3n que tiene de s\u00ed mismo.<\/p>\n\n\n\n<p>El programa busca que las personas descubran su verdadero valor y comiencen a tratarse con el respeto y la importancia que realmente merecen.<\/p>\n\n\n\n<p>A partir de ah\u00ed ocurre algo muy interesante: empiezan a descubrir su superpoder, ese talento natural que las hace \u00fanicas. Puede ser una mente estrat\u00e9gica, una gran capacidad de influencia, resiliencia, intuici\u00f3n o sensibilidad para leer a los dem\u00e1s.<\/p>\n\n\n\n<p>Tambi\u00e9n es fascinante descubrir de d\u00f3nde viene ese superpoder: algunas personas nacieron con \u00e9l, otras lo aprendieron de alguien que marc\u00f3 su vida y otras lo desarrollaron a partir de una crisis profunda o un cambio trascendental.<\/p>\n\n\n\n<p>Pero tambi\u00e9n aparece el otro lado: el famoso \u201cdiablito cabr\u00f3n\u201d, esa parte interna que sabotea, que hace dudar y que muchas veces frena justo aquello que podr\u00edamos lograr.<\/p>\n\n\n\n<p>Ah\u00ed es donde entra <em>The Accountability Experience<\/em>.<\/p>\n\n\n\n<p>Es interesante porque ni siquiera existe una traducci\u00f3n exacta en espa\u00f1ol para \u201caccountability\u201d. Eso ya dice mucho. Ser <em>accountable<\/em> va mucho m\u00e1s all\u00e1 de ser responsable: significa asumir total responsabilidad por tu vida, tus decisiones, tus resultados y el impacto que tienes en los dem\u00e1s.<\/p>\n\n\n\n<p>Cuando una persona comprende esto, deja de reaccionar a lo externo y comienza a tomar verdadera responsabilidad sobre la vida que est\u00e1 construyendo. Y es ah\u00ed donde realmente nace el liderazgo.<\/p>\n\n\n\n<p><strong>Actualmente trabajas tambi\u00e9n con procesos de reprogramaci\u00f3n mental a trav\u00e9s de BrainTap. \u00bfQu\u00e9 papel juega hoy la mente en el desempe\u00f1o, la toma de decisiones y el potencial de crecimiento de una persona?<\/strong><\/p>\n\n\n\n<p>Hoy la mente lo es todo. Puedes tener talento y experiencia, pero si tu mente est\u00e1 estresada, saturada o sin enfoque, tus resultados se limitan. El problema ya no es la capacidad, sino el estado mental.<\/p>\n\n\n\n<p>Por eso hoy hablamos de entrenar la mente.<\/p>\n\n\n\n<p>BrainTap es, literalmente, un gimnasio para el cerebro. Utiliza luz, sonido y procesos guiados para llevarte en minutos a estados de claridad, enfoque y descanso profundo.<\/p>\n\n\n\n<p>\u00bfEl resultado? Duermes mejor, piensas con mayor claridad, tomas mejores decisiones y dejas de operar en autom\u00e1tico.<\/p>\n\n\n\n<p>Para m\u00ed ha sido un orgullo formar parte de este proyecto. Comenc\u00e9 traduciendo sesiones del Dr. Patrick Porter y hoy desarrollo contenido en espa\u00f1ol dentro de la plataforma, con programas dise\u00f1ados para temas muy espec\u00edficos: desde mejorar el sue\u00f1o hasta procesos profundos de transformaci\u00f3n como <em>Descubre a tu Superh\u00e9roe\u00ae\ufe0f<\/em>.<\/p>\n\n\n\n<p>Cuando cambia tu mente, cambian tus resultados. Y hoy, eso ya se puede entrenar.<\/p>\n\n\n\n<p><strong>Has colaborado con diversas empresas y organizaciones. Desde tu perspectiva, \u00bfpor qu\u00e9 el desarrollo humano se ha convertido en un elemento estrat\u00e9gico dentro del mundo corporativo?<\/strong><\/p>\n\n\n\n<p>Porque, al final, las empresas no funcionan mejor que las personas que las dirigen.<\/p>\n\n\n\n<p>Durante muchos a\u00f1os, las organizaciones se enfocaron casi exclusivamente en procesos, estrategia y resultados. Hoy es evidente que eso no es suficiente. El verdadero diferencial competitivo est\u00e1 en la calidad humana y mental de quienes toman decisiones.<\/p>\n\n\n\n<p>Un l\u00edder agotado, reactivo o desconectado de s\u00ed mismo termina afectando a todo su equipo. En cambio, un l\u00edder con claridad mental, inteligencia emocional y capacidad de inspirar genera entornos de trabajo m\u00e1s productivos, innovadores y sanos.<\/p>\n\n\n\n<p>Por eso el desarrollo humano dej\u00f3 de ser un \u201cextra\u201d. Hoy es una herramienta estrat\u00e9gica para formar l\u00edderes m\u00e1s conscientes, equipos m\u00e1s comprometidos y organizaciones capaces de sostener resultados en el tiempo.<\/p>\n\n\n\n<p>En otras palabras: cuando el l\u00edder crece, la empresa crece con \u00e9l.<\/p>\n\n\n\n<figure class=\"wp-block-image size-large\"><img decoding=\"async\" width=\"1024\" height=\"538\" src=\"https:\/\/revistapotencialhumano.com.mx\/revistadigital\/wp-content\/uploads\/2026\/04\/Lizi-Rodriguez_3-1024x538.png\" alt=\"\" class=\"wp-image-3757\" srcset=\"https:\/\/revistapotencialhumano.com.mx\/revistadigital\/wp-content\/uploads\/2026\/04\/Lizi-Rodriguez_3-1024x538.png 1024w, https:\/\/revistapotencialhumano.com.mx\/revistadigital\/wp-content\/uploads\/2026\/04\/Lizi-Rodriguez_3-300x158.png 300w, https:\/\/revistapotencialhumano.com.mx\/revistadigital\/wp-content\/uploads\/2026\/04\/Lizi-Rodriguez_3-768x403.png 768w, https:\/\/revistapotencialhumano.com.mx\/revistadigital\/wp-content\/uploads\/2026\/04\/Lizi-Rodriguez_3.png 1200w\" sizes=\"(max-width: 1024px) 100vw, 1024px\" \/><\/figure>\n\n\n\n<p><strong>Tu experiencia en televisi\u00f3n y radio te permiti\u00f3 comunicar temas de salud emocional a una audiencia masiva. \u00bfQu\u00e9 aprendiste de esa cercan\u00eda con el p\u00fablico sobre las preocupaciones y aspiraciones de las personas?<\/strong><\/p>\n\n\n\n<p>Los medios informan, pero tambi\u00e9n influyen: instalan ideas, activan emociones, marcan prioridades y, en muchos casos, definen la forma en que interpretamos nuestra propia vida.<\/p>\n\n\n\n<p>Esa certeza se consolid\u00f3 a lo largo de mi trayectoria: desde mi participaci\u00f3n en el noticiero de radio m\u00e1s escuchado de la \u00e9poca, al lado de Guillermo Ochoa, hasta mi trabajo como psic\u00f3loga en <em>La Academia<\/em>, mi presencia en <em>Con Sello de Mujer<\/em>, la conducci\u00f3n de <em>A Puertas Abiertas<\/em> en Telef\u00f3rmula, <em>Consultorio del Alma<\/em> en Grupo ACIR y las c\u00e1psulas de <em>Vive Mejor<\/em> en MVS.<\/p>\n\n\n\n<p>Entend\u00ed que los medios no se consumen \u00fanicamente para informarse; muchas veces tambi\u00e9n se convierten en un espacio para evadir la soledad, encontrar compa\u00f1\u00eda o dar sentido a lo que se est\u00e1 viviendo.<\/p>\n\n\n\n<p>Ah\u00ed reside su enorme poder, pero tambi\u00e9n su mayor riesgo. Porque as\u00ed como pueden aportar claridad y acompa\u00f1amiento, tambi\u00e9n pueden generar ansiedad, comparaci\u00f3n y una sensaci\u00f3n constante de insuficiencia si no existe un consumo consciente.<\/p>\n\n\n\n<p>Aprend\u00ed a ser profundamente responsable con lo que comunico y muy selectiva con lo que consumo. Porque, al final, aquello que escuchamos de manera constante termina moldeando nuestra forma de pensar, sentir y vivir.<\/p>\n\n\n\n<p><strong>Tambi\u00e9n eres autora de varios libros enfocados en relaciones, familia y desarrollo personal. \u00bfQu\u00e9 te motiva a escribir y qu\u00e9 reflexiones consideras m\u00e1s urgentes compartir en el contexto actual?<\/strong><\/p>\n\n\n\n<p>Escribo para traducir la psicolog\u00eda y la neurociencia en algo \u00fatil, aplicable y transformador. No me interesa solo que se entienda; me interesa que cambie vidas.<\/p>\n\n\n\n<p>Porque hoy el problema no es la falta de informaci\u00f3n, sino la falta de integraci\u00f3n.<\/p>\n\n\n\n<p>Veo constantemente personas funcionando\u2026 pero no necesariamente bien. L\u00edderes exitosos pagando una factura silenciosa en su salud, sus relaciones y su estabilidad emocional.<\/p>\n\n\n\n<p>Por eso el mensaje hoy es urgente: no puedes liderar bien tu vida ni tu trabajo si no est\u00e1s bien t\u00fa.<\/p>\n\n\n\n<p>Desde ah\u00ed nace <em>Descubre a tu Superh\u00e9roe\u00ae\ufe0f<\/em>: una gu\u00eda pr\u00e1ctica para dejar de operar en autom\u00e1tico, romper patrones y empezar a generar resultados reales desde adentro.<\/p>\n\n\n\n<p>Que hoy sea un <em>bestseller<\/em> y est\u00e9 disponible en Amazon y Mercado Libre no es casualidad; responde exactamente a lo que las personas est\u00e1n buscando.<\/p>\n\n\n\n<p>Porque, al final, la calidad de tu vida depende de c\u00f3mo est\u00e1s por dentro.<\/p>\n\n\n\n<p><strong>Hoy contin\u00faas muy activa con conferencias en M\u00e9xico y en el extranjero, adem\u00e1s de tu participaci\u00f3n en medios. \u00bfQu\u00e9 proyectos o iniciativas est\u00e1n marcando esta nueva etapa de tu carrera?<\/strong><\/p>\n\n\n\n<p>El enfoque es claro: atender de fondo problem\u00e1ticas que hoy impactan a las organizaciones, como el <em>burnout<\/em>, la rotaci\u00f3n, la desconexi\u00f3n, la baja productividad y la falta de <em>accountability<\/em>.<\/p>\n\n\n\n<p>Siempre me ha apasionado trabajar con organizaciones que invierten genuinamente en su talento, porque, al final, no son temas operativos\u2026 son temas humanos. Cuando una empresa apuesta de verdad por su gente, algo cambia: las personas se sienten vistas, valoradas y parte de algo m\u00e1s grande. Se comprometen, se involucran y empiezan a responder desde otro lugar. Y eso se traduce en resultados concretos: disminuye la rotaci\u00f3n, aumenta el compromiso, mejora la comunicaci\u00f3n, hay mayor responsabilidad individual, menos desgaste emocional y m\u00e1s claridad en la toma de decisiones.<\/p>\n\n\n\n<p>A trav\u00e9s de conferencias y metodolog\u00edas presenciales \u2014y ahora tambi\u00e9n en formatos que ampl\u00edan el alcance\u2014 este trabajo deja de impactar a unos cuantos y comienza a influir en la cultura completa de la organizaci\u00f3n.<\/p>\n\n\n\n<p>Porque cuando cambia la forma de pensar y de involucrarse de las personas, los resultados dejan de ser una presi\u00f3n y se convierten en una consecuencia.<\/p>\n\n\n\n<figure class=\"wp-block-image alignfull size-large\"><img loading=\"lazy\" decoding=\"async\" width=\"747\" height=\"1024\" src=\"https:\/\/revistapotencialhumano.com.mx\/revistadigital\/wp-content\/uploads\/2026\/04\/Lizi-Rodriguez_5-747x1024.png\" alt=\"\" class=\"wp-image-3758\" srcset=\"https:\/\/revistapotencialhumano.com.mx\/revistadigital\/wp-content\/uploads\/2026\/04\/Lizi-Rodriguez_5-747x1024.png 747w, https:\/\/revistapotencialhumano.com.mx\/revistadigital\/wp-content\/uploads\/2026\/04\/Lizi-Rodriguez_5-219x300.png 219w, https:\/\/revistapotencialhumano.com.mx\/revistadigital\/wp-content\/uploads\/2026\/04\/Lizi-Rodriguez_5-768x1052.png 768w, https:\/\/revistapotencialhumano.com.mx\/revistadigital\/wp-content\/uploads\/2026\/04\/Lizi-Rodriguez_5.png 1000w\" sizes=\"(max-width: 747px) 100vw, 747px\" \/><\/figure>\n\n\n\n<p><strong>Para cerrar con una mirada m\u00e1s personal: despu\u00e9s de acompa\u00f1ar a tantas personas en sus procesos de crecimiento, \u00bfqu\u00e9 aprendizajes te ha dejado este camino y qu\u00e9 sue\u00f1o te gustar\u00eda seguir construyendo en los pr\u00f3ximos a\u00f1os?<\/strong><\/p>\n\n\n\n<p>Si algo me ha dejado este camino es una profunda sensaci\u00f3n de gratitud. Me he sentido verdaderamente bendecida.<\/p>\n\n\n\n<p>He tenido el privilegio de acompa\u00f1ar a personas en momentos clave de su vida, y en cada historia he visto algo que me sigue sorprendiendo: una enorme capacidad de resiliencia, de levantarse, de reinventarse, incluso en circunstancias muy dif\u00edciles.<\/p>\n\n\n\n<p>Eso me ha llevado a desarrollar un respeto genuino \u2014y una profunda admiraci\u00f3n\u2014 por quienes lideran. Porque liderar no es f\u00e1cil: es sostener, decidir y responder, muchas veces bajo presi\u00f3n, con incertidumbre y con el peso de impactar a otros. Tambi\u00e9n he confirmado algo esencial: cuando una persona decide trabajar en s\u00ed misma, no solo cambia su vida\u2026 cambia todo lo que toca. Mi sue\u00f1o es que este trabajo llegue cada vez m\u00e1s lejos; que lo que hoy ense\u00f1o siga impactando a millones de personas, ayud\u00e1ndolas a pensar mejor, vivir con mayor conciencia y liderar de forma m\u00e1s congruente.<\/p>\n\n\n\n<p>Porque, al final, el verdadero \u00e9xito no est\u00e1 en lo que logras, sino en lo que transformas en ti y en los dem\u00e1s.<\/p>\n\n\n\n<p><strong>Lizi, gracias por compartir con nosotros tu experiencia, tu visi\u00f3n y, sobre todo, una forma tan clara y profunda de entender el liderazgo desde la mente y el bienestar.<\/strong><\/p>\n\n\n\n<p>Gracias a ustedes. Siempre ser\u00e1 un gusto contribuir a espacios que buscan generar conciencia y aportar valor real a las personas y a las organizaciones. Estoy convencida de que cuando transformamos la mente, transformamos la vida.<\/p>\n\n\n\n<figure class=\"wp-block-image alignfull size-large\"><img loading=\"lazy\" decoding=\"async\" width=\"747\" height=\"1024\" src=\"https:\/\/revistapotencialhumano.com.mx\/revistadigital\/wp-content\/uploads\/2026\/04\/Lizi-Rodriguez_6-747x1024.png\" alt=\"\" class=\"wp-image-3759\" srcset=\"https:\/\/revistapotencialhumano.com.mx\/revistadigital\/wp-content\/uploads\/2026\/04\/Lizi-Rodriguez_6-747x1024.png 747w, https:\/\/revistapotencialhumano.com.mx\/revistadigital\/wp-content\/uploads\/2026\/04\/Lizi-Rodriguez_6-219x300.png 219w, https:\/\/revistapotencialhumano.com.mx\/revistadigital\/wp-content\/uploads\/2026\/04\/Lizi-Rodriguez_6-768x1052.png 768w, https:\/\/revistapotencialhumano.com.mx\/revistadigital\/wp-content\/uploads\/2026\/04\/Lizi-Rodriguez_6.png 1000w\" sizes=\"(max-width: 747px) 100vw, 747px\" \/><\/figure>\n\n\n\n<p class=\"has-text-align-center has-medium-font-size\"><strong>Conoce m\u00e1s figuras de alto Potencial Humano<\/strong><\/p>\n\n\n\n<div class=\"wp-block-buttons is-content-justification-center is-layout-flex wp-container-core-buttons-is-layout-a89b3969 wp-block-buttons-is-layout-flex\">\n<div class=\"wp-block-button\"><a class=\"wp-block-button__link wp-element-button\" href=\"https:\/\/revistapotencialhumano.com.mx\/revistadigital\/category\/liderazgo\/\">Ver m\u00e1s art\u00edculos<\/a><\/div>\n<\/div>\n\n\n\n<p><\/p>\n","protected":false},"excerpt":{"rendered":"<p>Hablamos de mente, emociones, decisiones y del costo personal que muchas veces no se ve.<\/p>\n","protected":false},"author":3,"featured_media":3760,"comment_status":"open","ping_status":"open","sticky":false,"template":"","format":"standard","meta":{"_monsterinsights_skip_tracking":false,"_monsterinsights_sitenote_active":false,"_monsterinsights_sitenote_note":"","_monsterinsights_sitenote_category":0,"site-sidebar-layout":"default","site-content-layout":"","ast-site-content-layout":"default","site-content-style":"default","site-sidebar-style":"default","ast-global-header-display":"","ast-banner-title-visibility":"","ast-main-header-display":"","ast-hfb-above-header-display":"","ast-hfb-below-header-display":"","ast-hfb-mobile-header-display":"","site-post-title":"","ast-breadcrumbs-content":"","ast-featured-img":"","footer-sml-layout":"","theme-transparent-header-meta":"","adv-header-id-meta":"","stick-header-meta":"","header-above-stick-meta":"","header-main-stick-meta":"","header-below-stick-meta":"","astra-migrate-meta-layouts":"set","ast-page-background-enabled":"default","ast-page-background-meta":{"desktop":{"background-color":"","background-image":"","background-repeat":"repeat","background-position":"center center","background-size":"auto","background-attachment":"scroll","background-type":"","background-media":"","overlay-type":"","overlay-color":"","overlay-opacity":"","overlay-gradient":""},"tablet":{"background-color":"","background-image":"","background-repeat":"repeat","background-position":"center center","background-size":"auto","background-attachment":"scroll","background-type":"","background-media":"","overlay-type":"","overlay-color":"","overlay-opacity":"","overlay-gradient":""},"mobile":{"background-color":"","background-image":"","background-repeat":"repeat","background-position":"center center","background-size":"auto","background-attachment":"scroll","background-type":"","background-media":"","overlay-type":"","overlay-color":"","overlay-opacity":"","overlay-gradient":""}},"ast-content-background-meta":{"desktop":{"background-color":"var(--ast-global-color-5)","background-image":"","background-repeat":"repeat","background-position":"center center","background-size":"auto","background-attachment":"scroll","background-type":"","background-media":"","overlay-type":"","overlay-color":"","overlay-opacity":"","overlay-gradient":""},"tablet":{"background-color":"var(--ast-global-color-5)","background-image":"","background-repeat":"repeat","background-position":"center center","background-size":"auto","background-attachment":"scroll","background-type":"","background-media":"","overlay-type":"","overlay-color":"","overlay-opacity":"","overlay-gradient":""},"mobile":{"background-color":"var(--ast-global-color-5)","background-image":"","background-repeat":"repeat","background-position":"center center","background-size":"auto","background-attachment":"scroll","background-type":"","background-media":"","overlay-type":"","overlay-color":"","overlay-opacity":"","overlay-gradient":""}},"_jetpack_memberships_contains_paid_content":false,"footnotes":""},"categories":[2],"tags":[32,27,33,28,25],"class_list":["post-3754","post","type-post","status-publish","format-standard","has-post-thumbnail","hentry","category-liderazgo","tag-articulo","tag-entrevistas","tag-liderazgo","tag-potencial","tag-revista"],"yoast_head":"<!-- This site is optimized with the Yoast SEO plugin v27.4 - https:\/\/yoast.com\/product\/yoast-seo-wordpress\/ -->\n<title>Dra. Lizi Rodr\u00edguez: La mente como estrategia de liderazgo - Potencial Humano<\/title>\n<meta name=\"description\" content=\"Hablamos de mente, emociones, decisiones y del costo personal que muchas veces no se ve.\" \/>\n<meta name=\"robots\" content=\"index, follow, max-snippet:-1, max-image-preview:large, max-video-preview:-1\" \/>\n<link rel=\"canonical\" href=\"https:\/\/revistapotencialhumano.com.mx\/revistadigital\/dra-lizi-rodriguez-la-mente-como-estrategia-de-liderazgo\/\" \/>\n<meta property=\"og:locale\" content=\"es_ES\" \/>\n<meta property=\"og:type\" content=\"article\" \/>\n<meta property=\"og:title\" content=\"Dra. Lizi Rodr\u00edguez: La mente como estrategia de liderazgo\" \/>\n<meta property=\"og:description\" content=\"Hablamos de mente, emociones, decisiones y del costo personal que muchas veces no se ve.\" \/>\n<meta property=\"og:url\" content=\"https:\/\/revistapotencialhumano.com.mx\/revistadigital\/dra-lizi-rodriguez-la-mente-como-estrategia-de-liderazgo\/\" \/>\n<meta property=\"og:site_name\" content=\"Potencial Humano\" \/>\n<meta property=\"article:published_time\" content=\"2026-04-29T08:16:00+00:00\" \/>\n<meta property=\"og:image\" content=\"https:\/\/revistapotencialhumano.com.mx\/revistadigital\/wp-content\/uploads\/2026\/04\/Lizi-Rodriguez_2.png\" \/>\n\t<meta property=\"og:image:width\" content=\"1200\" \/>\n\t<meta property=\"og:image:height\" content=\"630\" \/>\n\t<meta property=\"og:image:type\" content=\"image\/png\" \/>\n<meta name=\"author\" content=\"Cesar Aldana\" \/>\n<meta name=\"twitter:card\" content=\"summary_large_image\" \/>\n<meta name=\"twitter:label1\" content=\"Written by\" \/>\n\t<meta name=\"twitter:data1\" content=\"Cesar Aldana\" \/>\n\t<meta name=\"twitter:label2\" content=\"Est. reading time\" \/>\n\t<meta name=\"twitter:data2\" content=\"13 minutos\" \/>\n<script type=\"application\/ld+json\" class=\"yoast-schema-graph\">{\"@context\":\"https:\\\/\\\/schema.org\",\"@graph\":[{\"@type\":\"Article\",\"@id\":\"https:\\\/\\\/revistapotencialhumano.com.mx\\\/revistadigital\\\/dra-lizi-rodriguez-la-mente-como-estrategia-de-liderazgo\\\/#article\",\"isPartOf\":{\"@id\":\"https:\\\/\\\/revistapotencialhumano.com.mx\\\/revistadigital\\\/dra-lizi-rodriguez-la-mente-como-estrategia-de-liderazgo\\\/\"},\"author\":{\"name\":\"Cesar Aldana\",\"@id\":\"https:\\\/\\\/revistapotencialhumano.com.mx\\\/revistadigital\\\/#\\\/schema\\\/person\\\/c15a4d9b0bcd4a8160bd7018497e2a62\"},\"headline\":\"Dra. Lizi Rodr\u00edguez: La mente como estrategia de liderazgo\",\"datePublished\":\"2026-04-29T08:16:00+00:00\",\"mainEntityOfPage\":{\"@id\":\"https:\\\/\\\/revistapotencialhumano.com.mx\\\/revistadigital\\\/dra-lizi-rodriguez-la-mente-como-estrategia-de-liderazgo\\\/\"},\"wordCount\":2719,\"commentCount\":0,\"publisher\":{\"@id\":\"https:\\\/\\\/revistapotencialhumano.com.mx\\\/revistadigital\\\/#organization\"},\"image\":{\"@id\":\"https:\\\/\\\/revistapotencialhumano.com.mx\\\/revistadigital\\\/dra-lizi-rodriguez-la-mente-como-estrategia-de-liderazgo\\\/#primaryimage\"},\"thumbnailUrl\":\"https:\\\/\\\/revistapotencialhumano.com.mx\\\/revistadigital\\\/wp-content\\\/uploads\\\/2026\\\/04\\\/Lizi-Rodriguez_4.png\",\"keywords\":[\"articulo\",\"entrevistas\",\"liderazgo\",\"potencial\",\"revista\"],\"articleSection\":[\"Liderazgo\"],\"inLanguage\":\"es\",\"potentialAction\":[{\"@type\":\"CommentAction\",\"name\":\"Comment\",\"target\":[\"https:\\\/\\\/revistapotencialhumano.com.mx\\\/revistadigital\\\/dra-lizi-rodriguez-la-mente-como-estrategia-de-liderazgo\\\/#respond\"]}]},{\"@type\":\"WebPage\",\"@id\":\"https:\\\/\\\/revistapotencialhumano.com.mx\\\/revistadigital\\\/dra-lizi-rodriguez-la-mente-como-estrategia-de-liderazgo\\\/\",\"url\":\"https:\\\/\\\/revistapotencialhumano.com.mx\\\/revistadigital\\\/dra-lizi-rodriguez-la-mente-como-estrategia-de-liderazgo\\\/\",\"name\":\"Dra. Lizi Rodr\u00edguez: La mente como estrategia de liderazgo - Potencial Humano\",\"isPartOf\":{\"@id\":\"https:\\\/\\\/revistapotencialhumano.com.mx\\\/revistadigital\\\/#website\"},\"primaryImageOfPage\":{\"@id\":\"https:\\\/\\\/revistapotencialhumano.com.mx\\\/revistadigital\\\/dra-lizi-rodriguez-la-mente-como-estrategia-de-liderazgo\\\/#primaryimage\"},\"image\":{\"@id\":\"https:\\\/\\\/revistapotencialhumano.com.mx\\\/revistadigital\\\/dra-lizi-rodriguez-la-mente-como-estrategia-de-liderazgo\\\/#primaryimage\"},\"thumbnailUrl\":\"https:\\\/\\\/revistapotencialhumano.com.mx\\\/revistadigital\\\/wp-content\\\/uploads\\\/2026\\\/04\\\/Lizi-Rodriguez_4.png\",\"datePublished\":\"2026-04-29T08:16:00+00:00\",\"description\":\"Hablamos de mente, emociones, decisiones y del costo personal que muchas veces no se ve.\",\"breadcrumb\":{\"@id\":\"https:\\\/\\\/revistapotencialhumano.com.mx\\\/revistadigital\\\/dra-lizi-rodriguez-la-mente-como-estrategia-de-liderazgo\\\/#breadcrumb\"},\"inLanguage\":\"es\",\"potentialAction\":[{\"@type\":\"ReadAction\",\"target\":[\"https:\\\/\\\/revistapotencialhumano.com.mx\\\/revistadigital\\\/dra-lizi-rodriguez-la-mente-como-estrategia-de-liderazgo\\\/\"]}]},{\"@type\":\"ImageObject\",\"inLanguage\":\"es\",\"@id\":\"https:\\\/\\\/revistapotencialhumano.com.mx\\\/revistadigital\\\/dra-lizi-rodriguez-la-mente-como-estrategia-de-liderazgo\\\/#primaryimage\",\"url\":\"https:\\\/\\\/revistapotencialhumano.com.mx\\\/revistadigital\\\/wp-content\\\/uploads\\\/2026\\\/04\\\/Lizi-Rodriguez_4.png\",\"contentUrl\":\"https:\\\/\\\/revistapotencialhumano.com.mx\\\/revistadigital\\\/wp-content\\\/uploads\\\/2026\\\/04\\\/Lizi-Rodriguez_4.png\",\"width\":1000,\"height\":1370},{\"@type\":\"BreadcrumbList\",\"@id\":\"https:\\\/\\\/revistapotencialhumano.com.mx\\\/revistadigital\\\/dra-lizi-rodriguez-la-mente-como-estrategia-de-liderazgo\\\/#breadcrumb\",\"itemListElement\":[{\"@type\":\"ListItem\",\"position\":1,\"name\":\"Home\",\"item\":\"https:\\\/\\\/revistapotencialhumano.com.mx\\\/revistadigital\\\/\"},{\"@type\":\"ListItem\",\"position\":2,\"name\":\"Dra. Lizi Rodr\u00edguez: La mente como estrategia de liderazgo\"}]},{\"@type\":\"WebSite\",\"@id\":\"https:\\\/\\\/revistapotencialhumano.com.mx\\\/revistadigital\\\/#website\",\"url\":\"https:\\\/\\\/revistapotencialhumano.com.mx\\\/revistadigital\\\/\",\"name\":\"Revista Potencial Humano\",\"description\":\"Revista digital\",\"publisher\":{\"@id\":\"https:\\\/\\\/revistapotencialhumano.com.mx\\\/revistadigital\\\/#organization\"},\"potentialAction\":[{\"@type\":\"SearchAction\",\"target\":{\"@type\":\"EntryPoint\",\"urlTemplate\":\"https:\\\/\\\/revistapotencialhumano.com.mx\\\/revistadigital\\\/?s={search_term_string}\"},\"query-input\":{\"@type\":\"PropertyValueSpecification\",\"valueRequired\":true,\"valueName\":\"search_term_string\"}}],\"inLanguage\":\"es\"},{\"@type\":\"Organization\",\"@id\":\"https:\\\/\\\/revistapotencialhumano.com.mx\\\/revistadigital\\\/#organization\",\"name\":\"Revista Potencial Humano\",\"url\":\"https:\\\/\\\/revistapotencialhumano.com.mx\\\/revistadigital\\\/\",\"logo\":{\"@type\":\"ImageObject\",\"inLanguage\":\"es\",\"@id\":\"https:\\\/\\\/revistapotencialhumano.com.mx\\\/revistadigital\\\/#\\\/schema\\\/logo\\\/image\\\/\",\"url\":\"https:\\\/\\\/revistapotencialhumano.com.mx\\\/revistadigital\\\/wp-content\\\/uploads\\\/2023\\\/09\\\/logo_ph_gris.png\",\"contentUrl\":\"https:\\\/\\\/revistapotencialhumano.com.mx\\\/revistadigital\\\/wp-content\\\/uploads\\\/2023\\\/09\\\/logo_ph_gris.png\",\"width\":1920,\"height\":1080,\"caption\":\"Revista Potencial Humano\"},\"image\":{\"@id\":\"https:\\\/\\\/revistapotencialhumano.com.mx\\\/revistadigital\\\/#\\\/schema\\\/logo\\\/image\\\/\"},\"sameAs\":[\"https:\\\/\\\/open.spotify.com\\\/show\\\/2pIEFqnQDVKaEQzKkIOtQw?si=08622ad32ea742cb\"]},{\"@type\":\"Person\",\"@id\":\"https:\\\/\\\/revistapotencialhumano.com.mx\\\/revistadigital\\\/#\\\/schema\\\/person\\\/c15a4d9b0bcd4a8160bd7018497e2a62\",\"name\":\"Cesar Aldana\",\"image\":{\"@type\":\"ImageObject\",\"inLanguage\":\"es\",\"@id\":\"https:\\\/\\\/secure.gravatar.com\\\/avatar\\\/450d0f79afa319363394649e6db54defdeb1e27cdb703b1b90293cd7b11ed3f5?s=96&d=mm&r=g\",\"url\":\"https:\\\/\\\/secure.gravatar.com\\\/avatar\\\/450d0f79afa319363394649e6db54defdeb1e27cdb703b1b90293cd7b11ed3f5?s=96&d=mm&r=g\",\"contentUrl\":\"https:\\\/\\\/secure.gravatar.com\\\/avatar\\\/450d0f79afa319363394649e6db54defdeb1e27cdb703b1b90293cd7b11ed3f5?s=96&d=mm&r=g\",\"caption\":\"Cesar Aldana\"},\"url\":\"https:\\\/\\\/revistapotencialhumano.com.mx\\\/revistadigital\\\/author\\\/cesar\\\/\"}]}<\/script>\n<!-- \/ Yoast SEO plugin. -->","yoast_head_json":{"title":"Dra. Lizi Rodr\u00edguez: La mente como estrategia de liderazgo - Potencial Humano","description":"Hablamos de mente, emociones, decisiones y del costo personal que muchas veces no se ve.","robots":{"index":"index","follow":"follow","max-snippet":"max-snippet:-1","max-image-preview":"max-image-preview:large","max-video-preview":"max-video-preview:-1"},"canonical":"https:\/\/revistapotencialhumano.com.mx\/revistadigital\/dra-lizi-rodriguez-la-mente-como-estrategia-de-liderazgo\/","og_locale":"es_ES","og_type":"article","og_title":"Dra. Lizi Rodr\u00edguez: La mente como estrategia de liderazgo","og_description":"Hablamos de mente, emociones, decisiones y del costo personal que muchas veces no se ve.","og_url":"https:\/\/revistapotencialhumano.com.mx\/revistadigital\/dra-lizi-rodriguez-la-mente-como-estrategia-de-liderazgo\/","og_site_name":"Potencial Humano","article_published_time":"2026-04-29T08:16:00+00:00","og_image":[{"width":1200,"height":630,"url":"https:\/\/revistapotencialhumano.com.mx\/revistadigital\/wp-content\/uploads\/2026\/04\/Lizi-Rodriguez_2.png","type":"image\/png"}],"author":"Cesar Aldana","twitter_card":"summary_large_image","twitter_misc":{"Written by":"Cesar Aldana","Est. reading time":"13 minutos"},"schema":{"@context":"https:\/\/schema.org","@graph":[{"@type":"Article","@id":"https:\/\/revistapotencialhumano.com.mx\/revistadigital\/dra-lizi-rodriguez-la-mente-como-estrategia-de-liderazgo\/#article","isPartOf":{"@id":"https:\/\/revistapotencialhumano.com.mx\/revistadigital\/dra-lizi-rodriguez-la-mente-como-estrategia-de-liderazgo\/"},"author":{"name":"Cesar Aldana","@id":"https:\/\/revistapotencialhumano.com.mx\/revistadigital\/#\/schema\/person\/c15a4d9b0bcd4a8160bd7018497e2a62"},"headline":"Dra. Lizi Rodr\u00edguez: La mente como estrategia de liderazgo","datePublished":"2026-04-29T08:16:00+00:00","mainEntityOfPage":{"@id":"https:\/\/revistapotencialhumano.com.mx\/revistadigital\/dra-lizi-rodriguez-la-mente-como-estrategia-de-liderazgo\/"},"wordCount":2719,"commentCount":0,"publisher":{"@id":"https:\/\/revistapotencialhumano.com.mx\/revistadigital\/#organization"},"image":{"@id":"https:\/\/revistapotencialhumano.com.mx\/revistadigital\/dra-lizi-rodriguez-la-mente-como-estrategia-de-liderazgo\/#primaryimage"},"thumbnailUrl":"https:\/\/revistapotencialhumano.com.mx\/revistadigital\/wp-content\/uploads\/2026\/04\/Lizi-Rodriguez_4.png","keywords":["articulo","entrevistas","liderazgo","potencial","revista"],"articleSection":["Liderazgo"],"inLanguage":"es","potentialAction":[{"@type":"CommentAction","name":"Comment","target":["https:\/\/revistapotencialhumano.com.mx\/revistadigital\/dra-lizi-rodriguez-la-mente-como-estrategia-de-liderazgo\/#respond"]}]},{"@type":"WebPage","@id":"https:\/\/revistapotencialhumano.com.mx\/revistadigital\/dra-lizi-rodriguez-la-mente-como-estrategia-de-liderazgo\/","url":"https:\/\/revistapotencialhumano.com.mx\/revistadigital\/dra-lizi-rodriguez-la-mente-como-estrategia-de-liderazgo\/","name":"Dra. Lizi Rodr\u00edguez: La mente como estrategia de liderazgo - Potencial Humano","isPartOf":{"@id":"https:\/\/revistapotencialhumano.com.mx\/revistadigital\/#website"},"primaryImageOfPage":{"@id":"https:\/\/revistapotencialhumano.com.mx\/revistadigital\/dra-lizi-rodriguez-la-mente-como-estrategia-de-liderazgo\/#primaryimage"},"image":{"@id":"https:\/\/revistapotencialhumano.com.mx\/revistadigital\/dra-lizi-rodriguez-la-mente-como-estrategia-de-liderazgo\/#primaryimage"},"thumbnailUrl":"https:\/\/revistapotencialhumano.com.mx\/revistadigital\/wp-content\/uploads\/2026\/04\/Lizi-Rodriguez_4.png","datePublished":"2026-04-29T08:16:00+00:00","description":"Hablamos de mente, emociones, decisiones y del costo personal que muchas veces no se ve.","breadcrumb":{"@id":"https:\/\/revistapotencialhumano.com.mx\/revistadigital\/dra-lizi-rodriguez-la-mente-como-estrategia-de-liderazgo\/#breadcrumb"},"inLanguage":"es","potentialAction":[{"@type":"ReadAction","target":["https:\/\/revistapotencialhumano.com.mx\/revistadigital\/dra-lizi-rodriguez-la-mente-como-estrategia-de-liderazgo\/"]}]},{"@type":"ImageObject","inLanguage":"es","@id":"https:\/\/revistapotencialhumano.com.mx\/revistadigital\/dra-lizi-rodriguez-la-mente-como-estrategia-de-liderazgo\/#primaryimage","url":"https:\/\/revistapotencialhumano.com.mx\/revistadigital\/wp-content\/uploads\/2026\/04\/Lizi-Rodriguez_4.png","contentUrl":"https:\/\/revistapotencialhumano.com.mx\/revistadigital\/wp-content\/uploads\/2026\/04\/Lizi-Rodriguez_4.png","width":1000,"height":1370},{"@type":"BreadcrumbList","@id":"https:\/\/revistapotencialhumano.com.mx\/revistadigital\/dra-lizi-rodriguez-la-mente-como-estrategia-de-liderazgo\/#breadcrumb","itemListElement":[{"@type":"ListItem","position":1,"name":"Home","item":"https:\/\/revistapotencialhumano.com.mx\/revistadigital\/"},{"@type":"ListItem","position":2,"name":"Dra. Lizi Rodr\u00edguez: La mente como estrategia de liderazgo"}]},{"@type":"WebSite","@id":"https:\/\/revistapotencialhumano.com.mx\/revistadigital\/#website","url":"https:\/\/revistapotencialhumano.com.mx\/revistadigital\/","name":"Revista Potencial Humano","description":"Revista digital","publisher":{"@id":"https:\/\/revistapotencialhumano.com.mx\/revistadigital\/#organization"},"potentialAction":[{"@type":"SearchAction","target":{"@type":"EntryPoint","urlTemplate":"https:\/\/revistapotencialhumano.com.mx\/revistadigital\/?s={search_term_string}"},"query-input":{"@type":"PropertyValueSpecification","valueRequired":true,"valueName":"search_term_string"}}],"inLanguage":"es"},{"@type":"Organization","@id":"https:\/\/revistapotencialhumano.com.mx\/revistadigital\/#organization","name":"Revista Potencial Humano","url":"https:\/\/revistapotencialhumano.com.mx\/revistadigital\/","logo":{"@type":"ImageObject","inLanguage":"es","@id":"https:\/\/revistapotencialhumano.com.mx\/revistadigital\/#\/schema\/logo\/image\/","url":"https:\/\/revistapotencialhumano.com.mx\/revistadigital\/wp-content\/uploads\/2023\/09\/logo_ph_gris.png","contentUrl":"https:\/\/revistapotencialhumano.com.mx\/revistadigital\/wp-content\/uploads\/2023\/09\/logo_ph_gris.png","width":1920,"height":1080,"caption":"Revista Potencial Humano"},"image":{"@id":"https:\/\/revistapotencialhumano.com.mx\/revistadigital\/#\/schema\/logo\/image\/"},"sameAs":["https:\/\/open.spotify.com\/show\/2pIEFqnQDVKaEQzKkIOtQw?si=08622ad32ea742cb"]},{"@type":"Person","@id":"https:\/\/revistapotencialhumano.com.mx\/revistadigital\/#\/schema\/person\/c15a4d9b0bcd4a8160bd7018497e2a62","name":"Cesar Aldana","image":{"@type":"ImageObject","inLanguage":"es","@id":"https:\/\/secure.gravatar.com\/avatar\/450d0f79afa319363394649e6db54defdeb1e27cdb703b1b90293cd7b11ed3f5?s=96&d=mm&r=g","url":"https:\/\/secure.gravatar.com\/avatar\/450d0f79afa319363394649e6db54defdeb1e27cdb703b1b90293cd7b11ed3f5?s=96&d=mm&r=g","contentUrl":"https:\/\/secure.gravatar.com\/avatar\/450d0f79afa319363394649e6db54defdeb1e27cdb703b1b90293cd7b11ed3f5?s=96&d=mm&r=g","caption":"Cesar Aldana"},"url":"https:\/\/revistapotencialhumano.com.mx\/revistadigital\/author\/cesar\/"}]}},"jetpack_featured_media_url":"https:\/\/revistapotencialhumano.com.mx\/revistadigital\/wp-content\/uploads\/2026\/04\/Lizi-Rodriguez_4.png","jetpack_sharing_enabled":true,"_links":{"self":[{"href":"https:\/\/revistapotencialhumano.com.mx\/revistadigital\/wp-json\/wp\/v2\/posts\/3754","targetHints":{"allow":["GET"]}}],"collection":[{"href":"https:\/\/revistapotencialhumano.com.mx\/revistadigital\/wp-json\/wp\/v2\/posts"}],"about":[{"href":"https:\/\/revistapotencialhumano.com.mx\/revistadigital\/wp-json\/wp\/v2\/types\/post"}],"author":[{"embeddable":true,"href":"https:\/\/revistapotencialhumano.com.mx\/revistadigital\/wp-json\/wp\/v2\/users\/3"}],"replies":[{"embeddable":true,"href":"https:\/\/revistapotencialhumano.com.mx\/revistadigital\/wp-json\/wp\/v2\/comments?post=3754"}],"version-history":[{"count":1,"href":"https:\/\/revistapotencialhumano.com.mx\/revistadigital\/wp-json\/wp\/v2\/posts\/3754\/revisions"}],"predecessor-version":[{"id":3761,"href":"https:\/\/revistapotencialhumano.com.mx\/revistadigital\/wp-json\/wp\/v2\/posts\/3754\/revisions\/3761"}],"wp:featuredmedia":[{"embeddable":true,"href":"https:\/\/revistapotencialhumano.com.mx\/revistadigital\/wp-json\/wp\/v2\/media\/3760"}],"wp:attachment":[{"href":"https:\/\/revistapotencialhumano.com.mx\/revistadigital\/wp-json\/wp\/v2\/media?parent=3754"}],"wp:term":[{"taxonomy":"category","embeddable":true,"href":"https:\/\/revistapotencialhumano.com.mx\/revistadigital\/wp-json\/wp\/v2\/categories?post=3754"},{"taxonomy":"post_tag","embeddable":true,"href":"https:\/\/revistapotencialhumano.com.mx\/revistadigital\/wp-json\/wp\/v2\/tags?post=3754"}],"curies":[{"name":"wp","href":"https:\/\/api.w.org\/{rel}","templated":true}]}}