{"id":4073,"date":"2026-08-31T04:47:30","date_gmt":"2026-08-31T04:47:30","guid":{"rendered":"https:\/\/revistapotencialhumano.com.mx\/revistadigital\/?p=4073"},"modified":"2026-08-31T04:47:31","modified_gmt":"2026-08-31T04:47:31","slug":"de-la-igualdad-de-oportunidades-a-la-ventaja-competitiva","status":"publish","type":"post","link":"https:\/\/revistapotencialhumano.com.mx\/revistadigital\/de-la-igualdad-de-oportunidades-a-la-ventaja-competitiva\/","title":{"rendered":"De la igualdad de oportunidades a la ventaja competitiva"},"content":{"rendered":"\n<p class=\"wp-block-paragraph\"><strong>Nalleli Barajas: la estrategia que est\u00e1 redefiniendo el futuro de las empresas<\/strong><\/p>\n\n\n\n<p class=\"wp-block-paragraph\"><strong><em>Entrevista por Christopher Trejo<\/em><\/strong><\/p>\n\n\n\n<p class=\"wp-block-paragraph\"><strong><em>La sostenibilidad dej\u00f3 de ser un concepto reservado para las grandes corporaciones o un requisito de cumplimiento. Hoy representa una ventaja competitiva para las organizaciones que buscan atraer talento, fortalecer su reputaci\u00f3n y generar valor a largo plazo. En entrevista con Potencial Humano, Nalleli Barajas, subdirectora de Sostenibilidad del Grupo Bolsa Mexicana de Valores, explica por qu\u00e9 la igualdad de oportunidades se ha convertido en un componente esencial de la estrategia empresarial y comparte una gu\u00eda pr\u00e1ctica para pasar del compromiso a la acci\u00f3n.<\/em><\/strong><strong><\/strong><\/p>\n\n\n\n<p class=\"wp-block-paragraph\"><strong>Durante a\u00f1os, la igualdad de g\u00e9nero fue entendida como un tema de responsabilidad social. Hoy, esa visi\u00f3n ha evolucionado. Las empresas m\u00e1s competitivas han comprendido que construir organizaciones m\u00e1s diversas e incluyentes no solo fortalece su cultura, sino que tambi\u00e9n mejora la innovaci\u00f3n, la toma de decisiones y la capacidad de generar valor sostenible. Con esa premisa, el Grupo Bolsa Mexicana de Valores impuls\u00f3 la Igualdad de G\u00e9nero: Pilar de la Sostenibilidad y Rentabilidad Corporativa, una iniciativa que busca ofrecer herramientas concretas para que las organizaciones conviertan sus compromisos en resultados medibles.<\/strong><\/p>\n\n\n\n<p class=\"wp-block-paragraph\"><strong>Para conocer su alcance y reflexionar sobre el papel que desempe\u00f1an los l\u00edderes empresariales en esta transformaci\u00f3n, conversamos con Nalleli Barajas, subdirectora de Sostenibilidad del Grupo Bolsa Mexicana de Valores.<\/strong><\/p>\n\n\n\n<p class=\"wp-block-paragraph\"><strong>Antes de hablar de la gu\u00eda, me gustar\u00eda conocer la historia detr\u00e1s de quien la impulsa. \u00bfQui\u00e9n es Nalleli Barajas y qu\u00e9 la llev\u00f3 a especializarse en sostenibilidad?<\/strong><\/p>\n\n\n\n<p class=\"wp-block-paragraph\">Me considero una persona convencida de que las empresas pueden convertirse en agentes de transformaci\u00f3n para la sociedad. Llevo casi dos d\u00e9cadas en la Bolsa Mexicana de Valores. Inici\u00e9 mi carrera en Indeval, que es el dep\u00f3sito central de valores de M\u00e9xico, donde mi enfoque estuvo en el acompa\u00f1amiento a los clientes sobre los cambios relevantes que sucedieron en la organizaci\u00f3n, incluyendo la creaci\u00f3n de una mesa de servicio., Posteriormente tuve la oportunidad de crear el \u00e1rea de cultura organizacional y comunicaci\u00f3n interna. Esa experiencia me permiti\u00f3 comprender que las organizaciones cambian cuando las personas cambian, y que la cultura es el verdadero motor de cualquier transformaci\u00f3n.<\/p>\n\n\n\n<p class=\"wp-block-paragraph\">En 2020 naci\u00f3 el \u00e1rea de Sostenibilidad con el prop\u00f3sito de integrar en una sola estrategia los esfuerzos ambientales, sociales y de gobernanza que la instituci\u00f3n ya impulsaba desde diversos frentes. Desde entonces, nuestro objetivo ha sido demostrar que la sostenibilidad no es un proyecto paralelo al negocio, sino una forma distinta de dirigirlo.<\/p>\n\n\n\n<p class=\"wp-block-paragraph\"><strong>Muchas organizaciones todav\u00eda consideran que la sostenibilidad es responsabilidad de un \u00e1rea espec\u00edfica. \u00bfPor qu\u00e9 esa visi\u00f3n ya no responde a la realidad empresarial?<\/strong><\/p>\n\n\n\n<p class=\"wp-block-paragraph\">Porque la sostenibilidad no pertenece a un departamento; pertenece a toda la organizaci\u00f3n. Es una visi\u00f3n que involucra a Recursos Humanos, Finanzas, Tecnolog\u00eda, Jur\u00eddico, Cumplimiento y, sobre todo, a las personas que integran la empresa. Cuando cada colaborador entiende c\u00f3mo su trabajo impacta en el prop\u00f3sito de la organizaci\u00f3n, la sostenibilidad deja de ser un discurso y se convierte en una manera de operar.<\/p>\n\n\n\n<p class=\"wp-block-paragraph\">Al final, una empresa sostenible es aquella capaz de adaptarse, innovar y mantenerse vigente en un entorno que cambia constantemente. Eso solo es posible cuando existe una cultura compartida y un liderazgo comprometido.<\/p>\n\n\n\n<p class=\"wp-block-paragraph\"><strong>La igualdad de oportunidades ocupa cada vez m\u00e1s espacio en la agenda empresarial. Sin embargo, entre el discurso y la realidad todav\u00eda existe una brecha importante. \u00bfQu\u00e9 distingue a las organizaciones que realmente logran avanzar?<\/strong><\/p>\n\n\n\n<p class=\"wp-block-paragraph\">La diferencia comienza en la Alta Direcci\u00f3n. Cuando el Consejo de Administraci\u00f3n y los l\u00edderes asumen este tema como una prioridad estrat\u00e9gica, las acciones dejan de ser aisladas y se convierten en parte de la cultura organizacional. Ese compromiso debe reflejarse en pol\u00edticas, procesos de contrataci\u00f3n, planes de desarrollo, esquemas de promoci\u00f3n y mecanismos de evaluaci\u00f3n. Pero, m\u00e1s all\u00e1 de los procesos, requiere una convicci\u00f3n muy clara: reconocer que el talento no tiene g\u00e9nero.<\/p>\n\n\n\n<p class=\"wp-block-paragraph\">Por eso prefiero hablar de igualdad de oportunidades. El verdadero objetivo es garantizar que todas las personas puedan desarrollar su potencial en condiciones de equidad e igualdad y que las decisiones dentro de la empresa respondan al m\u00e9rito, las capacidades y los resultados. Las organizaciones que entienden esto no solo fortalecen su cultura; tambi\u00e9n incrementan su capacidad para innovar, atraer talento y competir.<\/p>\n\n\n\n<p class=\"wp-block-paragraph\"><strong>Con esa visi\u00f3n naci\u00f3 la gu\u00eda Igualdad de G\u00e9nero: Pilar de la Sostenibilidad y Rentabilidad Corporativa. \u00bfQu\u00e9 necesidad identificaron para impulsar un proyecto de esta naturaleza?<\/strong><\/p>\n\n\n\n<p class=\"wp-block-paragraph\">Detectamos que exist\u00eda una gran cantidad de informaci\u00f3n y herramientas sobre igualdad de g\u00e9nero, pero pocas que ayudaran a las empresas a llevar ese conocimiento a la pr\u00e1ctica. Como Bolsa Mexicana de Valores tenemos una doble perspectiva. Somos una instituci\u00f3n que acompa\u00f1a a empresas e inversionistas, pero tambi\u00e9n somos una empresa que enfrenta los mismos desaf\u00edos de gesti\u00f3n que cualquier otra organizaci\u00f3n.<\/p>\n\n\n\n<p class=\"wp-block-paragraph\">Esa experiencia nos permiti\u00f3 identificar una necesidad muy concreta: hac\u00eda falta una gu\u00eda que tradujera las mejores pr\u00e1cticas en acciones aplicables. Por ello convocamos a empresas de distintos sectores para construir un documento colaborativo. Analizamos experiencias reales, identificamos los factores que generan mejores resultados y desarrollamos una metodolog\u00eda integrada por trece l\u00edneas de acci\u00f3n agrupadas en cuatro ejes estrat\u00e9gicos. M\u00e1s que un documento de consulta, quer\u00edamos ofrecer una herramienta de trabajo.<\/p>\n\n\n\n<p class=\"wp-block-paragraph\"><strong>\u00bfQu\u00e9 hace diferente a esta gu\u00eda frente a otros modelos o recomendaciones disponibles?<\/strong><\/p>\n\n\n\n<p class=\"wp-block-paragraph\">Su enfoque pr\u00e1ctico. No pretende decirles a las empresas qu\u00e9 deber\u00edan hacer desde la teor\u00eda, sino mostrarles c\u00f3mo otras organizaciones ya lo est\u00e1n haciendo y cu\u00e1les han sido sus resultados.<\/p>\n\n\n\n<p class=\"wp-block-paragraph\">Cada cap\u00edtulo incorpora casos reales, recomendaciones concretas e indicadores que permiten medir el impacto de las iniciativas. Porque una estrategia solo cobra sentido cuando puede evaluarse.<\/p>\n\n\n\n<p class=\"wp-block-paragraph\">La gu\u00eda acompa\u00f1a a las organizaciones desde el compromiso de la Alta Direcci\u00f3n hasta la implementaci\u00f3n de pol\u00edticas, la medici\u00f3n de resultados, la transparencia y el acceso a mecanismos de financiamiento sostenible. Nuestro objetivo fue construir una herramienta \u00fatil para organizaciones de cualquier tama\u00f1o, independientemente del sector al que pertenezcan.<\/p>\n\n\n\n<p class=\"wp-block-paragraph\"><strong>Toda transformaci\u00f3n comienza con un diagn\u00f3stico. Si una empresa quisiera dar hoy el primer paso hacia una verdadera igualdad de oportunidades, \u00bfqu\u00e9 deber\u00eda medir?<\/strong><\/p>\n\n\n\n<p class=\"wp-block-paragraph\">Lo primero es conocer la realidad de la organizaci\u00f3n. Las empresas necesitan analizar informaci\u00f3n como remuneraciones, promociones, desarrollo profesional, rotaci\u00f3n, clima laboral y acceso a oportunidades, siempre con una perspectiva de g\u00e9nero. Cuando los datos se observan de manera agregada, muchas veces las brechas pasan inadvertidas; al desagregarlos, es posible identificar con claridad d\u00f3nde existen oportunidades de mejora.<\/p>\n\n\n\n<p class=\"wp-block-paragraph\">Por eso siempre hablo de tres pasos fundamentales: <strong>medir, actuar y comunicar<\/strong>. Medir permite tomar decisiones basadas en evidencia; actuar implica implementar acciones concretas, y comunicar genera transparencia y fortalece la confianza entre colaboradores, inversionistas y dem\u00e1s grupos de inter\u00e9s. Lo que no se mide dif\u00edcilmente puede transformarse.<\/p>\n\n\n\n<p class=\"wp-block-paragraph\"><strong>Hoy los inversionistas analizan mucho m\u00e1s que los resultados financieros. \u00bfPor qu\u00e9 la igualdad de oportunidades tambi\u00e9n se ha convertido en un factor de competitividad?<\/strong><\/p>\n\n\n\n<p class=\"wp-block-paragraph\">Porque las empresas m\u00e1s exitosas entienden que la sostenibilidad depende de su capacidad para adaptarse. Las organizaciones que promueven entornos diversos aprovechan una mayor variedad de experiencias, ideas y perspectivas. Eso fortalece la innovaci\u00f3n, mejora la toma de decisiones y permite responder con mayor rapidez a los cambios del mercado.<\/p>\n\n\n\n<p class=\"wp-block-paragraph\">Al mismo tiempo, los inversionistas incorporan cada vez m\u00e1s los criterios ambientales, sociales y de gobernanza en sus procesos de evaluaci\u00f3n. Ya no basta con presentar buenos resultados financieros; tambi\u00e9n buscan empresas capaces de gestionar sus riesgos, atraer talento y generar valor de manera responsable.<\/p>\n\n\n\n<p class=\"wp-block-paragraph\">La igualdad de oportunidades forma parte de esa visi\u00f3n de largo plazo. Hoy representa una ventaja competitiva y un elemento que fortalece la confianza del mercado.<\/p>\n\n\n\n<p class=\"wp-block-paragraph\"><strong>Si esta gu\u00eda lograra adoptarse de manera amplia en M\u00e9xico, \u00bfqu\u00e9 transformaci\u00f3n te gustar\u00eda observar en los pr\u00f3ximos a\u00f1os?<\/strong><\/p>\n\n\n\n<p class=\"wp-block-paragraph\">Me gustar\u00eda ver organizaciones donde la igualdad de oportunidades deje de ser un objetivo pendiente y se convierta en una pr\u00e1ctica cotidiana. No esperamos que todas las empresas implementen de inmediato las trece l\u00edneas de acci\u00f3n que propone la gu\u00eda. Cada organizaci\u00f3n avanza a su propio ritmo. Lo importante es comenzar.<\/p>\n\n\n\n<p class=\"wp-block-paragraph\">Cuando las empresas incorporan objetivos claros, indicadores y mecanismos de seguimiento, los resultados empiezan a reflejarse en mejores oportunidades de desarrollo, mayor diversidad en los espacios de decisi\u00f3n, menor rotaci\u00f3n y culturas organizacionales m\u00e1s s\u00f3lidas. Las grandes transformaciones siempre comienzan con peque\u00f1os pasos sostenidos en el tiempo.<\/p>\n\n\n\n<p class=\"wp-block-paragraph\"><strong>M\u00e1s all\u00e1 de los indicadores, hay una motivaci\u00f3n personal detr\u00e1s de tu trabajo. \u00bfQu\u00e9 te impulsa a seguir promoviendo esta agenda?<\/strong><\/p>\n\n\n\n<p class=\"wp-block-paragraph\">Me inspira la posibilidad de contribuir a construir un mejor entorno para las siguientes generaciones. Estoy convencida de que las empresas tienen la capacidad de transformar la vida de las personas y de impulsar cambios que trascienden sus propias organizaciones. Tambi\u00e9n existe una motivaci\u00f3n muy personal.<\/p>\n\n\n\n<p class=\"wp-block-paragraph\">Soy mam\u00e1 de una adolescente y deseo que, cuando ella inicie su vida profesional, encuentre un entorno donde las oportunidades dependan de su talento, su preparaci\u00f3n y su esfuerzo, nunca de su g\u00e9nero. Si el trabajo que realizamos hoy ayuda a que las nuevas generaciones enfrenten menos barreras, entonces habr\u00e1 valido la pena.<\/p>\n\n\n\n<p class=\"wp-block-paragraph\"><strong>Si pudieras dejar un solo mensaje a quienes hoy dirigen empresas y toman decisiones que impactan a miles de personas, \u00bfcu\u00e1l ser\u00eda?<\/strong><\/p>\n\n\n\n<p class=\"wp-block-paragraph\">Que comprendan la dimensi\u00f3n de su liderazgo. Cada decisi\u00f3n que toma un director general, un consejo de administraci\u00f3n o un equipo directivo tiene la capacidad de transformar la cultura de una organizaci\u00f3n. Por eso los invitar\u00eda a actuar con visi\u00f3n de largo plazo.<\/p>\n\n\n\n<p class=\"wp-block-paragraph\">Midan, establezcan objetivos, den seguimiento a los resultados y construyan mecanismos de rendici\u00f3n de cuentas. Las organizaciones evolucionan cuando convierten sus valores en decisiones y sus compromisos en acciones concretas. La igualdad de oportunidades no debe entenderse como una obligaci\u00f3n regulatoria ni como una tendencia pasajera. Es una inversi\u00f3n en el talento, la innovaci\u00f3n y la sostenibilidad de la empresa. Quienes comiencen ese camino hoy estar\u00e1n mejor preparados para enfrentar los desaf\u00edos del futuro.<\/p>\n\n\n\n<p class=\"wp-block-paragraph\"><strong>Hablar de igualdad de oportunidades es hablar del futuro de las empresas.<\/strong><\/p>\n\n\n\n<p class=\"wp-block-paragraph\"><strong>A lo largo de esta conversaci\u00f3n queda claro que las organizaciones m\u00e1s competitivas no ser\u00e1n necesariamente las m\u00e1s grandes, sino aquellas capaces de atraer al mejor talento, construir culturas m\u00e1s incluyentes y tomar decisiones respaldadas por una visi\u00f3n de largo plazo.<\/strong><\/p>\n\n\n\n<p class=\"wp-block-paragraph\"><strong>La gu\u00eda Igualdad de G\u00e9nero: Pilar de la Sostenibilidad y Rentabilidad Corporativa representa una invitaci\u00f3n para pasar del discurso a la acci\u00f3n y entender que la sostenibilidad no es un destino, sino una forma de dirigir las organizaciones.<\/strong><\/p>\n\n\n\n<p class=\"wp-block-paragraph\"><strong>En Potencial Humano agradecemos a la Bolsa Mexicana de Valores y, especialmente, a Nalleli Barajas, por compartir una visi\u00f3n que demuestra que la igualdad de oportunidades no solo transforma empresas: tambi\u00e9n fortalece su capacidad para crecer, innovar y generar valor para la sociedad.<\/strong><\/p>\n\n\n\n<p class=\"wp-block-paragraph\">Gracias por abrir este espacio. Conf\u00edo en que cada vez m\u00e1s empresas descubran que construir organizaciones m\u00e1s equitativas tambi\u00e9n significa construir organizaciones m\u00e1s fuertes, m\u00e1s resilientes y mejor preparadas para el futuro. Los cambios profundos no ocurren de un d\u00eda para otro, pero cada decisi\u00f3n cuenta.<\/p>\n\n\n\n<p class=\"wp-block-paragraph\">Estoy convencida de que, si m\u00e1s l\u00edderes asumen este compromiso, podremos impulsar un entorno empresarial donde el talento encuentre siempre las mismas oportunidades para desarrollarse. Muchas gracias.<\/p>\n\n\n\n<div class=\"wp-block-columns is-layout-flex wp-container-core-columns-is-layout-7387b849 wp-block-columns-is-layout-flex\">\n<div class=\"wp-block-column is-layout-flow wp-block-column-is-layout-flow\">\n<figure class=\"wp-block-image size-large\"><img fetchpriority=\"high\" decoding=\"async\" width=\"747\" height=\"1024\" src=\"https:\/\/revistapotencialhumano.com.mx\/revistadigital\/wp-content\/uploads\/2026\/08\/Nalleli_4-747x1024.png\" alt=\"\" class=\"wp-image-4074\" srcset=\"https:\/\/revistapotencialhumano.com.mx\/revistadigital\/wp-content\/uploads\/2026\/08\/Nalleli_4-747x1024.png 747w, https:\/\/revistapotencialhumano.com.mx\/revistadigital\/wp-content\/uploads\/2026\/08\/Nalleli_4-219x300.png 219w, https:\/\/revistapotencialhumano.com.mx\/revistadigital\/wp-content\/uploads\/2026\/08\/Nalleli_4-768x1052.png 768w, https:\/\/revistapotencialhumano.com.mx\/revistadigital\/wp-content\/uploads\/2026\/08\/Nalleli_4.png 1000w\" sizes=\"(max-width: 747px) 100vw, 747px\" \/><\/figure>\n<\/div>\n\n\n\n<div class=\"wp-block-column is-layout-flow wp-block-column-is-layout-flow\"><\/div>\n<\/div>\n\n\n\n<p class=\"wp-block-paragraph\"><\/p>\n","protected":false},"excerpt":{"rendered":"<p>Nalleli Barajas: la estrategia que est\u00e1 redefiniendo el futuro de las empresas Entrevista por Christopher Trejo La sostenibilidad dej\u00f3 de ser un concepto reservado para las grandes corporaciones o un requisito de cumplimiento. Hoy representa una ventaja competitiva para las organizaciones que buscan atraer talento, fortalecer su reputaci\u00f3n y generar valor a largo plazo. En [&hellip;]<\/p>\n","protected":false},"author":1,"featured_media":4075,"comment_status":"open","ping_status":"open","sticky":false,"template":"","format":"standard","meta":{"site-sidebar-layout":"default","site-content-layout":"","ast-site-content-layout":"default","site-content-style":"default","site-sidebar-style":"default","ast-global-header-display":"","ast-banner-title-visibility":"","ast-main-header-display":"","ast-hfb-above-header-display":"","ast-hfb-below-header-display":"","ast-hfb-mobile-header-display":"","site-post-title":"","ast-breadcrumbs-content":"","ast-featured-img":"","footer-sml-layout":"","ast-disable-related-posts":"","theme-transparent-header-meta":"","adv-header-id-meta":"","stick-header-meta":"","header-above-stick-meta":"","header-main-stick-meta":"","header-below-stick-meta":"","astra-migrate-meta-layouts":"set","ast-page-background-enabled":"default","ast-page-background-meta":{"desktop":{"background-color":"","background-image":"","background-repeat":"repeat","background-position":"center center","background-size":"auto","background-attachment":"scroll","background-type":"","background-media":"","overlay-type":"","overlay-color":"","overlay-opacity":"","overlay-gradient":""},"tablet":{"background-color":"","background-image":"","background-repeat":"repeat","background-position":"center center","background-size":"auto","background-attachment":"scroll","background-type":"","background-media":"","overlay-type":"","overlay-color":"","overlay-opacity":"","overlay-gradient":""},"mobile":{"background-color":"","background-image":"","background-repeat":"repeat","background-position":"center center","background-size":"auto","background-attachment":"scroll","background-type":"","background-media":"","overlay-type":"","overlay-color":"","overlay-opacity":"","overlay-gradient":""}},"ast-content-background-meta":{"desktop":{"background-color":"var(--ast-global-color-5)","background-image":"","background-repeat":"repeat","background-position":"center center","background-size":"auto","background-attachment":"scroll","background-type":"","background-media":"","overlay-type":"","overlay-color":"","overlay-opacity":"","overlay-gradient":""},"tablet":{"background-color":"var(--ast-global-color-5)","background-image":"","background-repeat":"repeat","background-position":"center center","background-size":"auto","background-attachment":"scroll","background-type":"","background-media":"","overlay-type":"","overlay-color":"","overlay-opacity":"","overlay-gradient":""},"mobile":{"background-color":"var(--ast-global-color-5)","background-image":"","background-repeat":"repeat","background-position":"center center","background-size":"auto","background-attachment":"scroll","background-type":"","background-media":"","overlay-type":"","overlay-color":"","overlay-opacity":"","overlay-gradient":""}},"footnotes":""},"categories":[2],"tags":[27,33,26,28,49,25],"class_list":["post-4073","post","type-post","status-publish","format-standard","has-post-thumbnail","hentry","category-liderazgo","tag-entrevistas","tag-liderazgo","tag-noticias","tag-potencial","tag-recursos-humanos","tag-revista"],"yoast_head":"<!-- This site is optimized with the Yoast SEO plugin v28.3 - https:\/\/yoast.com\/product\/yoast-seo-wordpress\/ -->\n<title>De la igualdad de oportunidades a la ventaja competitiva - Potencial Humano<\/title>\n<meta name=\"robots\" content=\"index, follow, max-snippet:-1, max-image-preview:large, max-video-preview:-1\" \/>\n<link rel=\"canonical\" href=\"https:\/\/revistapotencialhumano.com.mx\/revistadigital\/de-la-igualdad-de-oportunidades-a-la-ventaja-competitiva\/\" \/>\n<meta property=\"og:locale\" content=\"es_ES\" \/>\n<meta property=\"og:type\" content=\"article\" \/>\n<meta property=\"og:title\" content=\"De la igualdad de oportunidades a la ventaja competitiva - Potencial Humano\" \/>\n<meta property=\"og:description\" content=\"Nalleli Barajas: la estrategia que est\u00e1 redefiniendo el futuro de las empresas Entrevista por Christopher Trejo La sostenibilidad dej\u00f3 de ser un concepto reservado para las grandes corporaciones o un requisito de cumplimiento. Hoy representa una ventaja competitiva para las organizaciones que buscan atraer talento, fortalecer su reputaci\u00f3n y generar valor a largo plazo. En [&hellip;]\" \/>\n<meta property=\"og:url\" content=\"https:\/\/revistapotencialhumano.com.mx\/revistadigital\/de-la-igualdad-de-oportunidades-a-la-ventaja-competitiva\/\" \/>\n<meta property=\"og:site_name\" content=\"Potencial Humano\" \/>\n<meta property=\"article:published_time\" content=\"2026-08-31T04:47:30+00:00\" \/>\n<meta property=\"article:modified_time\" content=\"2026-08-31T04:47:31+00:00\" \/>\n<meta property=\"og:image\" content=\"https:\/\/revistapotencialhumano.com.mx\/revistadigital\/wp-content\/uploads\/2026\/08\/Nalleli_1.png\" \/>\n\t<meta property=\"og:image:width\" content=\"1200\" \/>\n\t<meta property=\"og:image:height\" content=\"630\" \/>\n\t<meta property=\"og:image:type\" content=\"image\/png\" \/>\n<meta name=\"author\" content=\"dominios\" \/>\n<meta name=\"twitter:card\" content=\"summary_large_image\" \/>\n<meta name=\"twitter:label1\" content=\"Written by\" \/>\n\t<meta name=\"twitter:data1\" content=\"dominios\" \/>\n\t<meta name=\"twitter:label2\" content=\"Est. reading time\" \/>\n\t<meta name=\"twitter:data2\" content=\"9 minutos\" \/>\n<script type=\"application\/ld+json\" class=\"yoast-schema-graph\">{\"@context\":\"https:\\\/\\\/schema.org\",\"@graph\":[{\"@type\":\"Article\",\"@id\":\"https:\\\/\\\/revistapotencialhumano.com.mx\\\/revistadigital\\\/de-la-igualdad-de-oportunidades-a-la-ventaja-competitiva\\\/#article\",\"isPartOf\":{\"@id\":\"https:\\\/\\\/revistapotencialhumano.com.mx\\\/revistadigital\\\/de-la-igualdad-de-oportunidades-a-la-ventaja-competitiva\\\/\"},\"author\":{\"name\":\"dominios\",\"@id\":\"https:\\\/\\\/revistapotencialhumano.com.mx\\\/revistadigital\\\/#\\\/schema\\\/person\\\/91fea73f920f120e4c1d580d48d27c85\"},\"headline\":\"De la igualdad de oportunidades a la ventaja competitiva\",\"datePublished\":\"2026-08-31T04:47:30+00:00\",\"dateModified\":\"2026-08-31T04:47:31+00:00\",\"mainEntityOfPage\":{\"@id\":\"https:\\\/\\\/revistapotencialhumano.com.mx\\\/revistadigital\\\/de-la-igualdad-de-oportunidades-a-la-ventaja-competitiva\\\/\"},\"wordCount\":2020,\"commentCount\":0,\"image\":{\"@id\":\"https:\\\/\\\/revistapotencialhumano.com.mx\\\/revistadigital\\\/de-la-igualdad-de-oportunidades-a-la-ventaja-competitiva\\\/#primaryimage\"},\"thumbnailUrl\":\"https:\\\/\\\/revistapotencialhumano.com.mx\\\/revistadigital\\\/wp-content\\\/uploads\\\/2026\\\/08\\\/Nalleli_1.png\",\"keywords\":[\"entrevistas\",\"liderazgo\",\"noticias\",\"potencial\",\"recursos humanos\",\"revista\"],\"articleSection\":[\"Liderazgo\"],\"inLanguage\":\"es\",\"potentialAction\":[{\"@type\":\"CommentAction\",\"name\":\"Comment\",\"target\":[\"https:\\\/\\\/revistapotencialhumano.com.mx\\\/revistadigital\\\/de-la-igualdad-de-oportunidades-a-la-ventaja-competitiva\\\/#respond\"]}]},{\"@type\":\"WebPage\",\"@id\":\"https:\\\/\\\/revistapotencialhumano.com.mx\\\/revistadigital\\\/de-la-igualdad-de-oportunidades-a-la-ventaja-competitiva\\\/\",\"url\":\"https:\\\/\\\/revistapotencialhumano.com.mx\\\/revistadigital\\\/de-la-igualdad-de-oportunidades-a-la-ventaja-competitiva\\\/\",\"name\":\"De la igualdad de oportunidades a la ventaja competitiva - Potencial Humano\",\"isPartOf\":{\"@id\":\"https:\\\/\\\/revistapotencialhumano.com.mx\\\/revistadigital\\\/#website\"},\"primaryImageOfPage\":{\"@id\":\"https:\\\/\\\/revistapotencialhumano.com.mx\\\/revistadigital\\\/de-la-igualdad-de-oportunidades-a-la-ventaja-competitiva\\\/#primaryimage\"},\"image\":{\"@id\":\"https:\\\/\\\/revistapotencialhumano.com.mx\\\/revistadigital\\\/de-la-igualdad-de-oportunidades-a-la-ventaja-competitiva\\\/#primaryimage\"},\"thumbnailUrl\":\"https:\\\/\\\/revistapotencialhumano.com.mx\\\/revistadigital\\\/wp-content\\\/uploads\\\/2026\\\/08\\\/Nalleli_1.png\",\"datePublished\":\"2026-08-31T04:47:30+00:00\",\"dateModified\":\"2026-08-31T04:47:31+00:00\",\"author\":{\"@id\":\"https:\\\/\\\/revistapotencialhumano.com.mx\\\/revistadigital\\\/#\\\/schema\\\/person\\\/91fea73f920f120e4c1d580d48d27c85\"},\"breadcrumb\":{\"@id\":\"https:\\\/\\\/revistapotencialhumano.com.mx\\\/revistadigital\\\/de-la-igualdad-de-oportunidades-a-la-ventaja-competitiva\\\/#breadcrumb\"},\"inLanguage\":\"es\",\"potentialAction\":[{\"@type\":\"ReadAction\",\"target\":[\"https:\\\/\\\/revistapotencialhumano.com.mx\\\/revistadigital\\\/de-la-igualdad-de-oportunidades-a-la-ventaja-competitiva\\\/\"]}]},{\"@type\":\"ImageObject\",\"inLanguage\":\"es\",\"@id\":\"https:\\\/\\\/revistapotencialhumano.com.mx\\\/revistadigital\\\/de-la-igualdad-de-oportunidades-a-la-ventaja-competitiva\\\/#primaryimage\",\"url\":\"https:\\\/\\\/revistapotencialhumano.com.mx\\\/revistadigital\\\/wp-content\\\/uploads\\\/2026\\\/08\\\/Nalleli_1.png\",\"contentUrl\":\"https:\\\/\\\/revistapotencialhumano.com.mx\\\/revistadigital\\\/wp-content\\\/uploads\\\/2026\\\/08\\\/Nalleli_1.png\",\"width\":1200,\"height\":630},{\"@type\":\"BreadcrumbList\",\"@id\":\"https:\\\/\\\/revistapotencialhumano.com.mx\\\/revistadigital\\\/de-la-igualdad-de-oportunidades-a-la-ventaja-competitiva\\\/#breadcrumb\",\"itemListElement\":[{\"@type\":\"ListItem\",\"position\":1,\"name\":\"Home\",\"item\":\"https:\\\/\\\/revistapotencialhumano.com.mx\\\/revistadigital\\\/\"},{\"@type\":\"ListItem\",\"position\":2,\"name\":\"De la igualdad de oportunidades a la ventaja competitiva\"}]},{\"@type\":\"WebSite\",\"@id\":\"https:\\\/\\\/revistapotencialhumano.com.mx\\\/revistadigital\\\/#website\",\"url\":\"https:\\\/\\\/revistapotencialhumano.com.mx\\\/revistadigital\\\/\",\"name\":\"Revista Potencial Humano\",\"description\":\"Revista digital\",\"potentialAction\":[{\"@type\":\"SearchAction\",\"target\":{\"@type\":\"EntryPoint\",\"urlTemplate\":\"https:\\\/\\\/revistapotencialhumano.com.mx\\\/revistadigital\\\/?s={search_term_string}\"},\"query-input\":{\"@type\":\"PropertyValueSpecification\",\"valueRequired\":true,\"valueName\":\"search_term_string\"}}],\"inLanguage\":\"es\"},{\"@type\":\"Person\",\"@id\":\"https:\\\/\\\/revistapotencialhumano.com.mx\\\/revistadigital\\\/#\\\/schema\\\/person\\\/91fea73f920f120e4c1d580d48d27c85\",\"name\":\"dominios\",\"image\":{\"@type\":\"ImageObject\",\"inLanguage\":\"es\",\"@id\":\"https:\\\/\\\/secure.gravatar.com\\\/avatar\\\/38801331f5a5719c335c313322a75f644e1d0ab54546f4a1c4cd962f133e2ff7?s=96&d=mm&r=g\",\"url\":\"https:\\\/\\\/secure.gravatar.com\\\/avatar\\\/38801331f5a5719c335c313322a75f644e1d0ab54546f4a1c4cd962f133e2ff7?s=96&d=mm&r=g\",\"contentUrl\":\"https:\\\/\\\/secure.gravatar.com\\\/avatar\\\/38801331f5a5719c335c313322a75f644e1d0ab54546f4a1c4cd962f133e2ff7?s=96&d=mm&r=g\",\"caption\":\"dominios\"},\"sameAs\":[\"https:\\\/\\\/revistapotencialhumano.com.mx\\\/revistadigital\"],\"url\":\"https:\\\/\\\/revistapotencialhumano.com.mx\\\/revistadigital\\\/author\\\/dominios\\\/\"}]}<\/script>\n<!-- \/ Yoast SEO plugin. -->","yoast_head_json":{"title":"De la igualdad de oportunidades a la ventaja competitiva - Potencial Humano","robots":{"index":"index","follow":"follow","max-snippet":"max-snippet:-1","max-image-preview":"max-image-preview:large","max-video-preview":"max-video-preview:-1"},"canonical":"https:\/\/revistapotencialhumano.com.mx\/revistadigital\/de-la-igualdad-de-oportunidades-a-la-ventaja-competitiva\/","og_locale":"es_ES","og_type":"article","og_title":"De la igualdad de oportunidades a la ventaja competitiva - Potencial Humano","og_description":"Nalleli Barajas: la estrategia que est\u00e1 redefiniendo el futuro de las empresas Entrevista por Christopher Trejo La sostenibilidad dej\u00f3 de ser un concepto reservado para las grandes corporaciones o un requisito de cumplimiento. Hoy representa una ventaja competitiva para las organizaciones que buscan atraer talento, fortalecer su reputaci\u00f3n y generar valor a largo plazo. En [&hellip;]","og_url":"https:\/\/revistapotencialhumano.com.mx\/revistadigital\/de-la-igualdad-de-oportunidades-a-la-ventaja-competitiva\/","og_site_name":"Potencial Humano","article_published_time":"2026-08-31T04:47:30+00:00","article_modified_time":"2026-08-31T04:47:31+00:00","og_image":[{"width":1200,"height":630,"url":"https:\/\/revistapotencialhumano.com.mx\/revistadigital\/wp-content\/uploads\/2026\/08\/Nalleli_1.png","type":"image\/png"}],"author":"dominios","twitter_card":"summary_large_image","twitter_misc":{"Written by":"dominios","Est. reading time":"9 minutos"},"schema":{"@context":"https:\/\/schema.org","@graph":[{"@type":"Article","@id":"https:\/\/revistapotencialhumano.com.mx\/revistadigital\/de-la-igualdad-de-oportunidades-a-la-ventaja-competitiva\/#article","isPartOf":{"@id":"https:\/\/revistapotencialhumano.com.mx\/revistadigital\/de-la-igualdad-de-oportunidades-a-la-ventaja-competitiva\/"},"author":{"name":"dominios","@id":"https:\/\/revistapotencialhumano.com.mx\/revistadigital\/#\/schema\/person\/91fea73f920f120e4c1d580d48d27c85"},"headline":"De la igualdad de oportunidades a la ventaja competitiva","datePublished":"2026-08-31T04:47:30+00:00","dateModified":"2026-08-31T04:47:31+00:00","mainEntityOfPage":{"@id":"https:\/\/revistapotencialhumano.com.mx\/revistadigital\/de-la-igualdad-de-oportunidades-a-la-ventaja-competitiva\/"},"wordCount":2020,"commentCount":0,"image":{"@id":"https:\/\/revistapotencialhumano.com.mx\/revistadigital\/de-la-igualdad-de-oportunidades-a-la-ventaja-competitiva\/#primaryimage"},"thumbnailUrl":"https:\/\/revistapotencialhumano.com.mx\/revistadigital\/wp-content\/uploads\/2026\/08\/Nalleli_1.png","keywords":["entrevistas","liderazgo","noticias","potencial","recursos humanos","revista"],"articleSection":["Liderazgo"],"inLanguage":"es","potentialAction":[{"@type":"CommentAction","name":"Comment","target":["https:\/\/revistapotencialhumano.com.mx\/revistadigital\/de-la-igualdad-de-oportunidades-a-la-ventaja-competitiva\/#respond"]}]},{"@type":"WebPage","@id":"https:\/\/revistapotencialhumano.com.mx\/revistadigital\/de-la-igualdad-de-oportunidades-a-la-ventaja-competitiva\/","url":"https:\/\/revistapotencialhumano.com.mx\/revistadigital\/de-la-igualdad-de-oportunidades-a-la-ventaja-competitiva\/","name":"De la igualdad de oportunidades a la ventaja competitiva - Potencial Humano","isPartOf":{"@id":"https:\/\/revistapotencialhumano.com.mx\/revistadigital\/#website"},"primaryImageOfPage":{"@id":"https:\/\/revistapotencialhumano.com.mx\/revistadigital\/de-la-igualdad-de-oportunidades-a-la-ventaja-competitiva\/#primaryimage"},"image":{"@id":"https:\/\/revistapotencialhumano.com.mx\/revistadigital\/de-la-igualdad-de-oportunidades-a-la-ventaja-competitiva\/#primaryimage"},"thumbnailUrl":"https:\/\/revistapotencialhumano.com.mx\/revistadigital\/wp-content\/uploads\/2026\/08\/Nalleli_1.png","datePublished":"2026-08-31T04:47:30+00:00","dateModified":"2026-08-31T04:47:31+00:00","author":{"@id":"https:\/\/revistapotencialhumano.com.mx\/revistadigital\/#\/schema\/person\/91fea73f920f120e4c1d580d48d27c85"},"breadcrumb":{"@id":"https:\/\/revistapotencialhumano.com.mx\/revistadigital\/de-la-igualdad-de-oportunidades-a-la-ventaja-competitiva\/#breadcrumb"},"inLanguage":"es","potentialAction":[{"@type":"ReadAction","target":["https:\/\/revistapotencialhumano.com.mx\/revistadigital\/de-la-igualdad-de-oportunidades-a-la-ventaja-competitiva\/"]}]},{"@type":"ImageObject","inLanguage":"es","@id":"https:\/\/revistapotencialhumano.com.mx\/revistadigital\/de-la-igualdad-de-oportunidades-a-la-ventaja-competitiva\/#primaryimage","url":"https:\/\/revistapotencialhumano.com.mx\/revistadigital\/wp-content\/uploads\/2026\/08\/Nalleli_1.png","contentUrl":"https:\/\/revistapotencialhumano.com.mx\/revistadigital\/wp-content\/uploads\/2026\/08\/Nalleli_1.png","width":1200,"height":630},{"@type":"BreadcrumbList","@id":"https:\/\/revistapotencialhumano.com.mx\/revistadigital\/de-la-igualdad-de-oportunidades-a-la-ventaja-competitiva\/#breadcrumb","itemListElement":[{"@type":"ListItem","position":1,"name":"Home","item":"https:\/\/revistapotencialhumano.com.mx\/revistadigital\/"},{"@type":"ListItem","position":2,"name":"De la igualdad de oportunidades a la ventaja competitiva"}]},{"@type":"WebSite","@id":"https:\/\/revistapotencialhumano.com.mx\/revistadigital\/#website","url":"https:\/\/revistapotencialhumano.com.mx\/revistadigital\/","name":"Revista Potencial Humano","description":"Revista digital","potentialAction":[{"@type":"SearchAction","target":{"@type":"EntryPoint","urlTemplate":"https:\/\/revistapotencialhumano.com.mx\/revistadigital\/?s={search_term_string}"},"query-input":{"@type":"PropertyValueSpecification","valueRequired":true,"valueName":"search_term_string"}}],"inLanguage":"es"},{"@type":"Person","@id":"https:\/\/revistapotencialhumano.com.mx\/revistadigital\/#\/schema\/person\/91fea73f920f120e4c1d580d48d27c85","name":"dominios","image":{"@type":"ImageObject","inLanguage":"es","@id":"https:\/\/secure.gravatar.com\/avatar\/38801331f5a5719c335c313322a75f644e1d0ab54546f4a1c4cd962f133e2ff7?s=96&d=mm&r=g","url":"https:\/\/secure.gravatar.com\/avatar\/38801331f5a5719c335c313322a75f644e1d0ab54546f4a1c4cd962f133e2ff7?s=96&d=mm&r=g","contentUrl":"https:\/\/secure.gravatar.com\/avatar\/38801331f5a5719c335c313322a75f644e1d0ab54546f4a1c4cd962f133e2ff7?s=96&d=mm&r=g","caption":"dominios"},"sameAs":["https:\/\/revistapotencialhumano.com.mx\/revistadigital"],"url":"https:\/\/revistapotencialhumano.com.mx\/revistadigital\/author\/dominios\/"}]}},"_links":{"self":[{"href":"https:\/\/revistapotencialhumano.com.mx\/revistadigital\/wp-json\/wp\/v2\/posts\/4073","targetHints":{"allow":["GET"]}}],"collection":[{"href":"https:\/\/revistapotencialhumano.com.mx\/revistadigital\/wp-json\/wp\/v2\/posts"}],"about":[{"href":"https:\/\/revistapotencialhumano.com.mx\/revistadigital\/wp-json\/wp\/v2\/types\/post"}],"author":[{"embeddable":true,"href":"https:\/\/revistapotencialhumano.com.mx\/revistadigital\/wp-json\/wp\/v2\/users\/1"}],"replies":[{"embeddable":true,"href":"https:\/\/revistapotencialhumano.com.mx\/revistadigital\/wp-json\/wp\/v2\/comments?post=4073"}],"version-history":[{"count":1,"href":"https:\/\/revistapotencialhumano.com.mx\/revistadigital\/wp-json\/wp\/v2\/posts\/4073\/revisions"}],"predecessor-version":[{"id":4076,"href":"https:\/\/revistapotencialhumano.com.mx\/revistadigital\/wp-json\/wp\/v2\/posts\/4073\/revisions\/4076"}],"wp:featuredmedia":[{"embeddable":true,"href":"https:\/\/revistapotencialhumano.com.mx\/revistadigital\/wp-json\/wp\/v2\/media\/4075"}],"wp:attachment":[{"href":"https:\/\/revistapotencialhumano.com.mx\/revistadigital\/wp-json\/wp\/v2\/media?parent=4073"}],"wp:term":[{"taxonomy":"category","embeddable":true,"href":"https:\/\/revistapotencialhumano.com.mx\/revistadigital\/wp-json\/wp\/v2\/categories?post=4073"},{"taxonomy":"post_tag","embeddable":true,"href":"https:\/\/revistapotencialhumano.com.mx\/revistadigital\/wp-json\/wp\/v2\/tags?post=4073"}],"curies":[{"name":"wp","href":"https:\/\/api.w.org\/{rel}","templated":true}]}}