{"id":4096,"date":"2026-09-02T18:38:32","date_gmt":"2026-09-02T18:38:32","guid":{"rendered":"https:\/\/revistapotencialhumano.com.mx\/revistadigital\/?p=4096"},"modified":"2026-09-02T18:38:34","modified_gmt":"2026-09-02T18:38:34","slug":"en-el-dia-del-abuelo-la-verdadera-alerta-es-que-mexico-no-esta-preparado-para-cuidar-a-sus-adultos-mayores","status":"publish","type":"post","link":"https:\/\/revistapotencialhumano.com.mx\/revistadigital\/en-el-dia-del-abuelo-la-verdadera-alerta-es-que-mexico-no-esta-preparado-para-cuidar-a-sus-adultos-mayores\/","title":{"rendered":"En el D\u00eda del Abuelo, la verdadera alerta es que M\u00e9xico no est\u00e1 preparado para cuidar a sus adultos mayores"},"content":{"rendered":"\n<p class=\"wp-block-paragraph\"><strong><em>Por Amparo Labastida Romo<\/em><\/strong><\/p>\n\n\n\n<p class=\"wp-block-paragraph\"><em>Pensi\u00f3n, vivienda digna y cuidados siguen sin resolverse para los adultos mayores en M\u00e9xico, advierte Amparo Labastida, especialista en el estudio del envejecimiento.<\/em><\/p>\n\n\n\n<p class=\"wp-block-paragraph\"><em>Por primera vez en la historia, la poblaci\u00f3n mundial de 60 a\u00f1os y m\u00e1s supera a la de ni\u00f1os de 0 a 5 a\u00f1os; en M\u00e9xico, el grupo que m\u00e1s crece es el de 80 a\u00f1os y m\u00e1s.<\/em><\/p>\n\n\n\n<p class=\"wp-block-paragraph\"><em>7.6 millones de personas cuidan hoy a un familiar en el pa\u00eds, la mayor\u00eda mujeres, en un trabajo que todav\u00eda no se reconoce legalmente.<\/em><\/p>\n\n\n\n<figure class=\"wp-block-image size-large\"><img fetchpriority=\"high\" decoding=\"async\" width=\"1024\" height=\"538\" src=\"https:\/\/revistapotencialhumano.com.mx\/revistadigital\/wp-content\/uploads\/2026\/09\/Dia-de-los-abuelos_1-1024x538.png\" alt=\"\" class=\"wp-image-4098\" srcset=\"https:\/\/revistapotencialhumano.com.mx\/revistadigital\/wp-content\/uploads\/2026\/09\/Dia-de-los-abuelos_1-1024x538.png 1024w, https:\/\/revistapotencialhumano.com.mx\/revistadigital\/wp-content\/uploads\/2026\/09\/Dia-de-los-abuelos_1-300x158.png 300w, https:\/\/revistapotencialhumano.com.mx\/revistadigital\/wp-content\/uploads\/2026\/09\/Dia-de-los-abuelos_1-768x403.png 768w, https:\/\/revistapotencialhumano.com.mx\/revistadigital\/wp-content\/uploads\/2026\/09\/Dia-de-los-abuelos_1.png 1200w\" sizes=\"(max-width: 1024px) 100vw, 1024px\" \/><\/figure>\n\n\n\n<p class=\"wp-block-paragraph\">Este 28 de agosto se celebra en M\u00e9xico el D\u00eda del Abuelo, pero m\u00e1s que una fecha para festejar, advierte Amparo Labastida, soci\u00f3loga y especialista en el estudio del envejecimiento, deber\u00eda ser una fecha para reconocer a quienes hoy sobreviven \u00abm\u00e1s all\u00e1 de la edad simb\u00f3lica de los 65 a\u00f1os\u00bb que marca el acceso a la Pensi\u00f3n de Bienestar. Se trata, adem\u00e1s, de un fen\u00f3meno mundial: por primera vez en la historia de la humanidad, la poblaci\u00f3n de 60 a\u00f1os y m\u00e1s supera a la de ni\u00f1os de 0 a 5 a\u00f1os. En M\u00e9xico, el grupo de poblaci\u00f3n que m\u00e1s crece es el de 80 a\u00f1os y m\u00e1s, con todas las implicaciones de salud, asistencia y cuidados que eso conlleva.<\/p>\n\n\n\n<figure class=\"wp-block-image size-large\"><img decoding=\"async\" width=\"747\" height=\"1024\" src=\"https:\/\/revistapotencialhumano.com.mx\/revistadigital\/wp-content\/uploads\/2026\/09\/Dia-de-los-abuelos_4-747x1024.png\" alt=\"\" class=\"wp-image-4101\" srcset=\"https:\/\/revistapotencialhumano.com.mx\/revistadigital\/wp-content\/uploads\/2026\/09\/Dia-de-los-abuelos_4-747x1024.png 747w, https:\/\/revistapotencialhumano.com.mx\/revistadigital\/wp-content\/uploads\/2026\/09\/Dia-de-los-abuelos_4-219x300.png 219w, https:\/\/revistapotencialhumano.com.mx\/revistadigital\/wp-content\/uploads\/2026\/09\/Dia-de-los-abuelos_4-768x1052.png 768w, https:\/\/revistapotencialhumano.com.mx\/revistadigital\/wp-content\/uploads\/2026\/09\/Dia-de-los-abuelos_4.png 1000w\" sizes=\"(max-width: 747px) 100vw, 747px\" \/><\/figure>\n\n\n\n<p class=\"wp-block-paragraph\">\u201cHoy hay mil millones de personas mayores en el mundo, y sin embargo seguimos sin saber bien c\u00f3mo llamarlas: \u00bfancianos, adultos mayores, personas mayores, viejos? Esa complejidad para nombrarlas habla de la dificultad que tenemos como sociedad, para verlas y atenderlas\u201d, explica Amparo Labastida. Amparo enmarca la problem\u00e1tica del envejecimiento en seis grandes ejes:<\/p>\n\n\n\n<ol class=\"wp-block-list\">\n<li>Los cambios demogr\u00e1ficos, con ciudades que se vac\u00edan y un reemplazo generacional cada vez m\u00e1s lento.<\/li>\n\n\n\n<li>La salud, marcada por la ca\u00edda en la fecundidad, el aumento en la esperanza de vida y la p\u00e9rdida gradual de autonom\u00eda.<\/li>\n\n\n\n<li>La transformaci\u00f3n de las normas sociales, con nuevos tipos de familia y vivienda.<\/li>\n\n\n\n<li>La situaci\u00f3n econ\u00f3mica, con las pensiones y la jubilaci\u00f3n como pendientes.<\/li>\n\n\n\n<li>Un componente de g\u00e9nero, pues las mujeres mayores figuran entre las minor\u00edas m\u00e1s pobres del mundo.<\/li>\n\n\n\n<li>El maltrato, que puede ser psicol\u00f3gico, econ\u00f3mico, f\u00edsico, por negligencia o abandono.<\/li>\n<\/ol>\n\n\n\n<figure class=\"wp-block-image size-large\"><img decoding=\"async\" width=\"1024\" height=\"538\" src=\"https:\/\/revistapotencialhumano.com.mx\/revistadigital\/wp-content\/uploads\/2026\/09\/Dia-de-los-abuelos_2-1024x538.png\" alt=\"\" class=\"wp-image-4099\" srcset=\"https:\/\/revistapotencialhumano.com.mx\/revistadigital\/wp-content\/uploads\/2026\/09\/Dia-de-los-abuelos_2-1024x538.png 1024w, https:\/\/revistapotencialhumano.com.mx\/revistadigital\/wp-content\/uploads\/2026\/09\/Dia-de-los-abuelos_2-300x158.png 300w, https:\/\/revistapotencialhumano.com.mx\/revistadigital\/wp-content\/uploads\/2026\/09\/Dia-de-los-abuelos_2-768x403.png 768w, https:\/\/revistapotencialhumano.com.mx\/revistadigital\/wp-content\/uploads\/2026\/09\/Dia-de-los-abuelos_2.png 1200w\" sizes=\"(max-width: 1024px) 100vw, 1024px\" \/><\/figure>\n\n\n\n<p class=\"wp-block-paragraph\">El INEGI report\u00f3 en 2024 apenas 1,096 unidades econ\u00f3micas dedicadas al cuidado de personas mayores en todo el pa\u00eds, de las cuales solo 109 est\u00e1n en la Ciudad de M\u00e9xico y de \u00e9stas, el 85% son del sector privado. Adem\u00e1s de esta problem\u00e1tica que refleja lo poco atendido que est\u00e1 su bienestar, en M\u00e9xico se suman otras que son urgentes de atender:<\/p>\n\n\n\n<ul class=\"wp-block-list\">\n<li><strong>Econom\u00eda y pensiones:<\/strong> 55% de la poblaci\u00f3n mexicana trabaja en la informalidad, por lo que no tendr\u00e1 acceso a una pensi\u00f3n ni a la jubilaci\u00f3n.<\/li>\n\n\n\n<li><strong>Vivienda y cuidados institucionales:<\/strong> la escasez de asilos y residencias es insuficiente frente a la demanda. Las listas de espera para ingresar a estos espacios son en muchos casos, de a\u00f1os.<\/li>\n\n\n\n<li><strong>Servicios de salud dignos:<\/strong> conforme aumenta la edad crecen tambi\u00e9n el deterioro, los cuidados especiales y el consumo de medicamentos.<\/li>\n\n\n\n<li><strong>Cuidados no reconocidos:<\/strong> el INEGI se\u00f1ala que en M\u00e9xico hay 7.6 millones de personas cuidadoras, la mayor\u00eda mujeres, en un trabajo que todav\u00eda no se reconoce legalmente como tal. Y es que en la mayor\u00eda de los casos, quien cuida a los adultos mayores es la hija, que atiende simult\u00e1neamente a sus propios hijos, a su padre o madre, a su esposo, a su suegro o a sus nietos.<\/li>\n\n\n\n<li><strong>Espacios para vivir los \u00faltimos d\u00edas de manera digna:<\/strong> sin un lugar digno donde vivir la \u00faltima etapa de la vida, la garant\u00eda de los derechos de las personas mayores seguir\u00e1 siendo una promesa incumplida.<\/li>\n<\/ul>\n\n\n\n<p class=\"wp-block-paragraph\">El llamado para atender dichas problem\u00e1ticas, no puede quedarse solo en manos del Estado. Como sociedad y como familias, urge actuar no solo porque todos seremos adultos mayores alg\u00fan d\u00eda, sino, sobre todo, por quienes ya lo son hoy y necesitan de una red de apoyo real, presente y constante.<\/p>\n\n\n\n<figure class=\"wp-block-image size-large\"><img loading=\"lazy\" decoding=\"async\" width=\"1024\" height=\"538\" src=\"https:\/\/revistapotencialhumano.com.mx\/revistadigital\/wp-content\/uploads\/2026\/09\/Dia-de-los-abuelos_3-1024x538.png\" alt=\"\" class=\"wp-image-4100\" srcset=\"https:\/\/revistapotencialhumano.com.mx\/revistadigital\/wp-content\/uploads\/2026\/09\/Dia-de-los-abuelos_3-1024x538.png 1024w, https:\/\/revistapotencialhumano.com.mx\/revistadigital\/wp-content\/uploads\/2026\/09\/Dia-de-los-abuelos_3-300x158.png 300w, https:\/\/revistapotencialhumano.com.mx\/revistadigital\/wp-content\/uploads\/2026\/09\/Dia-de-los-abuelos_3-768x403.png 768w, https:\/\/revistapotencialhumano.com.mx\/revistadigital\/wp-content\/uploads\/2026\/09\/Dia-de-los-abuelos_3.png 1200w\" sizes=\"(max-width: 1024px) 100vw, 1024px\" \/><\/figure>\n\n\n\n<p class=\"wp-block-paragraph\"><strong><em>Sobre Amparo Labastida Romo<\/em><\/strong><\/p>\n\n\n\n<p class=\"wp-block-paragraph\"><strong><em>Amparo Labastida Romo naci\u00f3 en 1949 en la Ciudad de M\u00e9xico. Es licenciada en Ciencias de la Informaci\u00f3n por la UNAM, donde su tesis \u2014un reportaje sobre \u00abLos ancianos y sus problemas\u00bb\u2014 surgi\u00f3 de un encuentro con un anciano abandonado en la banca de un parque. Curs\u00f3 despu\u00e9s la Maestr\u00eda en Sociolog\u00eda en la Universidad Iberoamericana, donde volvi\u00f3 a abordar el envejecimiento, ahora desde la narrativa del abandono, obteniendo menci\u00f3n honor\u00edfica. Tiene estudios en Gerontolog\u00eda y actualmente cursa un M\u00e1ster en Salud Emocional y Bienestar del Adulto Mayor. Es autora del libro El abandono de Ancianos.<\/em><\/strong><\/p>\n\n\n\n<figure class=\"wp-block-image size-large\"><img loading=\"lazy\" decoding=\"async\" width=\"747\" height=\"1024\" src=\"https:\/\/revistapotencialhumano.com.mx\/revistadigital\/wp-content\/uploads\/2026\/09\/Dia-de-los-abuelos_6-747x1024.png\" alt=\"\" class=\"wp-image-4102\" srcset=\"https:\/\/revistapotencialhumano.com.mx\/revistadigital\/wp-content\/uploads\/2026\/09\/Dia-de-los-abuelos_6-747x1024.png 747w, https:\/\/revistapotencialhumano.com.mx\/revistadigital\/wp-content\/uploads\/2026\/09\/Dia-de-los-abuelos_6-219x300.png 219w, https:\/\/revistapotencialhumano.com.mx\/revistadigital\/wp-content\/uploads\/2026\/09\/Dia-de-los-abuelos_6-768x1052.png 768w, https:\/\/revistapotencialhumano.com.mx\/revistadigital\/wp-content\/uploads\/2026\/09\/Dia-de-los-abuelos_6.png 1000w\" sizes=\"(max-width: 747px) 100vw, 747px\" \/><\/figure>\n","protected":false},"excerpt":{"rendered":"<p>Por Amparo Labastida Romo Pensi\u00f3n, vivienda digna y cuidados siguen sin resolverse para los adultos mayores en M\u00e9xico, advierte Amparo Labastida, especialista en el estudio del envejecimiento. Por primera vez en la historia, la poblaci\u00f3n mundial de 60 a\u00f1os y m\u00e1s supera a la de ni\u00f1os de 0 a 5 a\u00f1os; en M\u00e9xico, el grupo [&hellip;]<\/p>\n","protected":false},"author":3,"featured_media":4097,"comment_status":"open","ping_status":"open","sticky":false,"template":"","format":"standard","meta":{"site-sidebar-layout":"default","site-content-layout":"","ast-site-content-layout":"default","site-content-style":"default","site-sidebar-style":"default","ast-global-header-display":"","ast-banner-title-visibility":"","ast-main-header-display":"","ast-hfb-above-header-display":"","ast-hfb-below-header-display":"","ast-hfb-mobile-header-display":"","site-post-title":"","ast-breadcrumbs-content":"","ast-featured-img":"","footer-sml-layout":"","ast-disable-related-posts":"","theme-transparent-header-meta":"","adv-header-id-meta":"","stick-header-meta":"","header-above-stick-meta":"","header-main-stick-meta":"","header-below-stick-meta":"","astra-migrate-meta-layouts":"set","ast-page-background-enabled":"default","ast-page-background-meta":{"desktop":{"background-color":"","background-image":"","background-repeat":"repeat","background-position":"center center","background-size":"auto","background-attachment":"scroll","background-type":"","background-media":"","overlay-type":"","overlay-color":"","overlay-opacity":"","overlay-gradient":""},"tablet":{"background-color":"","background-image":"","background-repeat":"repeat","background-position":"center center","background-size":"auto","background-attachment":"scroll","background-type":"","background-media":"","overlay-type":"","overlay-color":"","overlay-opacity":"","overlay-gradient":""},"mobile":{"background-color":"","background-image":"","background-repeat":"repeat","background-position":"center center","background-size":"auto","background-attachment":"scroll","background-type":"","background-media":"","overlay-type":"","overlay-color":"","overlay-opacity":"","overlay-gradient":""}},"ast-content-background-meta":{"desktop":{"background-color":"var(--ast-global-color-5)","background-image":"","background-repeat":"repeat","background-position":"center center","background-size":"auto","background-attachment":"scroll","background-type":"","background-media":"","overlay-type":"","overlay-color":"","overlay-opacity":"","overlay-gradient":""},"tablet":{"background-color":"var(--ast-global-color-5)","background-image":"","background-repeat":"repeat","background-position":"center center","background-size":"auto","background-attachment":"scroll","background-type":"","background-media":"","overlay-type":"","overlay-color":"","overlay-opacity":"","overlay-gradient":""},"mobile":{"background-color":"var(--ast-global-color-5)","background-image":"","background-repeat":"repeat","background-position":"center center","background-size":"auto","background-attachment":"scroll","background-type":"","background-media":"","overlay-type":"","overlay-color":"","overlay-opacity":"","overlay-gradient":""}},"footnotes":""},"categories":[2],"tags":[],"class_list":["post-4096","post","type-post","status-publish","format-standard","has-post-thumbnail","hentry","category-liderazgo"],"yoast_head":"<!-- This site is optimized with the Yoast SEO plugin v28.3 - https:\/\/yoast.com\/product\/yoast-seo-wordpress\/ -->\n<title>En el D\u00eda del Abuelo, la verdadera alerta es que M\u00e9xico no est\u00e1 preparado para cuidar a sus adultos mayores - Potencial Humano<\/title>\n<meta name=\"robots\" content=\"index, follow, max-snippet:-1, max-image-preview:large, max-video-preview:-1\" \/>\n<link rel=\"canonical\" href=\"https:\/\/revistapotencialhumano.com.mx\/revistadigital\/en-el-dia-del-abuelo-la-verdadera-alerta-es-que-mexico-no-esta-preparado-para-cuidar-a-sus-adultos-mayores\/\" \/>\n<meta property=\"og:locale\" content=\"es_ES\" \/>\n<meta property=\"og:type\" content=\"article\" \/>\n<meta property=\"og:title\" content=\"En el D\u00eda del Abuelo, la verdadera alerta es que M\u00e9xico no est\u00e1 preparado para cuidar a sus adultos mayores - Potencial Humano\" \/>\n<meta property=\"og:description\" content=\"Por Amparo Labastida Romo Pensi\u00f3n, vivienda digna y cuidados siguen sin resolverse para los adultos mayores en M\u00e9xico, advierte Amparo Labastida, especialista en el estudio del envejecimiento. Por primera vez en la historia, la poblaci\u00f3n mundial de 60 a\u00f1os y m\u00e1s supera a la de ni\u00f1os de 0 a 5 a\u00f1os; en M\u00e9xico, el grupo [&hellip;]\" \/>\n<meta property=\"og:url\" content=\"https:\/\/revistapotencialhumano.com.mx\/revistadigital\/en-el-dia-del-abuelo-la-verdadera-alerta-es-que-mexico-no-esta-preparado-para-cuidar-a-sus-adultos-mayores\/\" \/>\n<meta property=\"og:site_name\" content=\"Potencial Humano\" \/>\n<meta property=\"article:published_time\" content=\"2026-09-02T18:38:32+00:00\" \/>\n<meta property=\"article:modified_time\" content=\"2026-09-02T18:38:34+00:00\" \/>\n<meta property=\"og:image\" content=\"https:\/\/revistapotencialhumano.com.mx\/revistadigital\/wp-content\/uploads\/2026\/09\/Dia-de-los-abuelos_5.png\" \/>\n\t<meta property=\"og:image:width\" content=\"1000\" \/>\n\t<meta property=\"og:image:height\" content=\"1370\" \/>\n\t<meta property=\"og:image:type\" content=\"image\/png\" \/>\n<meta name=\"author\" content=\"Cesar Aldana\" \/>\n<meta name=\"twitter:card\" content=\"summary_large_image\" \/>\n<meta name=\"twitter:label1\" content=\"Written by\" \/>\n\t<meta name=\"twitter:data1\" content=\"Cesar Aldana\" \/>\n\t<meta name=\"twitter:label2\" content=\"Est. reading time\" \/>\n\t<meta name=\"twitter:data2\" content=\"5 minutos\" \/>\n<script type=\"application\/ld+json\" class=\"yoast-schema-graph\">{\"@context\":\"https:\\\/\\\/schema.org\",\"@graph\":[{\"@type\":\"Article\",\"@id\":\"https:\\\/\\\/revistapotencialhumano.com.mx\\\/revistadigital\\\/en-el-dia-del-abuelo-la-verdadera-alerta-es-que-mexico-no-esta-preparado-para-cuidar-a-sus-adultos-mayores\\\/#article\",\"isPartOf\":{\"@id\":\"https:\\\/\\\/revistapotencialhumano.com.mx\\\/revistadigital\\\/en-el-dia-del-abuelo-la-verdadera-alerta-es-que-mexico-no-esta-preparado-para-cuidar-a-sus-adultos-mayores\\\/\"},\"author\":{\"name\":\"Cesar Aldana\",\"@id\":\"https:\\\/\\\/revistapotencialhumano.com.mx\\\/revistadigital\\\/#\\\/schema\\\/person\\\/c15a4d9b0bcd4a8160bd7018497e2a62\"},\"headline\":\"En el D\u00eda del Abuelo, la verdadera alerta es que M\u00e9xico no est\u00e1 preparado para cuidar a sus adultos mayores\",\"datePublished\":\"2026-09-02T18:38:32+00:00\",\"dateModified\":\"2026-09-02T18:38:34+00:00\",\"mainEntityOfPage\":{\"@id\":\"https:\\\/\\\/revistapotencialhumano.com.mx\\\/revistadigital\\\/en-el-dia-del-abuelo-la-verdadera-alerta-es-que-mexico-no-esta-preparado-para-cuidar-a-sus-adultos-mayores\\\/\"},\"wordCount\":835,\"commentCount\":0,\"image\":{\"@id\":\"https:\\\/\\\/revistapotencialhumano.com.mx\\\/revistadigital\\\/en-el-dia-del-abuelo-la-verdadera-alerta-es-que-mexico-no-esta-preparado-para-cuidar-a-sus-adultos-mayores\\\/#primaryimage\"},\"thumbnailUrl\":\"https:\\\/\\\/revistapotencialhumano.com.mx\\\/revistadigital\\\/wp-content\\\/uploads\\\/2026\\\/09\\\/Dia-de-los-abuelos_5.png\",\"articleSection\":[\"Liderazgo\"],\"inLanguage\":\"es\",\"potentialAction\":[{\"@type\":\"CommentAction\",\"name\":\"Comment\",\"target\":[\"https:\\\/\\\/revistapotencialhumano.com.mx\\\/revistadigital\\\/en-el-dia-del-abuelo-la-verdadera-alerta-es-que-mexico-no-esta-preparado-para-cuidar-a-sus-adultos-mayores\\\/#respond\"]}]},{\"@type\":\"WebPage\",\"@id\":\"https:\\\/\\\/revistapotencialhumano.com.mx\\\/revistadigital\\\/en-el-dia-del-abuelo-la-verdadera-alerta-es-que-mexico-no-esta-preparado-para-cuidar-a-sus-adultos-mayores\\\/\",\"url\":\"https:\\\/\\\/revistapotencialhumano.com.mx\\\/revistadigital\\\/en-el-dia-del-abuelo-la-verdadera-alerta-es-que-mexico-no-esta-preparado-para-cuidar-a-sus-adultos-mayores\\\/\",\"name\":\"En el D\u00eda del Abuelo, la verdadera alerta es que M\u00e9xico no est\u00e1 preparado para cuidar a sus adultos mayores - Potencial Humano\",\"isPartOf\":{\"@id\":\"https:\\\/\\\/revistapotencialhumano.com.mx\\\/revistadigital\\\/#website\"},\"primaryImageOfPage\":{\"@id\":\"https:\\\/\\\/revistapotencialhumano.com.mx\\\/revistadigital\\\/en-el-dia-del-abuelo-la-verdadera-alerta-es-que-mexico-no-esta-preparado-para-cuidar-a-sus-adultos-mayores\\\/#primaryimage\"},\"image\":{\"@id\":\"https:\\\/\\\/revistapotencialhumano.com.mx\\\/revistadigital\\\/en-el-dia-del-abuelo-la-verdadera-alerta-es-que-mexico-no-esta-preparado-para-cuidar-a-sus-adultos-mayores\\\/#primaryimage\"},\"thumbnailUrl\":\"https:\\\/\\\/revistapotencialhumano.com.mx\\\/revistadigital\\\/wp-content\\\/uploads\\\/2026\\\/09\\\/Dia-de-los-abuelos_5.png\",\"datePublished\":\"2026-09-02T18:38:32+00:00\",\"dateModified\":\"2026-09-02T18:38:34+00:00\",\"author\":{\"@id\":\"https:\\\/\\\/revistapotencialhumano.com.mx\\\/revistadigital\\\/#\\\/schema\\\/person\\\/c15a4d9b0bcd4a8160bd7018497e2a62\"},\"breadcrumb\":{\"@id\":\"https:\\\/\\\/revistapotencialhumano.com.mx\\\/revistadigital\\\/en-el-dia-del-abuelo-la-verdadera-alerta-es-que-mexico-no-esta-preparado-para-cuidar-a-sus-adultos-mayores\\\/#breadcrumb\"},\"inLanguage\":\"es\",\"potentialAction\":[{\"@type\":\"ReadAction\",\"target\":[\"https:\\\/\\\/revistapotencialhumano.com.mx\\\/revistadigital\\\/en-el-dia-del-abuelo-la-verdadera-alerta-es-que-mexico-no-esta-preparado-para-cuidar-a-sus-adultos-mayores\\\/\"]}]},{\"@type\":\"ImageObject\",\"inLanguage\":\"es\",\"@id\":\"https:\\\/\\\/revistapotencialhumano.com.mx\\\/revistadigital\\\/en-el-dia-del-abuelo-la-verdadera-alerta-es-que-mexico-no-esta-preparado-para-cuidar-a-sus-adultos-mayores\\\/#primaryimage\",\"url\":\"https:\\\/\\\/revistapotencialhumano.com.mx\\\/revistadigital\\\/wp-content\\\/uploads\\\/2026\\\/09\\\/Dia-de-los-abuelos_5.png\",\"contentUrl\":\"https:\\\/\\\/revistapotencialhumano.com.mx\\\/revistadigital\\\/wp-content\\\/uploads\\\/2026\\\/09\\\/Dia-de-los-abuelos_5.png\",\"width\":1000,\"height\":1370},{\"@type\":\"BreadcrumbList\",\"@id\":\"https:\\\/\\\/revistapotencialhumano.com.mx\\\/revistadigital\\\/en-el-dia-del-abuelo-la-verdadera-alerta-es-que-mexico-no-esta-preparado-para-cuidar-a-sus-adultos-mayores\\\/#breadcrumb\",\"itemListElement\":[{\"@type\":\"ListItem\",\"position\":1,\"name\":\"Home\",\"item\":\"https:\\\/\\\/revistapotencialhumano.com.mx\\\/revistadigital\\\/\"},{\"@type\":\"ListItem\",\"position\":2,\"name\":\"En el D\u00eda del Abuelo, la verdadera alerta es que M\u00e9xico no est\u00e1 preparado para cuidar a sus adultos mayores\"}]},{\"@type\":\"WebSite\",\"@id\":\"https:\\\/\\\/revistapotencialhumano.com.mx\\\/revistadigital\\\/#website\",\"url\":\"https:\\\/\\\/revistapotencialhumano.com.mx\\\/revistadigital\\\/\",\"name\":\"Revista Potencial Humano\",\"description\":\"Revista digital\",\"potentialAction\":[{\"@type\":\"SearchAction\",\"target\":{\"@type\":\"EntryPoint\",\"urlTemplate\":\"https:\\\/\\\/revistapotencialhumano.com.mx\\\/revistadigital\\\/?s={search_term_string}\"},\"query-input\":{\"@type\":\"PropertyValueSpecification\",\"valueRequired\":true,\"valueName\":\"search_term_string\"}}],\"inLanguage\":\"es\"},{\"@type\":\"Person\",\"@id\":\"https:\\\/\\\/revistapotencialhumano.com.mx\\\/revistadigital\\\/#\\\/schema\\\/person\\\/c15a4d9b0bcd4a8160bd7018497e2a62\",\"name\":\"Cesar Aldana\",\"image\":{\"@type\":\"ImageObject\",\"inLanguage\":\"es\",\"@id\":\"https:\\\/\\\/secure.gravatar.com\\\/avatar\\\/450d0f79afa319363394649e6db54defdeb1e27cdb703b1b90293cd7b11ed3f5?s=96&d=mm&r=g\",\"url\":\"https:\\\/\\\/secure.gravatar.com\\\/avatar\\\/450d0f79afa319363394649e6db54defdeb1e27cdb703b1b90293cd7b11ed3f5?s=96&d=mm&r=g\",\"contentUrl\":\"https:\\\/\\\/secure.gravatar.com\\\/avatar\\\/450d0f79afa319363394649e6db54defdeb1e27cdb703b1b90293cd7b11ed3f5?s=96&d=mm&r=g\",\"caption\":\"Cesar Aldana\"},\"url\":\"https:\\\/\\\/revistapotencialhumano.com.mx\\\/revistadigital\\\/author\\\/cesar\\\/\"}]}<\/script>\n<!-- \/ Yoast SEO plugin. -->","yoast_head_json":{"title":"En el D\u00eda del Abuelo, la verdadera alerta es que M\u00e9xico no est\u00e1 preparado para cuidar a sus adultos mayores - Potencial Humano","robots":{"index":"index","follow":"follow","max-snippet":"max-snippet:-1","max-image-preview":"max-image-preview:large","max-video-preview":"max-video-preview:-1"},"canonical":"https:\/\/revistapotencialhumano.com.mx\/revistadigital\/en-el-dia-del-abuelo-la-verdadera-alerta-es-que-mexico-no-esta-preparado-para-cuidar-a-sus-adultos-mayores\/","og_locale":"es_ES","og_type":"article","og_title":"En el D\u00eda del Abuelo, la verdadera alerta es que M\u00e9xico no est\u00e1 preparado para cuidar a sus adultos mayores - Potencial Humano","og_description":"Por Amparo Labastida Romo Pensi\u00f3n, vivienda digna y cuidados siguen sin resolverse para los adultos mayores en M\u00e9xico, advierte Amparo Labastida, especialista en el estudio del envejecimiento. Por primera vez en la historia, la poblaci\u00f3n mundial de 60 a\u00f1os y m\u00e1s supera a la de ni\u00f1os de 0 a 5 a\u00f1os; en M\u00e9xico, el grupo [&hellip;]","og_url":"https:\/\/revistapotencialhumano.com.mx\/revistadigital\/en-el-dia-del-abuelo-la-verdadera-alerta-es-que-mexico-no-esta-preparado-para-cuidar-a-sus-adultos-mayores\/","og_site_name":"Potencial Humano","article_published_time":"2026-09-02T18:38:32+00:00","article_modified_time":"2026-09-02T18:38:34+00:00","og_image":[{"width":1000,"height":1370,"url":"https:\/\/revistapotencialhumano.com.mx\/revistadigital\/wp-content\/uploads\/2026\/09\/Dia-de-los-abuelos_5.png","type":"image\/png"}],"author":"Cesar Aldana","twitter_card":"summary_large_image","twitter_misc":{"Written by":"Cesar Aldana","Est. reading time":"5 minutos"},"schema":{"@context":"https:\/\/schema.org","@graph":[{"@type":"Article","@id":"https:\/\/revistapotencialhumano.com.mx\/revistadigital\/en-el-dia-del-abuelo-la-verdadera-alerta-es-que-mexico-no-esta-preparado-para-cuidar-a-sus-adultos-mayores\/#article","isPartOf":{"@id":"https:\/\/revistapotencialhumano.com.mx\/revistadigital\/en-el-dia-del-abuelo-la-verdadera-alerta-es-que-mexico-no-esta-preparado-para-cuidar-a-sus-adultos-mayores\/"},"author":{"name":"Cesar Aldana","@id":"https:\/\/revistapotencialhumano.com.mx\/revistadigital\/#\/schema\/person\/c15a4d9b0bcd4a8160bd7018497e2a62"},"headline":"En el D\u00eda del Abuelo, la verdadera alerta es que M\u00e9xico no est\u00e1 preparado para cuidar a sus adultos mayores","datePublished":"2026-09-02T18:38:32+00:00","dateModified":"2026-09-02T18:38:34+00:00","mainEntityOfPage":{"@id":"https:\/\/revistapotencialhumano.com.mx\/revistadigital\/en-el-dia-del-abuelo-la-verdadera-alerta-es-que-mexico-no-esta-preparado-para-cuidar-a-sus-adultos-mayores\/"},"wordCount":835,"commentCount":0,"image":{"@id":"https:\/\/revistapotencialhumano.com.mx\/revistadigital\/en-el-dia-del-abuelo-la-verdadera-alerta-es-que-mexico-no-esta-preparado-para-cuidar-a-sus-adultos-mayores\/#primaryimage"},"thumbnailUrl":"https:\/\/revistapotencialhumano.com.mx\/revistadigital\/wp-content\/uploads\/2026\/09\/Dia-de-los-abuelos_5.png","articleSection":["Liderazgo"],"inLanguage":"es","potentialAction":[{"@type":"CommentAction","name":"Comment","target":["https:\/\/revistapotencialhumano.com.mx\/revistadigital\/en-el-dia-del-abuelo-la-verdadera-alerta-es-que-mexico-no-esta-preparado-para-cuidar-a-sus-adultos-mayores\/#respond"]}]},{"@type":"WebPage","@id":"https:\/\/revistapotencialhumano.com.mx\/revistadigital\/en-el-dia-del-abuelo-la-verdadera-alerta-es-que-mexico-no-esta-preparado-para-cuidar-a-sus-adultos-mayores\/","url":"https:\/\/revistapotencialhumano.com.mx\/revistadigital\/en-el-dia-del-abuelo-la-verdadera-alerta-es-que-mexico-no-esta-preparado-para-cuidar-a-sus-adultos-mayores\/","name":"En el D\u00eda del Abuelo, la verdadera alerta es que M\u00e9xico no est\u00e1 preparado para cuidar a sus adultos mayores - Potencial Humano","isPartOf":{"@id":"https:\/\/revistapotencialhumano.com.mx\/revistadigital\/#website"},"primaryImageOfPage":{"@id":"https:\/\/revistapotencialhumano.com.mx\/revistadigital\/en-el-dia-del-abuelo-la-verdadera-alerta-es-que-mexico-no-esta-preparado-para-cuidar-a-sus-adultos-mayores\/#primaryimage"},"image":{"@id":"https:\/\/revistapotencialhumano.com.mx\/revistadigital\/en-el-dia-del-abuelo-la-verdadera-alerta-es-que-mexico-no-esta-preparado-para-cuidar-a-sus-adultos-mayores\/#primaryimage"},"thumbnailUrl":"https:\/\/revistapotencialhumano.com.mx\/revistadigital\/wp-content\/uploads\/2026\/09\/Dia-de-los-abuelos_5.png","datePublished":"2026-09-02T18:38:32+00:00","dateModified":"2026-09-02T18:38:34+00:00","author":{"@id":"https:\/\/revistapotencialhumano.com.mx\/revistadigital\/#\/schema\/person\/c15a4d9b0bcd4a8160bd7018497e2a62"},"breadcrumb":{"@id":"https:\/\/revistapotencialhumano.com.mx\/revistadigital\/en-el-dia-del-abuelo-la-verdadera-alerta-es-que-mexico-no-esta-preparado-para-cuidar-a-sus-adultos-mayores\/#breadcrumb"},"inLanguage":"es","potentialAction":[{"@type":"ReadAction","target":["https:\/\/revistapotencialhumano.com.mx\/revistadigital\/en-el-dia-del-abuelo-la-verdadera-alerta-es-que-mexico-no-esta-preparado-para-cuidar-a-sus-adultos-mayores\/"]}]},{"@type":"ImageObject","inLanguage":"es","@id":"https:\/\/revistapotencialhumano.com.mx\/revistadigital\/en-el-dia-del-abuelo-la-verdadera-alerta-es-que-mexico-no-esta-preparado-para-cuidar-a-sus-adultos-mayores\/#primaryimage","url":"https:\/\/revistapotencialhumano.com.mx\/revistadigital\/wp-content\/uploads\/2026\/09\/Dia-de-los-abuelos_5.png","contentUrl":"https:\/\/revistapotencialhumano.com.mx\/revistadigital\/wp-content\/uploads\/2026\/09\/Dia-de-los-abuelos_5.png","width":1000,"height":1370},{"@type":"BreadcrumbList","@id":"https:\/\/revistapotencialhumano.com.mx\/revistadigital\/en-el-dia-del-abuelo-la-verdadera-alerta-es-que-mexico-no-esta-preparado-para-cuidar-a-sus-adultos-mayores\/#breadcrumb","itemListElement":[{"@type":"ListItem","position":1,"name":"Home","item":"https:\/\/revistapotencialhumano.com.mx\/revistadigital\/"},{"@type":"ListItem","position":2,"name":"En el D\u00eda del Abuelo, la verdadera alerta es que M\u00e9xico no est\u00e1 preparado para cuidar a sus adultos mayores"}]},{"@type":"WebSite","@id":"https:\/\/revistapotencialhumano.com.mx\/revistadigital\/#website","url":"https:\/\/revistapotencialhumano.com.mx\/revistadigital\/","name":"Revista Potencial Humano","description":"Revista digital","potentialAction":[{"@type":"SearchAction","target":{"@type":"EntryPoint","urlTemplate":"https:\/\/revistapotencialhumano.com.mx\/revistadigital\/?s={search_term_string}"},"query-input":{"@type":"PropertyValueSpecification","valueRequired":true,"valueName":"search_term_string"}}],"inLanguage":"es"},{"@type":"Person","@id":"https:\/\/revistapotencialhumano.com.mx\/revistadigital\/#\/schema\/person\/c15a4d9b0bcd4a8160bd7018497e2a62","name":"Cesar Aldana","image":{"@type":"ImageObject","inLanguage":"es","@id":"https:\/\/secure.gravatar.com\/avatar\/450d0f79afa319363394649e6db54defdeb1e27cdb703b1b90293cd7b11ed3f5?s=96&d=mm&r=g","url":"https:\/\/secure.gravatar.com\/avatar\/450d0f79afa319363394649e6db54defdeb1e27cdb703b1b90293cd7b11ed3f5?s=96&d=mm&r=g","contentUrl":"https:\/\/secure.gravatar.com\/avatar\/450d0f79afa319363394649e6db54defdeb1e27cdb703b1b90293cd7b11ed3f5?s=96&d=mm&r=g","caption":"Cesar Aldana"},"url":"https:\/\/revistapotencialhumano.com.mx\/revistadigital\/author\/cesar\/"}]}},"_links":{"self":[{"href":"https:\/\/revistapotencialhumano.com.mx\/revistadigital\/wp-json\/wp\/v2\/posts\/4096","targetHints":{"allow":["GET"]}}],"collection":[{"href":"https:\/\/revistapotencialhumano.com.mx\/revistadigital\/wp-json\/wp\/v2\/posts"}],"about":[{"href":"https:\/\/revistapotencialhumano.com.mx\/revistadigital\/wp-json\/wp\/v2\/types\/post"}],"author":[{"embeddable":true,"href":"https:\/\/revistapotencialhumano.com.mx\/revistadigital\/wp-json\/wp\/v2\/users\/3"}],"replies":[{"embeddable":true,"href":"https:\/\/revistapotencialhumano.com.mx\/revistadigital\/wp-json\/wp\/v2\/comments?post=4096"}],"version-history":[{"count":1,"href":"https:\/\/revistapotencialhumano.com.mx\/revistadigital\/wp-json\/wp\/v2\/posts\/4096\/revisions"}],"predecessor-version":[{"id":4103,"href":"https:\/\/revistapotencialhumano.com.mx\/revistadigital\/wp-json\/wp\/v2\/posts\/4096\/revisions\/4103"}],"wp:featuredmedia":[{"embeddable":true,"href":"https:\/\/revistapotencialhumano.com.mx\/revistadigital\/wp-json\/wp\/v2\/media\/4097"}],"wp:attachment":[{"href":"https:\/\/revistapotencialhumano.com.mx\/revistadigital\/wp-json\/wp\/v2\/media?parent=4096"}],"wp:term":[{"taxonomy":"category","embeddable":true,"href":"https:\/\/revistapotencialhumano.com.mx\/revistadigital\/wp-json\/wp\/v2\/categories?post=4096"},{"taxonomy":"post_tag","embeddable":true,"href":"https:\/\/revistapotencialhumano.com.mx\/revistadigital\/wp-json\/wp\/v2\/tags?post=4096"}],"curies":[{"name":"wp","href":"https:\/\/api.w.org\/{rel}","templated":true}]}}