{"id":4104,"date":"2026-09-02T18:43:05","date_gmt":"2026-09-02T18:43:05","guid":{"rendered":"https:\/\/revistapotencialhumano.com.mx\/revistadigital\/?p=4104"},"modified":"2026-09-02T18:43:05","modified_gmt":"2026-09-02T18:43:05","slug":"cuatro-alternativas-para-que-los-empleadores-amortiguen-el-alza-en-los-costos-laborales","status":"publish","type":"post","link":"https:\/\/revistapotencialhumano.com.mx\/revistadigital\/cuatro-alternativas-para-que-los-empleadores-amortiguen-el-alza-en-los-costos-laborales\/","title":{"rendered":"Cuatro alternativas para que los empleadores amortig\u00fcen el alza en los costos laborales"},"content":{"rendered":"\n<p class=\"wp-block-paragraph\"><em>Cambios recientes como el incremento anual al salario m\u00ednimo as\u00ed como en materia de vacaciones, seguridad social y jornada laboral est\u00e1n llevando a muchas empresas a despedir personal o a migrar hacia la informalidad, con riesgos fiscales tanto para patrones como para trabajadores.<\/em><\/p>\n\n\n\n<figure class=\"wp-block-image size-large\"><img fetchpriority=\"high\" decoding=\"async\" width=\"747\" height=\"1024\" src=\"https:\/\/revistapotencialhumano.com.mx\/revistadigital\/wp-content\/uploads\/2026\/09\/Littler_6-747x1024.png\" alt=\"\" class=\"wp-image-4109\" srcset=\"https:\/\/revistapotencialhumano.com.mx\/revistadigital\/wp-content\/uploads\/2026\/09\/Littler_6-747x1024.png 747w, https:\/\/revistapotencialhumano.com.mx\/revistadigital\/wp-content\/uploads\/2026\/09\/Littler_6-219x300.png 219w, https:\/\/revistapotencialhumano.com.mx\/revistadigital\/wp-content\/uploads\/2026\/09\/Littler_6-768x1052.png 768w, https:\/\/revistapotencialhumano.com.mx\/revistadigital\/wp-content\/uploads\/2026\/09\/Littler_6.png 1000w\" sizes=\"(max-width: 747px) 100vw, 747px\" \/><\/figure>\n\n\n\n<p class=\"wp-block-paragraph\"><em>Estefania Rueda, socia de Littler, brinda algunas alternativas legales que las empresas pueden implementar como esquemas de pago por hora u objetivo, incentivos diferenciados por puesto, prestaciones de previsi\u00f3n social y jornadas h\u00edbridas.<\/em><\/p>\n\n\n\n<p class=\"wp-block-paragraph\">Los recientes ajustes legales en materia laboral, desde el incremento al salario m\u00ednimo hasta la reducci\u00f3n de la jornada, han elevado de forma considerable los costos operativos para los empleadores en M\u00e9xico; orillando a muchos de ellos a buscar esquemas de compensaci\u00f3n distintos al salario tradicional.<\/p>\n\n\n\n<figure class=\"wp-block-image size-large\"><img decoding=\"async\" width=\"1024\" height=\"538\" src=\"https:\/\/revistapotencialhumano.com.mx\/revistadigital\/wp-content\/uploads\/2026\/09\/Littler_1-1024x538.png\" alt=\"\" class=\"wp-image-4105\" srcset=\"https:\/\/revistapotencialhumano.com.mx\/revistadigital\/wp-content\/uploads\/2026\/09\/Littler_1-1024x538.png 1024w, https:\/\/revistapotencialhumano.com.mx\/revistadigital\/wp-content\/uploads\/2026\/09\/Littler_1-300x158.png 300w, https:\/\/revistapotencialhumano.com.mx\/revistadigital\/wp-content\/uploads\/2026\/09\/Littler_1-768x403.png 768w, https:\/\/revistapotencialhumano.com.mx\/revistadigital\/wp-content\/uploads\/2026\/09\/Littler_1.png 1200w\" sizes=\"(max-width: 1024px) 100vw, 1024px\" \/><\/figure>\n\n\n\n<p class=\"wp-block-paragraph\">Aunque el incremento al salario m\u00ednimo suele anunciarse como un porcentaje de un solo d\u00edgito, al incorporar el monto de recuperaci\u00f3n anual se traduce en la pr\u00e1ctica, en un aumento total de entre 11% y 20%, explica <strong>Estefania Rueda, socia del despacho laboral Littler M\u00e9xico<\/strong>. Este ajuste no solo eleva el costo de los puestos base, sino que reduce la brecha salarial con los de mayor jerarqu\u00eda, obligando a las empresas a incrementar sueldos en cadena para mantener un tabulador razonable.<\/p>\n\n\n\n<p class=\"wp-block-paragraph\">A este panorama se suman otros factores como el aumento al periodo vacacional que elev\u00f3 tambi\u00e9n la prima vacacional y, con ella, el salario base de cotizaci\u00f3n ante el IMSS y el Infonavit; las aportaciones patronales para las Afores se incrementan de forma gradual cada a\u00f1o por la reforma a la Ley del Seguro Social; y la reducci\u00f3n de la jornada laboral implica, para muchas empresas, mayor pago de horas extra o la necesidad de contratar m\u00e1s personal.<\/p>\n\n\n\n<p class=\"wp-block-paragraph\">\u00abEl efecto conjunto de estos cambios reduce el margen de ganancia de las compa\u00f1\u00edas, sobre todo el de las peque\u00f1as y medianas empresas. Esta presi\u00f3n financiera puede llevar a las empresas hac\u00eda dos caminos: despedir personal o migrar hacia la informalidad, pagando compensaciones \u00abpor fuera\u00bb sin registrarlas ante el IMSS ni el SAT, algo que expone tanto a la empresa como al trabajador a adeudos fiscales y multas en casos de auditor\u00eda\u201d, se\u00f1ala Estefan\u00eda Rueda.<\/p>\n\n\n\n<figure class=\"wp-block-image size-large\"><img decoding=\"async\" width=\"1024\" height=\"538\" src=\"https:\/\/revistapotencialhumano.com.mx\/revistadigital\/wp-content\/uploads\/2026\/09\/Littler_2-1024x538.png\" alt=\"\" class=\"wp-image-4106\" srcset=\"https:\/\/revistapotencialhumano.com.mx\/revistadigital\/wp-content\/uploads\/2026\/09\/Littler_2-1024x538.png 1024w, https:\/\/revistapotencialhumano.com.mx\/revistadigital\/wp-content\/uploads\/2026\/09\/Littler_2-300x158.png 300w, https:\/\/revistapotencialhumano.com.mx\/revistadigital\/wp-content\/uploads\/2026\/09\/Littler_2-768x403.png 768w, https:\/\/revistapotencialhumano.com.mx\/revistadigital\/wp-content\/uploads\/2026\/09\/Littler_2.png 1200w\" sizes=\"(max-width: 1024px) 100vw, 1024px\" \/><\/figure>\n\n\n\n<p class=\"wp-block-paragraph\">Ante este escenario, Rueda comparte las siguientes alternativas legales, para que los patrones puedan amortiguar esta alza en los costos:<\/p>\n\n\n\n<ol start=\"1\" class=\"wp-block-list\">\n<li><strong>Contrataci\u00f3n estrat\u00e9gica por hora u objetivo:<\/strong> siempre que el pago total del d\u00eda no sea menor al salario m\u00ednimo diario.<\/li>\n\n\n\n<li><strong>Esquemas de incentivos diferenciados:<\/strong> seg\u00fan el nivel jer\u00e1rquico, la antig\u00fcedad y el desempe\u00f1o de cada posici\u00f3n.<\/li>\n\n\n\n<li><strong>Prestaciones de previsi\u00f3n social:<\/strong> como vales de despensa, fondo de ahorro o seguros de gastos m\u00e9dicos, que son deducibles para el empleador y no generan carga fiscal adicional para el trabajador.<\/li>\n\n\n\n<li><strong>Jornadas h\u00edbridas:<\/strong> que pueden reducir los gastos operativos de la empresa al disminuir el uso de las instalaciones.<\/li>\n<\/ol>\n\n\n\n<p class=\"wp-block-paragraph\">Con el panorama legal en constante transformaci\u00f3n, es previsible que en los pr\u00f3ximos a\u00f1os sigan surgiendo nuevos ajustes que impacten el costo de operar en M\u00e9xico para los empresarios. La clave para los empleadores est\u00e1 en anticiparse al contar con esquemas de compensaci\u00f3n estrat\u00e9gicos y legales que les permitan aminorar el impacto financiero sin dejar de cumplir con sus obligaciones ni comprometer las prestaciones y la seguridad social de sus trabajadores. Si te interesa c\u00f3mo desarrollar mejores pol\u00edticas laborales, ingresa a: <a href=\"https:\/\/www.littler.com\/es\/location-global\/mexico\">https:\/\/www.littler.com\/es\/location-global\/mexico<\/a>.<\/p>\n\n\n\n<figure class=\"wp-block-image size-large\"><img loading=\"lazy\" decoding=\"async\" width=\"1024\" height=\"538\" src=\"https:\/\/revistapotencialhumano.com.mx\/revistadigital\/wp-content\/uploads\/2026\/09\/Littler_3-1024x538.png\" alt=\"\" class=\"wp-image-4107\" srcset=\"https:\/\/revistapotencialhumano.com.mx\/revistadigital\/wp-content\/uploads\/2026\/09\/Littler_3-1024x538.png 1024w, https:\/\/revistapotencialhumano.com.mx\/revistadigital\/wp-content\/uploads\/2026\/09\/Littler_3-300x158.png 300w, https:\/\/revistapotencialhumano.com.mx\/revistadigital\/wp-content\/uploads\/2026\/09\/Littler_3-768x403.png 768w, https:\/\/revistapotencialhumano.com.mx\/revistadigital\/wp-content\/uploads\/2026\/09\/Littler_3.png 1200w\" sizes=\"(max-width: 1024px) 100vw, 1024px\" \/><\/figure>\n\n\n\n<p class=\"wp-block-paragraph\"><strong>Sobre Littler<\/strong><\/p>\n\n\n\n<p class=\"wp-block-paragraph\">Littler es la firma legal m\u00e1s grande del mundo especializada en materia laboral. Fundada hace 80 a\u00f1os en Estados Unidos, comenz\u00f3 con operaciones en M\u00e9xico en 2012, contando al d\u00eda de hoy con oficinas en Ciudad de M\u00e9xico, Monterrey y Saltillo, desde donde asiste a compa\u00f1\u00edas nacionales e internacionales no solo de forma reactiva, represent\u00e1ndolas en litigios, sino tambi\u00e9n preventivamente, otorgando una asesor\u00eda integral, \u00e9tica y con los m\u00e1s altos est\u00e1ndares de calidad en el servicio.<\/p>\n\n\n\n<figure class=\"wp-block-embed\"><div class=\"wp-block-embed__wrapper\">\nhttps:\/\/www.littler.com\/es\/location-global\/mexico\n<\/div><\/figure>\n\n\n\n<p class=\"wp-block-paragraph\">LinkedIn: <a href=\"https:\/\/www.linkedin.com\/company\/littler-mendelson\/\">Littler<\/a><\/p>\n\n\n\n<p class=\"wp-block-paragraph\">Instagram: <a href=\"https:\/\/www.instagram.com\/littler_law?igsh=Z2xuZ2ZzaDVtcDU4\">littler_law<\/a><\/p>\n\n\n\n<p class=\"wp-block-paragraph\">X: <a href=\"https:\/\/x.com\/Littler?t=Nc8YsvWd0IicShah7SRQig&amp;s=09\">@Littler<\/a><\/p>\n\n\n\n<p class=\"wp-block-paragraph\"><strong>Sobre Estefan\u00eda Rueda Garc\u00eda<\/strong><\/p>\n\n\n\n<p class=\"wp-block-paragraph\">Estefan\u00eda Rueda Garc\u00eda cuenta con una Licenciatura en Derecho por la Universidad An\u00e1huac M\u00e9xico Norte y una maestr\u00eda en el <em>LLM Information Technology Law<\/em> (Maestr\u00eda en Derecho Inform\u00e1tico) por la Universidad de Edimburgo, Escocia.&nbsp; Tambi\u00e9n posee una especialidad en privacidad de datos por la Universidad Panamericana y otra de ret\u00f3rica en Harvard. Es autora del libro <em>Derecho Laboral en el Teletrabajo<\/em>. Actualmente, con m\u00e1s de 12 a\u00f1os de experiencia en el campo del derecho laboral, es la socia m\u00e1s joven de la firma de Derecho Laboral m\u00e1s grande del mundo en M\u00e9xico: Littler.&nbsp; Algunas de sus pr\u00e1cticas continuas son: el asesoramiento a empleadores desde el proceso de reclutamiento hasta su terminaci\u00f3n de empleo, la representaci\u00f3n de empresas en quejas por discriminaci\u00f3n, la capacitaci\u00f3n de diversos temas relacionados con el Derecho Laboral, as\u00ed como el correcto tratamiento de datos personales de trabajadores y solicitantes de empleo.<\/p>\n\n\n\n<p class=\"wp-block-paragraph\">Linkedin: <a href=\"https:\/\/www.linkedin.com\/in\/estefan%C3%ADa-rueda?utm_source=share&amp;utm_campaign=share_via&amp;utm_content=profile&amp;utm_medium=android_app\">Estefan\u00eda Rueda<\/a><\/p>\n\n\n\n<p class=\"wp-block-paragraph\">Instagram: <a href=\"https:\/\/www.instagram.com\/estefania__rueda?igsh=ZmhxcGJpZGRxeW5l\">estefania__rueda<\/a><\/p>\n\n\n\n<blockquote class=\"wp-block-quote is-layout-flow wp-block-quote-is-layout-flow\">\n<p class=\"wp-block-paragraph\"><\/p>\n<\/blockquote>\n\n\n\n<figure class=\"wp-block-image size-large\"><img loading=\"lazy\" decoding=\"async\" width=\"747\" height=\"1024\" src=\"https:\/\/revistapotencialhumano.com.mx\/revistadigital\/wp-content\/uploads\/2026\/09\/Littler_4-747x1024.png\" alt=\"\" class=\"wp-image-4108\" srcset=\"https:\/\/revistapotencialhumano.com.mx\/revistadigital\/wp-content\/uploads\/2026\/09\/Littler_4-747x1024.png 747w, https:\/\/revistapotencialhumano.com.mx\/revistadigital\/wp-content\/uploads\/2026\/09\/Littler_4-219x300.png 219w, https:\/\/revistapotencialhumano.com.mx\/revistadigital\/wp-content\/uploads\/2026\/09\/Littler_4-768x1052.png 768w, https:\/\/revistapotencialhumano.com.mx\/revistadigital\/wp-content\/uploads\/2026\/09\/Littler_4.png 1000w\" sizes=\"(max-width: 747px) 100vw, 747px\" \/><\/figure>\n","protected":false},"excerpt":{"rendered":"<p>Cambios recientes como el incremento anual al salario m\u00ednimo as\u00ed como en materia de vacaciones, seguridad social y jornada laboral est\u00e1n llevando a muchas empresas a despedir personal o a migrar hacia la informalidad, con riesgos fiscales tanto para patrones como para trabajadores. Estefania Rueda, socia de Littler, brinda algunas alternativas legales que las empresas [&hellip;]<\/p>\n","protected":false},"author":3,"featured_media":4110,"comment_status":"open","ping_status":"open","sticky":false,"template":"","format":"standard","meta":{"site-sidebar-layout":"default","site-content-layout":"","ast-site-content-layout":"default","site-content-style":"default","site-sidebar-style":"default","ast-global-header-display":"","ast-banner-title-visibility":"","ast-main-header-display":"","ast-hfb-above-header-display":"","ast-hfb-below-header-display":"","ast-hfb-mobile-header-display":"","site-post-title":"","ast-breadcrumbs-content":"","ast-featured-img":"","footer-sml-layout":"","ast-disable-related-posts":"","theme-transparent-header-meta":"","adv-header-id-meta":"","stick-header-meta":"","header-above-stick-meta":"","header-main-stick-meta":"","header-below-stick-meta":"","astra-migrate-meta-layouts":"set","ast-page-background-enabled":"default","ast-page-background-meta":{"desktop":{"background-color":"","background-image":"","background-repeat":"repeat","background-position":"center center","background-size":"auto","background-attachment":"scroll","background-type":"","background-media":"","overlay-type":"","overlay-color":"","overlay-opacity":"","overlay-gradient":""},"tablet":{"background-color":"","background-image":"","background-repeat":"repeat","background-position":"center center","background-size":"auto","background-attachment":"scroll","background-type":"","background-media":"","overlay-type":"","overlay-color":"","overlay-opacity":"","overlay-gradient":""},"mobile":{"background-color":"","background-image":"","background-repeat":"repeat","background-position":"center center","background-size":"auto","background-attachment":"scroll","background-type":"","background-media":"","overlay-type":"","overlay-color":"","overlay-opacity":"","overlay-gradient":""}},"ast-content-background-meta":{"desktop":{"background-color":"var(--ast-global-color-5)","background-image":"","background-repeat":"repeat","background-position":"center center","background-size":"auto","background-attachment":"scroll","background-type":"","background-media":"","overlay-type":"","overlay-color":"","overlay-opacity":"","overlay-gradient":""},"tablet":{"background-color":"var(--ast-global-color-5)","background-image":"","background-repeat":"repeat","background-position":"center center","background-size":"auto","background-attachment":"scroll","background-type":"","background-media":"","overlay-type":"","overlay-color":"","overlay-opacity":"","overlay-gradient":""},"mobile":{"background-color":"var(--ast-global-color-5)","background-image":"","background-repeat":"repeat","background-position":"center center","background-size":"auto","background-attachment":"scroll","background-type":"","background-media":"","overlay-type":"","overlay-color":"","overlay-opacity":"","overlay-gradient":""}},"footnotes":""},"categories":[3],"tags":[],"class_list":["post-4104","post","type-post","status-publish","format-standard","has-post-thumbnail","hentry","category-rh"],"yoast_head":"<!-- This site is optimized with the Yoast SEO plugin v28.3 - https:\/\/yoast.com\/product\/yoast-seo-wordpress\/ -->\n<title>Cuatro alternativas para que los empleadores amortig\u00fcen el alza en los costos laborales - Potencial Humano<\/title>\n<meta name=\"robots\" content=\"index, follow, max-snippet:-1, max-image-preview:large, max-video-preview:-1\" \/>\n<link rel=\"canonical\" href=\"https:\/\/revistapotencialhumano.com.mx\/revistadigital\/cuatro-alternativas-para-que-los-empleadores-amortiguen-el-alza-en-los-costos-laborales\/\" \/>\n<meta property=\"og:locale\" content=\"es_ES\" \/>\n<meta property=\"og:type\" content=\"article\" \/>\n<meta property=\"og:title\" content=\"Cuatro alternativas para que los empleadores amortig\u00fcen el alza en los costos laborales - Potencial Humano\" \/>\n<meta property=\"og:description\" content=\"Cambios recientes como el incremento anual al salario m\u00ednimo as\u00ed como en materia de vacaciones, seguridad social y jornada laboral est\u00e1n llevando a muchas empresas a despedir personal o a migrar hacia la informalidad, con riesgos fiscales tanto para patrones como para trabajadores. Estefania Rueda, socia de Littler, brinda algunas alternativas legales que las empresas [&hellip;]\" \/>\n<meta property=\"og:url\" content=\"https:\/\/revistapotencialhumano.com.mx\/revistadigital\/cuatro-alternativas-para-que-los-empleadores-amortiguen-el-alza-en-los-costos-laborales\/\" \/>\n<meta property=\"og:site_name\" content=\"Potencial Humano\" \/>\n<meta property=\"article:published_time\" content=\"2026-09-02T18:43:05+00:00\" \/>\n<meta property=\"og:image\" content=\"https:\/\/revistapotencialhumano.com.mx\/revistadigital\/wp-content\/uploads\/2026\/09\/Littler_5.png\" \/>\n\t<meta property=\"og:image:width\" content=\"1000\" \/>\n\t<meta property=\"og:image:height\" content=\"1370\" \/>\n\t<meta property=\"og:image:type\" content=\"image\/png\" \/>\n<meta name=\"author\" content=\"Cesar Aldana\" \/>\n<meta name=\"twitter:card\" content=\"summary_large_image\" \/>\n<meta name=\"twitter:label1\" content=\"Written by\" \/>\n\t<meta name=\"twitter:data1\" content=\"Cesar Aldana\" \/>\n\t<meta name=\"twitter:label2\" content=\"Est. reading time\" \/>\n\t<meta name=\"twitter:data2\" content=\"5 minutos\" \/>\n<script type=\"application\/ld+json\" class=\"yoast-schema-graph\">{\"@context\":\"https:\\\/\\\/schema.org\",\"@graph\":[{\"@type\":\"Article\",\"@id\":\"https:\\\/\\\/revistapotencialhumano.com.mx\\\/revistadigital\\\/cuatro-alternativas-para-que-los-empleadores-amortiguen-el-alza-en-los-costos-laborales\\\/#article\",\"isPartOf\":{\"@id\":\"https:\\\/\\\/revistapotencialhumano.com.mx\\\/revistadigital\\\/cuatro-alternativas-para-que-los-empleadores-amortiguen-el-alza-en-los-costos-laborales\\\/\"},\"author\":{\"name\":\"Cesar Aldana\",\"@id\":\"https:\\\/\\\/revistapotencialhumano.com.mx\\\/revistadigital\\\/#\\\/schema\\\/person\\\/c15a4d9b0bcd4a8160bd7018497e2a62\"},\"headline\":\"Cuatro alternativas para que los empleadores amortig\u00fcen el alza en los costos laborales\",\"datePublished\":\"2026-09-02T18:43:05+00:00\",\"mainEntityOfPage\":{\"@id\":\"https:\\\/\\\/revistapotencialhumano.com.mx\\\/revistadigital\\\/cuatro-alternativas-para-que-los-empleadores-amortiguen-el-alza-en-los-costos-laborales\\\/\"},\"wordCount\":886,\"commentCount\":0,\"image\":{\"@id\":\"https:\\\/\\\/revistapotencialhumano.com.mx\\\/revistadigital\\\/cuatro-alternativas-para-que-los-empleadores-amortiguen-el-alza-en-los-costos-laborales\\\/#primaryimage\"},\"thumbnailUrl\":\"https:\\\/\\\/revistapotencialhumano.com.mx\\\/revistadigital\\\/wp-content\\\/uploads\\\/2026\\\/09\\\/Littler_5.png\",\"articleSection\":[\"Recursos Humanos\"],\"inLanguage\":\"es\",\"potentialAction\":[{\"@type\":\"CommentAction\",\"name\":\"Comment\",\"target\":[\"https:\\\/\\\/revistapotencialhumano.com.mx\\\/revistadigital\\\/cuatro-alternativas-para-que-los-empleadores-amortiguen-el-alza-en-los-costos-laborales\\\/#respond\"]}]},{\"@type\":\"WebPage\",\"@id\":\"https:\\\/\\\/revistapotencialhumano.com.mx\\\/revistadigital\\\/cuatro-alternativas-para-que-los-empleadores-amortiguen-el-alza-en-los-costos-laborales\\\/\",\"url\":\"https:\\\/\\\/revistapotencialhumano.com.mx\\\/revistadigital\\\/cuatro-alternativas-para-que-los-empleadores-amortiguen-el-alza-en-los-costos-laborales\\\/\",\"name\":\"Cuatro alternativas para que los empleadores amortig\u00fcen el alza en los costos laborales - Potencial Humano\",\"isPartOf\":{\"@id\":\"https:\\\/\\\/revistapotencialhumano.com.mx\\\/revistadigital\\\/#website\"},\"primaryImageOfPage\":{\"@id\":\"https:\\\/\\\/revistapotencialhumano.com.mx\\\/revistadigital\\\/cuatro-alternativas-para-que-los-empleadores-amortiguen-el-alza-en-los-costos-laborales\\\/#primaryimage\"},\"image\":{\"@id\":\"https:\\\/\\\/revistapotencialhumano.com.mx\\\/revistadigital\\\/cuatro-alternativas-para-que-los-empleadores-amortiguen-el-alza-en-los-costos-laborales\\\/#primaryimage\"},\"thumbnailUrl\":\"https:\\\/\\\/revistapotencialhumano.com.mx\\\/revistadigital\\\/wp-content\\\/uploads\\\/2026\\\/09\\\/Littler_5.png\",\"datePublished\":\"2026-09-02T18:43:05+00:00\",\"author\":{\"@id\":\"https:\\\/\\\/revistapotencialhumano.com.mx\\\/revistadigital\\\/#\\\/schema\\\/person\\\/c15a4d9b0bcd4a8160bd7018497e2a62\"},\"breadcrumb\":{\"@id\":\"https:\\\/\\\/revistapotencialhumano.com.mx\\\/revistadigital\\\/cuatro-alternativas-para-que-los-empleadores-amortiguen-el-alza-en-los-costos-laborales\\\/#breadcrumb\"},\"inLanguage\":\"es\",\"potentialAction\":[{\"@type\":\"ReadAction\",\"target\":[\"https:\\\/\\\/revistapotencialhumano.com.mx\\\/revistadigital\\\/cuatro-alternativas-para-que-los-empleadores-amortiguen-el-alza-en-los-costos-laborales\\\/\"]}]},{\"@type\":\"ImageObject\",\"inLanguage\":\"es\",\"@id\":\"https:\\\/\\\/revistapotencialhumano.com.mx\\\/revistadigital\\\/cuatro-alternativas-para-que-los-empleadores-amortiguen-el-alza-en-los-costos-laborales\\\/#primaryimage\",\"url\":\"https:\\\/\\\/revistapotencialhumano.com.mx\\\/revistadigital\\\/wp-content\\\/uploads\\\/2026\\\/09\\\/Littler_5.png\",\"contentUrl\":\"https:\\\/\\\/revistapotencialhumano.com.mx\\\/revistadigital\\\/wp-content\\\/uploads\\\/2026\\\/09\\\/Littler_5.png\",\"width\":1000,\"height\":1370},{\"@type\":\"BreadcrumbList\",\"@id\":\"https:\\\/\\\/revistapotencialhumano.com.mx\\\/revistadigital\\\/cuatro-alternativas-para-que-los-empleadores-amortiguen-el-alza-en-los-costos-laborales\\\/#breadcrumb\",\"itemListElement\":[{\"@type\":\"ListItem\",\"position\":1,\"name\":\"Home\",\"item\":\"https:\\\/\\\/revistapotencialhumano.com.mx\\\/revistadigital\\\/\"},{\"@type\":\"ListItem\",\"position\":2,\"name\":\"Cuatro alternativas para que los empleadores amortig\u00fcen el alza en los costos laborales\"}]},{\"@type\":\"WebSite\",\"@id\":\"https:\\\/\\\/revistapotencialhumano.com.mx\\\/revistadigital\\\/#website\",\"url\":\"https:\\\/\\\/revistapotencialhumano.com.mx\\\/revistadigital\\\/\",\"name\":\"Revista Potencial Humano\",\"description\":\"Revista digital\",\"potentialAction\":[{\"@type\":\"SearchAction\",\"target\":{\"@type\":\"EntryPoint\",\"urlTemplate\":\"https:\\\/\\\/revistapotencialhumano.com.mx\\\/revistadigital\\\/?s={search_term_string}\"},\"query-input\":{\"@type\":\"PropertyValueSpecification\",\"valueRequired\":true,\"valueName\":\"search_term_string\"}}],\"inLanguage\":\"es\"},{\"@type\":\"Person\",\"@id\":\"https:\\\/\\\/revistapotencialhumano.com.mx\\\/revistadigital\\\/#\\\/schema\\\/person\\\/c15a4d9b0bcd4a8160bd7018497e2a62\",\"name\":\"Cesar Aldana\",\"image\":{\"@type\":\"ImageObject\",\"inLanguage\":\"es\",\"@id\":\"https:\\\/\\\/secure.gravatar.com\\\/avatar\\\/450d0f79afa319363394649e6db54defdeb1e27cdb703b1b90293cd7b11ed3f5?s=96&d=mm&r=g\",\"url\":\"https:\\\/\\\/secure.gravatar.com\\\/avatar\\\/450d0f79afa319363394649e6db54defdeb1e27cdb703b1b90293cd7b11ed3f5?s=96&d=mm&r=g\",\"contentUrl\":\"https:\\\/\\\/secure.gravatar.com\\\/avatar\\\/450d0f79afa319363394649e6db54defdeb1e27cdb703b1b90293cd7b11ed3f5?s=96&d=mm&r=g\",\"caption\":\"Cesar Aldana\"},\"url\":\"https:\\\/\\\/revistapotencialhumano.com.mx\\\/revistadigital\\\/author\\\/cesar\\\/\"}]}<\/script>\n<!-- \/ Yoast SEO plugin. -->","yoast_head_json":{"title":"Cuatro alternativas para que los empleadores amortig\u00fcen el alza en los costos laborales - Potencial Humano","robots":{"index":"index","follow":"follow","max-snippet":"max-snippet:-1","max-image-preview":"max-image-preview:large","max-video-preview":"max-video-preview:-1"},"canonical":"https:\/\/revistapotencialhumano.com.mx\/revistadigital\/cuatro-alternativas-para-que-los-empleadores-amortiguen-el-alza-en-los-costos-laborales\/","og_locale":"es_ES","og_type":"article","og_title":"Cuatro alternativas para que los empleadores amortig\u00fcen el alza en los costos laborales - Potencial Humano","og_description":"Cambios recientes como el incremento anual al salario m\u00ednimo as\u00ed como en materia de vacaciones, seguridad social y jornada laboral est\u00e1n llevando a muchas empresas a despedir personal o a migrar hacia la informalidad, con riesgos fiscales tanto para patrones como para trabajadores. Estefania Rueda, socia de Littler, brinda algunas alternativas legales que las empresas [&hellip;]","og_url":"https:\/\/revistapotencialhumano.com.mx\/revistadigital\/cuatro-alternativas-para-que-los-empleadores-amortiguen-el-alza-en-los-costos-laborales\/","og_site_name":"Potencial Humano","article_published_time":"2026-09-02T18:43:05+00:00","og_image":[{"width":1000,"height":1370,"url":"https:\/\/revistapotencialhumano.com.mx\/revistadigital\/wp-content\/uploads\/2026\/09\/Littler_5.png","type":"image\/png"}],"author":"Cesar Aldana","twitter_card":"summary_large_image","twitter_misc":{"Written by":"Cesar Aldana","Est. reading time":"5 minutos"},"schema":{"@context":"https:\/\/schema.org","@graph":[{"@type":"Article","@id":"https:\/\/revistapotencialhumano.com.mx\/revistadigital\/cuatro-alternativas-para-que-los-empleadores-amortiguen-el-alza-en-los-costos-laborales\/#article","isPartOf":{"@id":"https:\/\/revistapotencialhumano.com.mx\/revistadigital\/cuatro-alternativas-para-que-los-empleadores-amortiguen-el-alza-en-los-costos-laborales\/"},"author":{"name":"Cesar Aldana","@id":"https:\/\/revistapotencialhumano.com.mx\/revistadigital\/#\/schema\/person\/c15a4d9b0bcd4a8160bd7018497e2a62"},"headline":"Cuatro alternativas para que los empleadores amortig\u00fcen el alza en los costos laborales","datePublished":"2026-09-02T18:43:05+00:00","mainEntityOfPage":{"@id":"https:\/\/revistapotencialhumano.com.mx\/revistadigital\/cuatro-alternativas-para-que-los-empleadores-amortiguen-el-alza-en-los-costos-laborales\/"},"wordCount":886,"commentCount":0,"image":{"@id":"https:\/\/revistapotencialhumano.com.mx\/revistadigital\/cuatro-alternativas-para-que-los-empleadores-amortiguen-el-alza-en-los-costos-laborales\/#primaryimage"},"thumbnailUrl":"https:\/\/revistapotencialhumano.com.mx\/revistadigital\/wp-content\/uploads\/2026\/09\/Littler_5.png","articleSection":["Recursos Humanos"],"inLanguage":"es","potentialAction":[{"@type":"CommentAction","name":"Comment","target":["https:\/\/revistapotencialhumano.com.mx\/revistadigital\/cuatro-alternativas-para-que-los-empleadores-amortiguen-el-alza-en-los-costos-laborales\/#respond"]}]},{"@type":"WebPage","@id":"https:\/\/revistapotencialhumano.com.mx\/revistadigital\/cuatro-alternativas-para-que-los-empleadores-amortiguen-el-alza-en-los-costos-laborales\/","url":"https:\/\/revistapotencialhumano.com.mx\/revistadigital\/cuatro-alternativas-para-que-los-empleadores-amortiguen-el-alza-en-los-costos-laborales\/","name":"Cuatro alternativas para que los empleadores amortig\u00fcen el alza en los costos laborales - Potencial Humano","isPartOf":{"@id":"https:\/\/revistapotencialhumano.com.mx\/revistadigital\/#website"},"primaryImageOfPage":{"@id":"https:\/\/revistapotencialhumano.com.mx\/revistadigital\/cuatro-alternativas-para-que-los-empleadores-amortiguen-el-alza-en-los-costos-laborales\/#primaryimage"},"image":{"@id":"https:\/\/revistapotencialhumano.com.mx\/revistadigital\/cuatro-alternativas-para-que-los-empleadores-amortiguen-el-alza-en-los-costos-laborales\/#primaryimage"},"thumbnailUrl":"https:\/\/revistapotencialhumano.com.mx\/revistadigital\/wp-content\/uploads\/2026\/09\/Littler_5.png","datePublished":"2026-09-02T18:43:05+00:00","author":{"@id":"https:\/\/revistapotencialhumano.com.mx\/revistadigital\/#\/schema\/person\/c15a4d9b0bcd4a8160bd7018497e2a62"},"breadcrumb":{"@id":"https:\/\/revistapotencialhumano.com.mx\/revistadigital\/cuatro-alternativas-para-que-los-empleadores-amortiguen-el-alza-en-los-costos-laborales\/#breadcrumb"},"inLanguage":"es","potentialAction":[{"@type":"ReadAction","target":["https:\/\/revistapotencialhumano.com.mx\/revistadigital\/cuatro-alternativas-para-que-los-empleadores-amortiguen-el-alza-en-los-costos-laborales\/"]}]},{"@type":"ImageObject","inLanguage":"es","@id":"https:\/\/revistapotencialhumano.com.mx\/revistadigital\/cuatro-alternativas-para-que-los-empleadores-amortiguen-el-alza-en-los-costos-laborales\/#primaryimage","url":"https:\/\/revistapotencialhumano.com.mx\/revistadigital\/wp-content\/uploads\/2026\/09\/Littler_5.png","contentUrl":"https:\/\/revistapotencialhumano.com.mx\/revistadigital\/wp-content\/uploads\/2026\/09\/Littler_5.png","width":1000,"height":1370},{"@type":"BreadcrumbList","@id":"https:\/\/revistapotencialhumano.com.mx\/revistadigital\/cuatro-alternativas-para-que-los-empleadores-amortiguen-el-alza-en-los-costos-laborales\/#breadcrumb","itemListElement":[{"@type":"ListItem","position":1,"name":"Home","item":"https:\/\/revistapotencialhumano.com.mx\/revistadigital\/"},{"@type":"ListItem","position":2,"name":"Cuatro alternativas para que los empleadores amortig\u00fcen el alza en los costos laborales"}]},{"@type":"WebSite","@id":"https:\/\/revistapotencialhumano.com.mx\/revistadigital\/#website","url":"https:\/\/revistapotencialhumano.com.mx\/revistadigital\/","name":"Revista Potencial Humano","description":"Revista digital","potentialAction":[{"@type":"SearchAction","target":{"@type":"EntryPoint","urlTemplate":"https:\/\/revistapotencialhumano.com.mx\/revistadigital\/?s={search_term_string}"},"query-input":{"@type":"PropertyValueSpecification","valueRequired":true,"valueName":"search_term_string"}}],"inLanguage":"es"},{"@type":"Person","@id":"https:\/\/revistapotencialhumano.com.mx\/revistadigital\/#\/schema\/person\/c15a4d9b0bcd4a8160bd7018497e2a62","name":"Cesar Aldana","image":{"@type":"ImageObject","inLanguage":"es","@id":"https:\/\/secure.gravatar.com\/avatar\/450d0f79afa319363394649e6db54defdeb1e27cdb703b1b90293cd7b11ed3f5?s=96&d=mm&r=g","url":"https:\/\/secure.gravatar.com\/avatar\/450d0f79afa319363394649e6db54defdeb1e27cdb703b1b90293cd7b11ed3f5?s=96&d=mm&r=g","contentUrl":"https:\/\/secure.gravatar.com\/avatar\/450d0f79afa319363394649e6db54defdeb1e27cdb703b1b90293cd7b11ed3f5?s=96&d=mm&r=g","caption":"Cesar Aldana"},"url":"https:\/\/revistapotencialhumano.com.mx\/revistadigital\/author\/cesar\/"}]}},"_links":{"self":[{"href":"https:\/\/revistapotencialhumano.com.mx\/revistadigital\/wp-json\/wp\/v2\/posts\/4104","targetHints":{"allow":["GET"]}}],"collection":[{"href":"https:\/\/revistapotencialhumano.com.mx\/revistadigital\/wp-json\/wp\/v2\/posts"}],"about":[{"href":"https:\/\/revistapotencialhumano.com.mx\/revistadigital\/wp-json\/wp\/v2\/types\/post"}],"author":[{"embeddable":true,"href":"https:\/\/revistapotencialhumano.com.mx\/revistadigital\/wp-json\/wp\/v2\/users\/3"}],"replies":[{"embeddable":true,"href":"https:\/\/revistapotencialhumano.com.mx\/revistadigital\/wp-json\/wp\/v2\/comments?post=4104"}],"version-history":[{"count":1,"href":"https:\/\/revistapotencialhumano.com.mx\/revistadigital\/wp-json\/wp\/v2\/posts\/4104\/revisions"}],"predecessor-version":[{"id":4111,"href":"https:\/\/revistapotencialhumano.com.mx\/revistadigital\/wp-json\/wp\/v2\/posts\/4104\/revisions\/4111"}],"wp:featuredmedia":[{"embeddable":true,"href":"https:\/\/revistapotencialhumano.com.mx\/revistadigital\/wp-json\/wp\/v2\/media\/4110"}],"wp:attachment":[{"href":"https:\/\/revistapotencialhumano.com.mx\/revistadigital\/wp-json\/wp\/v2\/media?parent=4104"}],"wp:term":[{"taxonomy":"category","embeddable":true,"href":"https:\/\/revistapotencialhumano.com.mx\/revistadigital\/wp-json\/wp\/v2\/categories?post=4104"},{"taxonomy":"post_tag","embeddable":true,"href":"https:\/\/revistapotencialhumano.com.mx\/revistadigital\/wp-json\/wp\/v2\/tags?post=4104"}],"curies":[{"name":"wp","href":"https:\/\/api.w.org\/{rel}","templated":true}]}}